{"id":17386,"date":"2019-11-17T22:59:15","date_gmt":"2019-11-18T01:59:15","guid":{"rendered":"http:\/\/www.jornalcontato.com.br\/home\/?p=17386"},"modified":"2019-11-17T23:12:06","modified_gmt":"2019-11-18T02:12:06","slug":"os-carecas-e-a-biblia-mestre-jc-sebe-bom-meihy","status":"publish","type":"post","link":"https:\/\/www.jornalcontato.com.br\/home\/index.php\/os-carecas-e-a-biblia-mestre-jc-sebe-bom-meihy\/","title":{"rendered":"Os carecas e a B\u00edblia (Mestre JC Sebe Bom Meihy)"},"content":{"rendered":"<p>N\u00e3o sei dizer quantas vezes estive na Capela Sistina, em Roma. N\u00e3o sei dizer tamb\u00e9m quantas mais quero voltar. Sou daqueles apaixonados pela Cidade Eterna. A exuber\u00e2ncia hist\u00f3rica dimensionada em monumentos, fontes, pra\u00e7as, edif\u00edcios antigos, exerce um fasc\u00ednio que me faz sentir respeitoso em vista do passado. \u00c9 f\u00e1cil se sentir grandioso em Roma e admirar o engenho humano como continuidade digna da Hist\u00f3ria. Sempre que posso me deixo perder nas ruas romanas, e me largo em caminhos sem rumo, indo ao l\u00e9u no aguardo de surpresas sempre renovadas. Gosto de seguir o instinto e assim entendo melhor o significado comandado pelo hemisf\u00e9rio direito do c\u00e9rebro que, segundo Daniel Pink no livro \u201c<em>A Whole New Mind<\/em>\u201d, contrap\u00f5e a raz\u00e3o linear, planejada, reta, \u00e0s virtudes da arte, empatia, inventividade. N\u00e3o h\u00e1, ali\u00e1s, como deixar o valor dessas andan\u00e7as quase espont\u00e2neas por algumas cidades como Praga, Barcelona, S\u00e3o Petersburgo, Veneza, e principalmente Roma. \u00c9 l\u00f3gico que temos cidades brasileiras que tamb\u00e9m encantam como nosso Rio de Janeiro, Recife, Salvador entre outras.<\/p>\n<p>Dentre tantas maravilhas na capital da It\u00e1lia, o fato de abrigar um outro pa\u00eds inteiro, o Vaticano, torna-a ainda mais peculiar. E no ambiente papal, temos alguns dos tesouros mais valiosos do prod\u00edgio humano, o Museu do Vaticano. Concordo com a maioria dos guias que sa\u00fadam a Capela Sistina dos pontos mais espetaculosos do roteiro de qualquer agenda tur\u00edstica. Tudo naquele trajeto deslumbra, a come\u00e7ar pelos corredores e salas anteriores, contendo o melhor da arte da Alta Renascen\u00e7a Italiana. Chegar \u00e0 Capela Sistina \u00e9 sin\u00f4nimo de epifania. E respira-se, ent\u00e3o, o melhor da Hist\u00f3ria&#8230;<\/p>\n<p>A mando do Papa Sisto IV, (da\u00ed o nome Sistina), entre 1477 e 1480 foi edificado complexo da Capela onde, de 1508 at\u00e9 1512, Michelangelo comandou a produ\u00e7\u00e3o daquele que \u00e9 dos mais importantes afrescos da arte crist\u00e3. Tudo chama aten\u00e7\u00e3o no majestoso painel que cont\u00e9m nove cenas do G\u00eanesis, dentre as quais A Cria\u00e7\u00e3o de Ad\u00e3o que, ali\u00e1s, \u00e9 a mais famosa. Um destaque do afresco \u00e9 mais conhecido que os demais: o encontro das m\u00e3os de Deus e Ad\u00e3o, do Criador e da Criatura. Tudo \u00e9 espetacular, tudo. Tudo, inclusive a imagem do Pai flanando em nuvens e com os cabelos longos soltos ao vento. Pois \u00e9, o Deus Pai \u00e9 cabeludo! Creio que a maldi\u00e7\u00e3o dos carecas tem a ver com essa representa\u00e7\u00e3o testada em in\u00fameras outras obras de arte. O modelo de homem, inclusive na velhice, de cabeleira farta desafia a aceita\u00e7\u00e3o est\u00e9tica dos calvos, pois se afinal o Pai de todos \u00e9 cabeludo&#8230; Imagino que seria quase her\u00e9tico supor o Deus Maior, todo poderoso, sem suas fartas madeixas. Nem pensar&#8230;<\/p>\n<p><a href=\"http:\/\/jornalcontato.com.br\/home\/wp-content\/uploads\/2019\/11\/Papa-Sisto-IV.jpg\"><img loading=\"lazy\" decoding=\"async\" class=\"aligncenter size-large wp-image-17387\" src=\"http:\/\/jornalcontato.com.br\/home\/wp-content\/uploads\/2019\/11\/Papa-Sisto-IV-450x406.jpg\" alt=\"Papa Sisto IV\" width=\"450\" height=\"406\" srcset=\"https:\/\/jornalcontato.com.br\/home\/wp-content\/uploads\/2019\/11\/Papa-Sisto-IV-450x406.jpg 450w, https:\/\/jornalcontato.com.br\/home\/wp-content\/uploads\/2019\/11\/Papa-Sisto-IV-300x271.jpg 300w, https:\/\/jornalcontato.com.br\/home\/wp-content\/uploads\/2019\/11\/Papa-Sisto-IV.jpg 640w\" sizes=\"auto, (max-width: 450px) 100vw, 450px\" \/><\/a><\/p>\n<p style=\"text-align: center;\"><em><strong>Papa Sisto IV, que deu origem \u00e0 capela Sistina<\/strong><\/em><\/p>\n<p>Pois bem, foi com este introito que voltei \u00e0 leitura da B\u00edblia e me deparei com o teorema \u201cDeus X carecas\u201d. E achei algo intrigante na passagem que aborda o incidente entre o profeta Eliseu e 42 jovens que foram mortos por duas ursas raivosas (Reis 2. 23-25). Tudo \u00e9 intrigante no caso, sobretudo porque o Pai castigou sem piedade os mo\u00e7os (cabeludos) que bradaram contra o singular profeta desprovidos de cabelos. Diz a passagem que os incr\u00e9dulos zombavam do assombro contido na revela\u00e7\u00e3o do profeta Elias que teria sido al\u00e7ado aos c\u00e9us num vertiginoso redemoinho. Por sopro divino, Deus teria promovido Elias a outro plano para provar a imortalidade da alma. E os incr\u00e9dulos, os tais mo\u00e7os soberbos e preconceituosos, sabendo que Eliseu era sucessor do abduzido Elias, em prociss\u00e3o, incitavam o careca seguidor a fazer o mesmo, a subir ao c\u00e9u. Aos gritos a turba gritava \u201cSobe, calvo, sobe, calvo!\u201d, desafiando Eliseu tamb\u00e9m a fazer o mesmo que seu modelo. O relato b\u00edblico torna-se intrigante ao ponto de revelar amea\u00e7as vitais do enfurecido grupo, e, assim, o Senhor interveio e fez sair da mata duas ursas famintas que, num rompante violento, matou os 42 jovens.<\/p>\n<p><a href=\"http:\/\/jornalcontato.com.br\/home\/wp-content\/uploads\/2019\/11\/Profeta-Eliseu.jpg\"><img loading=\"lazy\" decoding=\"async\" class=\"aligncenter size-full wp-image-17388\" src=\"http:\/\/jornalcontato.com.br\/home\/wp-content\/uploads\/2019\/11\/Profeta-Eliseu.jpg\" alt=\"Profeta Eliseu\" width=\"291\" height=\"173\" \/><\/a><\/p>\n<p style=\"text-align: center;\"><em><strong>Profeta Eliseu, morto por duas ursas raivosas<\/strong><\/em><\/p>\n<p>Confesso que, sendo careca, achei Deus Pai ainda mais simp\u00e1tico. E fiquei perplexo com a antiguidade das pechas contra n\u00f3s homens pobres de cabelos na cabe\u00e7a. Por ironia, na longa lista de santos protetores de profiss\u00f5es, of\u00edcios, car\u00eancias, doentes ou afetados por problemas diversos, n\u00e3o achei um que se remetesse a n\u00f3s. Encontrei sim um dado curioso, o \u201cdia do careca\u201d. Sabe, tudo se agravou pois o calend\u00e1rio definiu que \u00e9 exatamente no dia anterior ao meu anivers\u00e1rio, 14 de mar\u00e7o&#8230;<\/p>\n<p>O que isto significa? Nada. Apenas me permite evocar castigos divinos se os detratores de meus poucos cabelos me chamarem de \u201ccareca\u201d. Juro que se isto ocorrer vou evocar o Criador e ficar aguardando os dois ursos sa\u00edrem em minha defesa.<\/p>\n","protected":false},"excerpt":{"rendered":"<p>N\u00e3o sei dizer quantas vezes estive na Capela Sistina, em Roma. N\u00e3o sei dizer tamb\u00e9m quantas mais quero voltar. Sou daqueles apaixonados pela Cidade Eterna. &#8230;<\/p>\n","protected":false},"author":1,"featured_media":17395,"comment_status":"open","ping_status":"open","sticky":false,"template":"","format":"standard","meta":{"footnotes":""},"categories":[1],"tags":[],"class_list":["post-17386","post","type-post","status-publish","format-standard","has-post-thumbnail","hentry","category-nacional"],"_links":{"self":[{"href":"https:\/\/www.jornalcontato.com.br\/home\/index.php\/wp-json\/wp\/v2\/posts\/17386","targetHints":{"allow":["GET"]}}],"collection":[{"href":"https:\/\/www.jornalcontato.com.br\/home\/index.php\/wp-json\/wp\/v2\/posts"}],"about":[{"href":"https:\/\/www.jornalcontato.com.br\/home\/index.php\/wp-json\/wp\/v2\/types\/post"}],"author":[{"embeddable":true,"href":"https:\/\/www.jornalcontato.com.br\/home\/index.php\/wp-json\/wp\/v2\/users\/1"}],"replies":[{"embeddable":true,"href":"https:\/\/www.jornalcontato.com.br\/home\/index.php\/wp-json\/wp\/v2\/comments?post=17386"}],"version-history":[{"count":1,"href":"https:\/\/www.jornalcontato.com.br\/home\/index.php\/wp-json\/wp\/v2\/posts\/17386\/revisions"}],"predecessor-version":[{"id":17390,"href":"https:\/\/www.jornalcontato.com.br\/home\/index.php\/wp-json\/wp\/v2\/posts\/17386\/revisions\/17390"}],"wp:featuredmedia":[{"embeddable":true,"href":"https:\/\/www.jornalcontato.com.br\/home\/index.php\/wp-json\/wp\/v2\/media\/17395"}],"wp:attachment":[{"href":"https:\/\/www.jornalcontato.com.br\/home\/index.php\/wp-json\/wp\/v2\/media?parent=17386"}],"wp:term":[{"taxonomy":"category","embeddable":true,"href":"https:\/\/www.jornalcontato.com.br\/home\/index.php\/wp-json\/wp\/v2\/categories?post=17386"},{"taxonomy":"post_tag","embeddable":true,"href":"https:\/\/www.jornalcontato.com.br\/home\/index.php\/wp-json\/wp\/v2\/tags?post=17386"}],"curies":[{"name":"wp","href":"https:\/\/api.w.org\/{rel}","templated":true}]}}