{"id":17382,"date":"2019-11-17T22:18:26","date_gmt":"2019-11-18T01:18:26","guid":{"rendered":"http:\/\/www.jornalcontato.com.br\/home\/?p=17382"},"modified":"2019-11-17T22:18:26","modified_gmt":"2019-11-18T01:18:26","slug":"tungar-desempregado-e-covardia-elio-gaspari","status":"publish","type":"post","link":"https:\/\/www.jornalcontato.com.br\/home\/index.php\/tungar-desempregado-e-covardia-elio-gaspari\/","title":{"rendered":"Tungar desempregado \u00e9 covardia (Elio Gaspari)"},"content":{"rendered":"<p>O doutor Paulo Guedes garantiu a sua presen\u00e7a nos anais da ci\u00eancia econ\u00f4mica: prop\u00f4s a taxa\u00e7\u00e3o dos desempregados para financiar um programa de est\u00edmulo ao emprego. N\u00e3o se conhece iniciativa igual no mundo, nos s\u00e9culos afora.<\/p>\n<p>Pela proposta da <em>ekipekon\u00f4mica<\/em>, os brasileiros que recebem o seguro-desemprego, que vai de R$ 998 a R$ 1.735, pagar\u00e3o de R$ 75 a R$ 130 como contribui\u00e7\u00e3o previdenci\u00e1ria. O sujeito perdeu o emprego, n\u00e3o tem outra renda, pede o benef\u00edcio, que dura at\u00e9 cinco meses, e querem mord\u00ea-lo em 7,5% do que \u00e9 pouco mais que uma esmola.<\/p>\n<p>Se isso fosse pouco, no mesmo pacote a <em>ekipekon\u00f4mika<\/em> desonerou os empregadores que aderirem ao programa do pagamento de sua cota previdenci\u00e1ria de 20%. Tinha raz\u00e3o o poeta Augusto dos Anjos, \u201ca m\u00e3o que afaga \u00e9 a mesma que apedreja\u201d, mas o doutor Paulo Guedes afaga para cima e apedreja para baixo.<\/p>\n<p>Tomar dinheiro dos miser\u00e1veis era coisa comum no tempo da escravid\u00e3o. Em 1734, para combater \u201ca ociosidade dos negros forros e dos vadios em geral\u201d a Coroa cobrava quatro oitavas de ouro a cada b\u00edpede livre que vivia na regi\u00e3o das minas. Em 1835 a Assembleia da Bahia tomava dez mil r\u00e9is de todos os negros libertos nascidos na \u00c1frica. Esse imposto rendia um bom dinheiro, algo como 7,6% do or\u00e7amento da prov\u00edncia. Eram tungas de outra \u00e9poca.<\/p>\n<p><a href=\"http:\/\/jornalcontato.com.br\/home\/wp-content\/uploads\/2019\/11\/Paulo-Guedes-1.jpg\"><img loading=\"lazy\" decoding=\"async\" class=\"aligncenter size-full wp-image-17383\" src=\"http:\/\/jornalcontato.com.br\/home\/wp-content\/uploads\/2019\/11\/Paulo-Guedes-1.jpg\" alt=\"Paulo Guedes\" width=\"318\" height=\"159\" srcset=\"https:\/\/jornalcontato.com.br\/home\/wp-content\/uploads\/2019\/11\/Paulo-Guedes-1.jpg 318w, https:\/\/jornalcontato.com.br\/home\/wp-content\/uploads\/2019\/11\/Paulo-Guedes-1-300x150.jpg 300w\" sizes=\"auto, (max-width: 318px) 100vw, 318px\" \/><\/a><\/p>\n<p style=\"text-align: center;\"><em><strong>Paulo Guedes, ministro da Economia de Bolsonaro<\/strong><\/em><\/p>\n<p>\u00a0 \u00a0 \u00a0 \u00a0 \u00a0 No s\u00e9culo XXI, a <em>ekipekon\u00f4mica<\/em> de Guedes quer arrecadar R$ 11 bilh\u00f5es em cinco anos com argumentos mais refinados e cosmopolitas. Como o programa de est\u00edmulo ao emprego (e \u00e0 propaganda oficial) gera despesa, deve-se indicar uma fonte de receita para custe\u00e1-lo. Sob o c\u00e9u de anil deste grande Brasil, os doutores miraram no bolso dos desempregados que conseguem acesso ao seguro, um benef\u00edcio restrito aos trabalhadores do mercado formal. Em julho, 11,7 milh\u00f5es de pessoas trabalhavam sem carteira assinada.<\/p>\n<p>O argumento dos doutores pode ser uma girafa social, mas parece matematicamente correto. \u00c9 intelectualmente desonesto porque o programa de est\u00edmulo ao emprego dos jovens durar\u00e1 s\u00f3 at\u00e9 2022, enquanto a tunga do seguro dos desempregados ficar\u00e1 para sempre.<\/p>\n<p>H\u00e1 tr\u00eas semanas, neste espa\u00e7o, Eremildo, o Idiota, prop\u00f4s que, junto com a discuss\u00e3o do fim dos incentivos \u00e0 energia solar, se pensasse tamb\u00e9m na cobran\u00e7a de um imposto aos desempregados, pois eles usam os servi\u00e7os p\u00fablicos e n\u00e3o contribuem para a caixa da Vi\u00fava.<\/p>\n<p>Eremildo \u00e9 um cretino assumido e se orgulha disso.<\/p>\n","protected":false},"excerpt":{"rendered":"<p>O doutor Paulo Guedes garantiu a sua presen\u00e7a nos anais da ci\u00eancia econ\u00f4mica: prop\u00f4s a taxa\u00e7\u00e3o dos desempregados para financiar um programa de est\u00edmulo ao &#8230;<\/p>\n","protected":false},"author":1,"featured_media":17384,"comment_status":"open","ping_status":"open","sticky":false,"template":"","format":"standard","meta":{"footnotes":""},"categories":[1],"tags":[],"class_list":["post-17382","post","type-post","status-publish","format-standard","has-post-thumbnail","hentry","category-nacional"],"_links":{"self":[{"href":"https:\/\/www.jornalcontato.com.br\/home\/index.php\/wp-json\/wp\/v2\/posts\/17382","targetHints":{"allow":["GET"]}}],"collection":[{"href":"https:\/\/www.jornalcontato.com.br\/home\/index.php\/wp-json\/wp\/v2\/posts"}],"about":[{"href":"https:\/\/www.jornalcontato.com.br\/home\/index.php\/wp-json\/wp\/v2\/types\/post"}],"author":[{"embeddable":true,"href":"https:\/\/www.jornalcontato.com.br\/home\/index.php\/wp-json\/wp\/v2\/users\/1"}],"replies":[{"embeddable":true,"href":"https:\/\/www.jornalcontato.com.br\/home\/index.php\/wp-json\/wp\/v2\/comments?post=17382"}],"version-history":[{"count":1,"href":"https:\/\/www.jornalcontato.com.br\/home\/index.php\/wp-json\/wp\/v2\/posts\/17382\/revisions"}],"predecessor-version":[{"id":17385,"href":"https:\/\/www.jornalcontato.com.br\/home\/index.php\/wp-json\/wp\/v2\/posts\/17382\/revisions\/17385"}],"wp:featuredmedia":[{"embeddable":true,"href":"https:\/\/www.jornalcontato.com.br\/home\/index.php\/wp-json\/wp\/v2\/media\/17384"}],"wp:attachment":[{"href":"https:\/\/www.jornalcontato.com.br\/home\/index.php\/wp-json\/wp\/v2\/media?parent=17382"}],"wp:term":[{"taxonomy":"category","embeddable":true,"href":"https:\/\/www.jornalcontato.com.br\/home\/index.php\/wp-json\/wp\/v2\/categories?post=17382"},{"taxonomy":"post_tag","embeddable":true,"href":"https:\/\/www.jornalcontato.com.br\/home\/index.php\/wp-json\/wp\/v2\/tags?post=17382"}],"curies":[{"name":"wp","href":"https:\/\/api.w.org\/{rel}","templated":true}]}}