{"id":17377,"date":"2019-11-11T18:30:56","date_gmt":"2019-11-11T21:30:56","guid":{"rendered":"http:\/\/www.jornalcontato.com.br\/home\/?p=17377"},"modified":"2019-11-11T18:30:56","modified_gmt":"2019-11-11T21:30:56","slug":"voce-tem-medo-de-que-artur-xexeo-o-globo","status":"publish","type":"post","link":"https:\/\/www.jornalcontato.com.br\/home\/index.php\/voce-tem-medo-de-que-artur-xexeo-o-globo\/","title":{"rendered":"Voc\u00ea tem medo de qu\u00ea? (Artur Xex\u00e9o, O Globo)"},"content":{"rendered":"<p style=\"text-align: center;\"><strong><em>N\u00e3o sei o que significa o \u201ca\u00ed\u201d do presidente. \u00c9 uma esp\u00e9cie de palavra m\u00e1gica que serve para revelar sua indig\u00eancia vocabular<\/em><\/strong><\/p>\n<p>A gente j\u00e1 se acostumou. Todos os dias, no caminho de casa para o trabalho, ou na volta do trabalho para casa, o presidente da Rep\u00fablica d\u00e1 uma paradinha para conversar com rep\u00f3rteres e expor ao mundo seu mau humor e sua incapacidade de conviver com a Humanidade. Quinta-feira n\u00e3o foi diferente. S\u00f3 que, desta vez, o presidente deu at\u00e9 um sorriso enquanto dizia \u201ca classe art\u00edstica deve ficar feliz, a\u00ed.\u201d<\/p>\n<p>N\u00e3o sei bem se deveria botar a v\u00edrgula antes do \u201ca\u00ed\u201d. Na verdade, n\u00e3o sei o que significa o \u201ca\u00ed\u201d do presidente. \u00c9 uma esp\u00e9cie de palavra m\u00e1gica que serve para revelar sua indig\u00eancia vocabular. No caso, ele estava se referindo \u00e0s \u00faltimas medidas que tomou em rela\u00e7\u00e3o \u00e0 Cultura no pa\u00eds, transferindo a Secretaria Especial de Cultura do Minist\u00e9rio da Cidadania para o Minist\u00e9rio do Turismo e nomeando para o cargo de secret\u00e1rio o Sr. Roberto Alvim, aquele que entrou para a Hist\u00f3ria porque ofendeu Fernanda Montenegro.<\/p>\n<p><a href=\"http:\/\/jornalcontato.com.br\/home\/wp-content\/uploads\/2019\/11\/Roberto-Alvim-1.jpg\"><img loading=\"lazy\" decoding=\"async\" class=\"aligncenter size-full wp-image-17378\" src=\"http:\/\/jornalcontato.com.br\/home\/wp-content\/uploads\/2019\/11\/Roberto-Alvim-1.jpg\" alt=\"Roberto Alvim\" width=\"275\" height=\"183\" \/><\/a><\/p>\n<p style=\"text-align: center;\"><em><strong>Roberto Alvim, promovido por ofender Fernanda Montenegro<\/strong><\/em><\/p>\n<p>Houve quem visse na afirma\u00e7\u00e3o do presidente uma sutil ironia. O sorriso e os decretos no Di\u00e1rio Oficial seriam a vingan\u00e7a contra a classe art\u00edstica que n\u00e3o o apoia \u2014e, por tabela, contra a classe art\u00edstica que o apoia tamb\u00e9m. N\u00e3o vejo assim. N\u00e3o h\u00e1 capacidade intelectual no presidente para exercer a sutileza. Sua ironia foi daquelas que a gente pode chamar tamb\u00e9m de deboche. Mas n\u00e3o deu certo. Na verdade, a classe art\u00edstica est\u00e1 feliz mesmo. Mas n\u00e3o porque ele nomeou algu\u00e9m despreparado para o cargo ou transferiu a secretaria para um minist\u00e9rio inadequado. Isso n\u00e3o foi surpresa. O presidente nunca foi visto lendo um livro (nem do Olavo de Carvalho), vendo um filme ou assistindo a uma pe\u00e7a. O presidente despreza a Cultura, e a classe art\u00edstica n\u00e3o espera nada dele.<\/p>\n<p>A classe art\u00edstica est\u00e1 feliz porque tem pe\u00e7a de Z\u00e9 Celso em cartaz, tem livro novo do Chico Buarque nas livrarias, as mem\u00f3rias de Fernanda s\u00e3o bestseller, \u201cBacurau\u201d j\u00e1 atraiu 700 mil espectadores&#8230; O presidente pode espernear, mas a arte resiste. O Brasil \u00e9 celeiro de grandes artistas como Jo\u00e3o Gilberto e Bibi Ferreira, que morreram durante o governo Bolsonaro, mas n\u00e3o mereceram uma homenagem do presidente. Bolsonaro s\u00f3 n\u00e3o se omitiu quando morreu MC Rea\u00e7a, um parodista que fazia rimas de apoio ao governo sem a menor no\u00e7\u00e3o do que fosse pros\u00f3dia. \u201cSer\u00e1 lembrado pelo dom, pela humildade e por seu amor ao Brasil\u201d, lamentou o presidente. N\u00e3o ser\u00e1, n\u00e3o. Vai ser lembrado como um MC que traiu a esposa, agrediu a amante e se suicidou. No fundo, quando agride os artistas, o presidente demonstra ter medo. Havia uma can\u00e7\u00e3o, cantada pelo MPB 4 no tempo da ditadura militar, que mostra a for\u00e7a da arte. \u00c9 \u201cPesadelo\u201d, de Maur\u00edcio Tapaj\u00f3s e Paulo C\u00e9sar Pinheiro. Um trecho: \u201cVoc\u00ea corta um verso, eu escrevo outro Voc\u00ea me prende vivo, eu escapo morto (&#8230;) Que medo voc\u00ea tem de n\u00f3s\u201d<\/p>\n<p><a href=\"http:\/\/jornalcontato.com.br\/home\/wp-content\/uploads\/2019\/11\/Fernanda-Chico-e-Betania.jpg\"><img loading=\"lazy\" decoding=\"async\" class=\"aligncenter size-large wp-image-17379\" src=\"http:\/\/jornalcontato.com.br\/home\/wp-content\/uploads\/2019\/11\/Fernanda-Chico-e-Betania-450x450.jpg\" alt=\"Fernanda, Chico e Betania\" width=\"450\" height=\"450\" srcset=\"https:\/\/jornalcontato.com.br\/home\/wp-content\/uploads\/2019\/11\/Fernanda-Chico-e-Betania-450x450.jpg 450w, https:\/\/jornalcontato.com.br\/home\/wp-content\/uploads\/2019\/11\/Fernanda-Chico-e-Betania-150x150.jpg 150w, https:\/\/jornalcontato.com.br\/home\/wp-content\/uploads\/2019\/11\/Fernanda-Chico-e-Betania-300x300.jpg 300w, https:\/\/jornalcontato.com.br\/home\/wp-content\/uploads\/2019\/11\/Fernanda-Chico-e-Betania-80x80.jpg 80w, https:\/\/jornalcontato.com.br\/home\/wp-content\/uploads\/2019\/11\/Fernanda-Chico-e-Betania-360x360.jpg 360w, https:\/\/jornalcontato.com.br\/home\/wp-content\/uploads\/2019\/11\/Fernanda-Chico-e-Betania.jpg 480w\" sizes=\"auto, (max-width: 450px) 100vw, 450px\" \/><\/a><\/p>\n<p style=\"text-align: center;\"><em><strong>Artistas como Fernanda Montenegro, Chico Buarque e Bet\u00e2nia s\u00e3o perseguidos por bolsonaristas<\/strong><\/em><\/p>\n<p>Ele acaba com o Minist\u00e9rio da Cultura, d\u00e1 um cargo supostamente importante na \u00e1rea cultural para um artista rancoroso, amea\u00e7a intervir em institui\u00e7\u00f5es como a Funarte, a Ancine, a Biblioteca Nacional, mas os Chicos e as Fernandas continuam a\u00ed. Os Z\u00e9 Celsos e os Bacuraus tamb\u00e9m. Eles fazem arte, presidente. S\u00e3o indestrut\u00edveis.<\/p>\n","protected":false},"excerpt":{"rendered":"<p>N\u00e3o sei o que significa o \u201ca\u00ed\u201d do presidente. \u00c9 uma esp\u00e9cie de palavra m\u00e1gica que serve para revelar sua indig\u00eancia vocabular A gente j\u00e1 &#8230;<\/p>\n","protected":false},"author":1,"featured_media":17380,"comment_status":"open","ping_status":"open","sticky":false,"template":"","format":"standard","meta":{"footnotes":""},"categories":[1],"tags":[],"class_list":["post-17377","post","type-post","status-publish","format-standard","has-post-thumbnail","hentry","category-nacional"],"_links":{"self":[{"href":"https:\/\/www.jornalcontato.com.br\/home\/index.php\/wp-json\/wp\/v2\/posts\/17377","targetHints":{"allow":["GET"]}}],"collection":[{"href":"https:\/\/www.jornalcontato.com.br\/home\/index.php\/wp-json\/wp\/v2\/posts"}],"about":[{"href":"https:\/\/www.jornalcontato.com.br\/home\/index.php\/wp-json\/wp\/v2\/types\/post"}],"author":[{"embeddable":true,"href":"https:\/\/www.jornalcontato.com.br\/home\/index.php\/wp-json\/wp\/v2\/users\/1"}],"replies":[{"embeddable":true,"href":"https:\/\/www.jornalcontato.com.br\/home\/index.php\/wp-json\/wp\/v2\/comments?post=17377"}],"version-history":[{"count":1,"href":"https:\/\/www.jornalcontato.com.br\/home\/index.php\/wp-json\/wp\/v2\/posts\/17377\/revisions"}],"predecessor-version":[{"id":17381,"href":"https:\/\/www.jornalcontato.com.br\/home\/index.php\/wp-json\/wp\/v2\/posts\/17377\/revisions\/17381"}],"wp:featuredmedia":[{"embeddable":true,"href":"https:\/\/www.jornalcontato.com.br\/home\/index.php\/wp-json\/wp\/v2\/media\/17380"}],"wp:attachment":[{"href":"https:\/\/www.jornalcontato.com.br\/home\/index.php\/wp-json\/wp\/v2\/media?parent=17377"}],"wp:term":[{"taxonomy":"category","embeddable":true,"href":"https:\/\/www.jornalcontato.com.br\/home\/index.php\/wp-json\/wp\/v2\/categories?post=17377"},{"taxonomy":"post_tag","embeddable":true,"href":"https:\/\/www.jornalcontato.com.br\/home\/index.php\/wp-json\/wp\/v2\/tags?post=17377"}],"curies":[{"name":"wp","href":"https:\/\/api.w.org\/{rel}","templated":true}]}}