{"id":17314,"date":"2019-10-28T12:14:24","date_gmt":"2019-10-28T15:14:24","guid":{"rendered":"http:\/\/www.jornalcontato.com.br\/home\/?p=17314"},"modified":"2019-10-29T11:46:24","modified_gmt":"2019-10-29T14:46:24","slug":"fernandez-e-bolsonaro-dois-presidentes-improvaveis-obrigados-a-conviver-ricardo-noblat","status":"publish","type":"post","link":"https:\/\/www.jornalcontato.com.br\/home\/index.php\/fernandez-e-bolsonaro-dois-presidentes-improvaveis-obrigados-a-conviver-ricardo-noblat\/","title":{"rendered":"Fern\u00e1ndez e Bolsonaro  obrigados a conviver (Ricardo Noblat)"},"content":{"rendered":"<p style=\"text-align: center;\"><em><strong>Fern\u00e1ndez e Bolsonaros, dois prov\u00e1veis presidente, obrigados a conviver<\/strong><\/em><\/p>\n<p>Aberto Fern\u00e1ndez, 60 anos, professor de Direito, foi vereador em Buenos Aires e nada mais pelo voto em sua vida at\u00e9 se eleger, ontem \u00e0 noite, presidente da Argentina no primeiro turno.<\/p>\n<p>Jair Bolsonaro, 65 anos, ex-capit\u00e3o do Ex\u00e9rcito, foi deputado federal ao longo de 28 anos e nada mais pelo voto at\u00e9 se eleger presidente do Brasil em outubro do ano passado no segundo turno.<\/p>\n<p>Fern\u00e1ndez veio da direita para a esquerda. Alguns acham que ele n\u00e3o chegou a tanto. Com boa vontade, \u00e0 centro esquerda. Bolsonaro sempre foi de extrema-direita e faz quest\u00e3o de nela permanecer.<\/p>\n<p>Nem o mais sonhador dos peronistas teria sido capaz de imaginar h\u00e1 tr\u00eas anos que Fern\u00e1ndez acabaria por encabe\u00e7ar uma chapa com a ex-presidente Cristina Kirchner de vice.<\/p>\n<p><a href=\"http:\/\/jornalcontato.com.br\/home\/wp-content\/uploads\/2019\/10\/Cristina-Macri-e-Fernandez.jpg\"><img loading=\"lazy\" decoding=\"async\" class=\"aligncenter size-large wp-image-17315\" src=\"http:\/\/jornalcontato.com.br\/home\/wp-content\/uploads\/2019\/10\/Cristina-Macri-e-Fernandez-450x300.jpg\" alt=\"Cristina, Macri e Fernandez\" width=\"450\" height=\"300\" srcset=\"https:\/\/jornalcontato.com.br\/home\/wp-content\/uploads\/2019\/10\/Cristina-Macri-e-Fernandez-450x300.jpg 450w, https:\/\/jornalcontato.com.br\/home\/wp-content\/uploads\/2019\/10\/Cristina-Macri-e-Fernandez-300x200.jpg 300w, https:\/\/jornalcontato.com.br\/home\/wp-content\/uploads\/2019\/10\/Cristina-Macri-e-Fernandez-768x512.jpg 768w, https:\/\/jornalcontato.com.br\/home\/wp-content\/uploads\/2019\/10\/Cristina-Macri-e-Fernandez.jpg 1200w\" sizes=\"auto, (max-width: 450px) 100vw, 450px\" \/><\/a><\/p>\n<p style=\"text-align: center;\"><em><strong>Maur\u00edcio Macri entre Cristina\u00a0Kirchner e Alberto Fern\u00e1ndez, o grande vencedor<\/strong><\/em><\/p>\n<p>Ele foi chefe do gabinete dela na Casa Rosada at\u00e9 que os dois se desentenderam. Por quase 10 anos n\u00e3o trocaram uma palavra. E Fern\u00e1ndez tornou-se um dos mais duros cr\u00edticos de Cristina.<\/p>\n<p>Bolsonaro n\u00e3o precisou brigar com ningu\u00e9m, nem reconciliar-se com ningu\u00e9m para ser candidato \u00e0 sucess\u00e3o de Michel Temer. Reuniu os filhos, deu ordem unida e saiu em campanha.<\/p>\n<p>Empenhado em construir uma alternativa para o peronismo sem Cristina, Fern\u00e1ndez convenceu-se ou foi convencido de que o melhor seria compor-se com ela desde que isso fosse poss\u00edvel.<\/p>\n<p>A princ\u00edpio, Cristina n\u00e3o admitia v\u00ea-lo nem que ele reluzisse a ouro. Depois, r\u00e9 em 12 processos por corrup\u00e7\u00e3o, ela finalmente admitiu que sua reelei\u00e7\u00e3o seria dif\u00edcil e concordou em lan\u00e7ar Fern\u00e1ndez.<\/p>\n<p>Se tivesse dependido de Bolsonaro, Maur\u00edcio Macri, que ceder\u00e1 a Casa Rosada a Fern\u00e1ndez, teria sido reeleito. Bolsonaro tentou interferir v\u00e1rias vezes na elei\u00e7\u00e3o argentina. Sem sucesso.<\/p>\n<p>Se dependesse de Fern\u00e1ndez, Lula j\u00e1 estaria livre a essa altura. Ontem, pela manh\u00e3, Fern\u00e1ndez saudou Lula no Twitter. \u00c0 noite, no seu discurso de vit\u00f3ria, gritou \u201cLula livre\u201d e foi aplaudido.<\/p>\n<p><a href=\"http:\/\/jornalcontato.com.br\/home\/wp-content\/uploads\/2019\/10\/Bolsonaro-e-Macri.jpg\"><img loading=\"lazy\" decoding=\"async\" class=\"aligncenter size-full wp-image-17316\" src=\"http:\/\/jornalcontato.com.br\/home\/wp-content\/uploads\/2019\/10\/Bolsonaro-e-Macri.jpg\" alt=\"Bolsonaro e Macri\" width=\"311\" height=\"162\" srcset=\"https:\/\/jornalcontato.com.br\/home\/wp-content\/uploads\/2019\/10\/Bolsonaro-e-Macri.jpg 311w, https:\/\/jornalcontato.com.br\/home\/wp-content\/uploads\/2019\/10\/Bolsonaro-e-Macri-300x156.jpg 300w\" sizes=\"auto, (max-width: 311px) 100vw, 311px\" \/><\/a><\/p>\n<p style=\"text-align: center;\"><em><strong>Bolsonaro, abra\u00e7ado a Macri, tem sido um p\u00e9ssimo cabo eleitoral<\/strong><\/em><\/p>\n<p>Fern\u00e1ndez se elegeu porque Macri falhou na promessa de tirar a Argentina do buraco econ\u00f4mico em que Cristina a deixara. Hoje, a situa\u00e7\u00e3o da Argentina \u00e9 muito pior.<\/p>\n<p>Sem programa de governo, sem ter feito campanha depois da facada que levou, Bolsonaro se elegeu por conta da crise econ\u00f4mica legada por Dilma e dos esc\u00e2ndalos de corrup\u00e7\u00e3o do PT.<\/p>\n<p>Na Argentina, o peronismo est\u00e1 em cartaz desde os anos 40 do s\u00e9culo passado. No Brasil, o bolsonarismo \u00e9 inven\u00e7\u00e3o recente. S\u00f3 se afirmar\u00e1 como um fen\u00f4meno se vencer outra vez em 2022.<\/p>\n<p>O Brasil e a Argentina s\u00e3o hist\u00f3ricos parceiros. Juntos representam 63% da \u00e1rea total da Am\u00e9rica do Sul, 60% da sua popula\u00e7\u00e3o e 61% do seu Produto Interno Bruto.<\/p>\n<p>No com\u00e9rcio, a Argentina \u00e9 o terceiro maior parceiro do Brasil. S\u00f3 perde para a China e os Estados Unidos. E o Brasil \u00e9 o maior parceiro comercial da Argentina.<\/p>\n<p>O peso econ\u00f4mico que cada um representa para o outro dever\u00e1 se sobrepor \u00e0s diferen\u00e7as pol\u00edticas entre os dois presidentes improv\u00e1veis que ser\u00e3o obrigados a conviver em breve.<\/p>\n<p>Bolsonaro estendeu as m\u00e3os para os \u00e1rabes depois de ter dito que sua afinidade era com Israel. E foi \u00e0 Pequim negociar com os comunistas apesar de repetir que o comunismo amea\u00e7a o mundo.<\/p>\n<p>Em meados de 2017, o grupo terrorista Estado Isl\u00e2mico j\u00e1 havia destru\u00eddo 12 s\u00edtios arqueol\u00f3gicos no Iraque, assim como uma mesquita de mais de 800 anos na cidade de Mossul.<\/p>\n<p>Mas sempre que encontrava arcas carregadas de d\u00f3lares nesses e em outros lugares, o grupo as preservava intactas. Nem terrorista \u00e9 louco para rasgar dinheiro.<\/p>\n","protected":false},"excerpt":{"rendered":"<p>Fern\u00e1ndez e Bolsonaros, dois prov\u00e1veis presidente, obrigados a conviver Aberto Fern\u00e1ndez, 60 anos, professor de Direito, foi vereador em Buenos Aires e nada mais pelo &#8230;<\/p>\n","protected":false},"author":1,"featured_media":17317,"comment_status":"open","ping_status":"open","sticky":false,"template":"","format":"standard","meta":{"footnotes":""},"categories":[1],"tags":[],"class_list":["post-17314","post","type-post","status-publish","format-standard","has-post-thumbnail","hentry","category-nacional"],"_links":{"self":[{"href":"https:\/\/www.jornalcontato.com.br\/home\/index.php\/wp-json\/wp\/v2\/posts\/17314","targetHints":{"allow":["GET"]}}],"collection":[{"href":"https:\/\/www.jornalcontato.com.br\/home\/index.php\/wp-json\/wp\/v2\/posts"}],"about":[{"href":"https:\/\/www.jornalcontato.com.br\/home\/index.php\/wp-json\/wp\/v2\/types\/post"}],"author":[{"embeddable":true,"href":"https:\/\/www.jornalcontato.com.br\/home\/index.php\/wp-json\/wp\/v2\/users\/1"}],"replies":[{"embeddable":true,"href":"https:\/\/www.jornalcontato.com.br\/home\/index.php\/wp-json\/wp\/v2\/comments?post=17314"}],"version-history":[{"count":4,"href":"https:\/\/www.jornalcontato.com.br\/home\/index.php\/wp-json\/wp\/v2\/posts\/17314\/revisions"}],"predecessor-version":[{"id":17321,"href":"https:\/\/www.jornalcontato.com.br\/home\/index.php\/wp-json\/wp\/v2\/posts\/17314\/revisions\/17321"}],"wp:featuredmedia":[{"embeddable":true,"href":"https:\/\/www.jornalcontato.com.br\/home\/index.php\/wp-json\/wp\/v2\/media\/17317"}],"wp:attachment":[{"href":"https:\/\/www.jornalcontato.com.br\/home\/index.php\/wp-json\/wp\/v2\/media?parent=17314"}],"wp:term":[{"taxonomy":"category","embeddable":true,"href":"https:\/\/www.jornalcontato.com.br\/home\/index.php\/wp-json\/wp\/v2\/categories?post=17314"},{"taxonomy":"post_tag","embeddable":true,"href":"https:\/\/www.jornalcontato.com.br\/home\/index.php\/wp-json\/wp\/v2\/tags?post=17314"}],"curies":[{"name":"wp","href":"https:\/\/api.w.org\/{rel}","templated":true}]}}