{"id":17213,"date":"2019-09-21T15:22:52","date_gmt":"2019-09-21T18:22:52","guid":{"rendered":"http:\/\/www.jornalcontato.com.br\/home\/?p=17213"},"modified":"2019-09-21T15:22:52","modified_gmt":"2019-09-21T18:22:52","slug":"nosso-discurso-na-onu-marcos-azambuja-diplomata-foi-secretario-geral-do-itamaraty","status":"publish","type":"post","link":"https:\/\/www.jornalcontato.com.br\/home\/index.php\/nosso-discurso-na-onu-marcos-azambuja-diplomata-foi-secretario-geral-do-itamaraty\/","title":{"rendered":"Nosso discurso na ONU (Marcos Azambuja, diplomata, foi secret\u00e1rio geral do Itamaraty)"},"content":{"rendered":"<p>A Assembleia Geral das Na\u00e7\u00f5es Unidas se re\u00fane a cada setembro, em Nova York, h\u00e1 mais de 70 anos, e nessa grande festa m\u00f3vel da diplomacia mundial o Brasil \u00e9 sempre o primeiro orador. Depois de n\u00f3s, falam os Estados Unidos e, naturalmente, a voz da pot\u00eancia hegem\u00f4nica durante todo esse longo per\u00edodo carrega mais peso e influ\u00eancia do que a nossa.<\/p>\n<p>Fomos escolhidos l\u00e1 atr\u00e1s para esse papel prestigioso porque t\u00ednhamos sido membros fundadores da Organiza\u00e7\u00e3o, porque a Am\u00e9rica Latina era ent\u00e3o o maior grupo regional e n\u00f3s o maior pa\u00eds da regi\u00e3o, porque hav\u00edamos sido combatentes vitoriosos na Segunda Guerra Mundial e porque nosso ent\u00e3o representante era Oswaldo Aranha, ao mesmo tempo, um estadista e um <em>caballero de fina estampa<\/em>. Quem fala na abertura sabe que sua audi\u00eancia \u00e9 literalmente global. \u00c9 escutado hoje pelos representantes dos atuais 193 pa\u00edses-membros e pelos dirigentes dos principais organismos internacionais. Os grandes meios de informa\u00e7\u00e3o est\u00e3o presentes e atentos. \u00c0s vezes, ao longo dos anos temos cometido erros de julgamento e avalia\u00e7\u00e3o sobre como v\u00edamos o mundo daquele momento e n\u00e3o seriam poucos os par\u00e1grafos de discursos nossos anteriores que seria hoje caridoso procurar esquecer.<\/p>\n<p>N\u00e3o h\u00e1 nada escrito que nos assegure que esse privil\u00e9gio deva perdurar. A cada ano o Brasil, pela modera\u00e7\u00e3o de suas posi\u00e7\u00f5es, sobriedade de seu comportamento e fidelidade aos princ\u00edpios e procedimentos inscritos na Carta de S\u00e3o Francisco, readquire o direito de continuar a ser o pa\u00eds que d\u00e1 o tom aos debates e que expressa, em primeiro lugar, esperan\u00e7as e preocupa\u00e7\u00f5es que costumam ser depois amplamente compartilhadas.<\/p>\n<p><a href=\"http:\/\/jornalcontato.com.br\/home\/wp-content\/uploads\/2019\/09\/Marcos-Azambuja.jpg\"><img loading=\"lazy\" decoding=\"async\" class=\"aligncenter size-full wp-image-17214\" src=\"http:\/\/jornalcontato.com.br\/home\/wp-content\/uploads\/2019\/09\/Marcos-Azambuja.jpg\" alt=\"Marcos Azambuja\" width=\"300\" height=\"168\" srcset=\"https:\/\/jornalcontato.com.br\/home\/wp-content\/uploads\/2019\/09\/Marcos-Azambuja.jpg 300w, https:\/\/jornalcontato.com.br\/home\/wp-content\/uploads\/2019\/09\/Marcos-Azambuja-265x147.jpg 265w\" sizes=\"auto, (max-width: 300px) 100vw, 300px\" \/><\/a><\/p>\n<p style=\"text-align: center;\"><em><strong>&#8220;Brasil deixou a neutralidade e passou a fazer o jogo de Israel&#8221;, diz embaixador<\/strong><\/em><\/p>\n<p>Era bom que continuasse a ser assim. Temos ofendido, contudo, em datas recentes, gregos e troianos e praticado uma diplomacia a um s\u00f3 tempo ing\u00eanua e temer\u00e1ria. Vamos ser ouvidos agora com uma n\u00e3o pequena dose de desconfian\u00e7a por algumas grandes pot\u00eancias e por v\u00e1rios pa\u00edses isl\u00e2micos. Pelos governos de pa\u00edses de orienta\u00e7\u00e3o esquerdista ou populista em todos os seus matizes; por mulheres que passaram o frescor da mocidade; pelas ONGs que atuam na prote\u00e7\u00e3o dos direitos humanos e do meio ambiente e por todos aqueles que defendem ou integram alguma minoria sexual. \u00c9 muita gente junta.<\/p>\n<p>Todas as ofensas recentes n\u00e3o nos renderam nada, e o custo n\u00e3o tem sido pequeno. O mundo, conv\u00e9m lembrar, tem uma certa ideia do Brasil que n\u00e3o \u00e9, em seu conjunto, uma ideia desfavor\u00e1vel. Existe hoje alguma perplexidade sobre o pa\u00eds em que o Brasil parece ter se transformado. A nossa toler\u00e2ncia quase an\u00e1rquica agora aparece vestida de zelo religioso. A aceita\u00e7\u00e3o risonha da diversidade substitu\u00edda pela imposi\u00e7\u00e3o de normas r\u00edgidas e arbitr\u00e1rias. O sentido do humor abandonado por um estreito sectarismo. O mundo anda com saudades do Brasil.<\/p>\n<p>Vamos ver como os nossos atuais cozinheiros preparam o discurso do dia 24. Ajudei a escrever v\u00e1rios deles em anos passados. Costumavam ser obra de diversas m\u00e3os e tend\u00eancias. A reda\u00e7\u00e3o podia ficar menos elegante, mas havia no fim um claro ganho em sabedoria. Pelos motivos errados vamos ser ouvidos agora com mais aten\u00e7\u00e3o do que costuma acontecer e n\u00e3o excluo que tenhamos uma audi\u00eancia menos numerosa e seguramente menos receptiva do que em oportunidades anteriores.<\/p>\n<p style=\"text-align: left;\">N\u00e3o tenho conselhos a dar a quem agora prepara nossa fala. Apenas gostaria de lembrar a sempre atual e oportuna advert\u00eancia feita algum dia a dois porcos-espinhos inexperientes sobre como fazer o amor: que tivessem muito cuidado.<\/p>\n<p style=\"text-align: right;\"><em><strong>Marcos Azambuja, diplomata, foi secret\u00e1rio-geral do Itamaraty<\/strong><\/em><\/p>\n","protected":false},"excerpt":{"rendered":"<p>A Assembleia Geral das Na\u00e7\u00f5es Unidas se re\u00fane a cada setembro, em Nova York, h\u00e1 mais de 70 anos, e nessa grande festa m\u00f3vel da &#8230;<\/p>\n","protected":false},"author":1,"featured_media":17182,"comment_status":"open","ping_status":"open","sticky":false,"template":"","format":"standard","meta":{"footnotes":""},"categories":[1],"tags":[],"class_list":["post-17213","post","type-post","status-publish","format-standard","has-post-thumbnail","hentry","category-nacional"],"_links":{"self":[{"href":"https:\/\/www.jornalcontato.com.br\/home\/index.php\/wp-json\/wp\/v2\/posts\/17213","targetHints":{"allow":["GET"]}}],"collection":[{"href":"https:\/\/www.jornalcontato.com.br\/home\/index.php\/wp-json\/wp\/v2\/posts"}],"about":[{"href":"https:\/\/www.jornalcontato.com.br\/home\/index.php\/wp-json\/wp\/v2\/types\/post"}],"author":[{"embeddable":true,"href":"https:\/\/www.jornalcontato.com.br\/home\/index.php\/wp-json\/wp\/v2\/users\/1"}],"replies":[{"embeddable":true,"href":"https:\/\/www.jornalcontato.com.br\/home\/index.php\/wp-json\/wp\/v2\/comments?post=17213"}],"version-history":[{"count":1,"href":"https:\/\/www.jornalcontato.com.br\/home\/index.php\/wp-json\/wp\/v2\/posts\/17213\/revisions"}],"predecessor-version":[{"id":17215,"href":"https:\/\/www.jornalcontato.com.br\/home\/index.php\/wp-json\/wp\/v2\/posts\/17213\/revisions\/17215"}],"wp:featuredmedia":[{"embeddable":true,"href":"https:\/\/www.jornalcontato.com.br\/home\/index.php\/wp-json\/wp\/v2\/media\/17182"}],"wp:attachment":[{"href":"https:\/\/www.jornalcontato.com.br\/home\/index.php\/wp-json\/wp\/v2\/media?parent=17213"}],"wp:term":[{"taxonomy":"category","embeddable":true,"href":"https:\/\/www.jornalcontato.com.br\/home\/index.php\/wp-json\/wp\/v2\/categories?post=17213"},{"taxonomy":"post_tag","embeddable":true,"href":"https:\/\/www.jornalcontato.com.br\/home\/index.php\/wp-json\/wp\/v2\/tags?post=17213"}],"curies":[{"name":"wp","href":"https:\/\/api.w.org\/{rel}","templated":true}]}}