{"id":17024,"date":"2019-07-26T11:10:53","date_gmt":"2019-07-26T14:10:53","guid":{"rendered":"http:\/\/www.jornalcontato.com.br\/home\/?p=17024"},"modified":"2019-07-26T11:11:30","modified_gmt":"2019-07-26T14:11:30","slug":"bolsonaro-tem-medo-de-mulher-antonia-pellegrino","status":"publish","type":"post","link":"https:\/\/www.jornalcontato.com.br\/home\/index.php\/bolsonaro-tem-medo-de-mulher-antonia-pellegrino\/","title":{"rendered":"Bolsonaro tem medo de mulher (Antonia Pellegrino)"},"content":{"rendered":"<p style=\"text-align: center;\"><strong><em>Surfistinha \u00e9 o p\u00e2nico de homens como o presidente<\/em><\/strong><\/p>\n<p>Na \u00faltima quinta (18), Jair Bolsonaro disse que quer mexer na Ancine, porque n\u00e3o pode admitir que fa\u00e7am filmes como \u201cBruna Surfistinha\u201d (sic).<\/p>\n<p>Eu fiz o roteiro de \u201cBruna Surfistinha\u201d e fui premiada pela Academia Brasileira de Cinema por este trabalho, que atraiu 2,2 milh\u00f5es de espectadores, gerando uma renda de R$ 20 milh\u00f5es, al\u00e9m de outros R$ 10 milh\u00f5es em impostos, diretos e indiretos.<\/p>\n<p>Sem glamorizar nem estigmatizar a prostitui\u00e7\u00e3o, trata-se de um dos grandes \u201ccases de sucesso\u201d art\u00edstico e comercial de nossa ind\u00fastria.<\/p>\n<p>Para o deputado Bolsonaro, n\u00e3o havia problema em usar o dinheiro do aux\u00edlio-moradia para \u201ccomer gente\u201d. J\u00e1 para o presidente Bolsonaro, o problema do pa\u00eds n\u00e3o s\u00e3o os 13 milh\u00f5es de desempregados nem os supostos laranjas pr\u00f3ximos de sua fam\u00edlia; s\u00e3o mulheres que fazem sexo serem representadas no cinema.<\/p>\n<p>A hist\u00f3ria de Bruna Surfistinha \u00e9 o p\u00e2nico de homens como Bolsonaro. N\u00e3o por ser a hist\u00f3ria de uma garota de programa, mas porque \u00e9 a narrativa da libera\u00e7\u00e3o de um corpo feminino.<\/p>\n<p>Bruna Surfistinha se tornou a garota de programa mais desejada de S\u00e3o Paulo no in\u00edcio dos anos 2000. Qual a m\u00e1gica? Dar nota aos clientes em seu blog.<a href=\"http:\/\/jornalcontato.com.br\/home\/wp-content\/uploads\/2019\/07\/Deborah-Secco.jpg\"><br \/>\n<\/a><\/p>\n<p><a href=\"http:\/\/jornalcontato.com.br\/home\/wp-content\/uploads\/2019\/07\/Bolsonaro-e-Bruna.jpg\"><img loading=\"lazy\" decoding=\"async\" class=\"aligncenter size-full wp-image-17026\" src=\"http:\/\/jornalcontato.com.br\/home\/wp-content\/uploads\/2019\/07\/Bolsonaro-e-Bruna.jpg\" alt=\"Bolsonaro e Bruna\" width=\"300\" height=\"168\" srcset=\"https:\/\/jornalcontato.com.br\/home\/wp-content\/uploads\/2019\/07\/Bolsonaro-e-Bruna.jpg 300w, https:\/\/jornalcontato.com.br\/home\/wp-content\/uploads\/2019\/07\/Bolsonaro-e-Bruna-265x147.jpg 265w\" sizes=\"auto, (max-width: 300px) 100vw, 300px\" \/><\/a><\/p>\n<p style=\"text-align: center;\"><em><strong>Bruna Surfistinha bombou e incomodou o ent\u00e3o capit\u00e3o at\u00e9 hoje<\/strong><\/em><\/p>\n<p>Nessa opera\u00e7\u00e3o, a um s\u00f3 tempo, ela sai da condi\u00e7\u00e3o de corpo-objeto que deve servir aos homens para a de objetificar os pr\u00f3prios homens. \u00c9 uma profunda ruptura na l\u00f3gica do patriarcado. E \u00e9 precisamente isso que Bolsonaro chamou de ativismo.<\/p>\n<p>Desde o in\u00edcio do movimento das mulheres, as ativistas e te\u00f3ricas feministas viram no corpo feminino uma chave para compreender as ra\u00edzes do dom\u00ednio masculino patriarcal e da constru\u00e7\u00e3o da identidade social feminina como sendo de segunda classe.<\/p>\n<p>No livro \u201cCalib\u00e3 e a Bruxa\u201d, a historiadora Silvia Federici \u201cmostra que, na sociedade capitalista, o corpo \u00e9 para as mulheres o que a f\u00e1brica \u00e9 para os homens trabalhadores assalariados: o principal terreno de sua explora\u00e7\u00e3o e resist\u00eancia\u201d.<\/p>\n<p>A resist\u00eancia privada de Bruna Surfistinha, ao ganhar a tela do cinema, torna-se um exemplo de empoderamento, capaz de inspirar outras mulheres.<\/p>\n<p>Bolsonaro n\u00e3o \u00e9 o \u00fanico a temer a libera\u00e7\u00e3o feminina. Um dos eixos da crise da democracia liberal \u00e9 exatamente este. O avan\u00e7o da ultradireita mundial tamb\u00e9m \u00e9 uma rea\u00e7\u00e3o \u00e0 nossa emancipa\u00e7\u00e3o galopante, fruto da quarta onda feminista que arrebatou cora\u00e7\u00f5es e mentes.<\/p>\n<p>Para homens como Bolsonaro, \u00e9 preciso sufocar essa onda, acabar com este tipo de filme \u201cativista\u201d para destruir este tipo de mulher \u201cperigosa\u201d. E, para esse objetivo, a viol\u00eancia n\u00e3o tem limites.<\/p>\n<p>O uso de armas de fogo no assassinato de mulheres dentro de resid\u00eancias em que havia posse de armas subiu 29,8%, nos \u00faltimos dez anos, segundo o Atlas da Viol\u00eancia 2019. Qual a pol\u00edtica p\u00fablica bolsonarista para combater essa trag\u00e9dia? Facilitar o porte de armas. Sete em cada dez (70%) brasileiros adultos rejeitam esse projeto do presidente Jair Bolsonaro \u2014entre as mulheres o \u00edndice sobe para 78%, segundo o Datafolha.<\/p>\n<p>A alt\u00edssima rejei\u00e7\u00e3o n\u00e3o impacta, o presidente toca reto. Fanatismo acima de tudo, lucro da ind\u00fastria de armas acima de todos.<\/p>\n<p>A grande amea\u00e7a que a liberdade das mulheres oferece aos fan\u00e1ticos \u00e9 a igualdade. A mulher liberada n\u00e3o \u00e9 antifam\u00edlia. Muitas vezes, ela \u00e9 m\u00e3e e chefe de fam\u00edlia. S\u00f3 n\u00e3o aceita ser tratada como menor, como objeto.<\/p>\n<p>O que o presidente ignora \u00e9 isto: no novo normal, s\u00f3 tem lugar para dois tipos de homem, em desconstru\u00e7\u00e3o ou em decomposi\u00e7\u00e3o. Bolsonaro n\u00e3o vai durar muito.<\/p>\n<p><strong><em>Antonia Pellegrino <\/em><\/strong><\/p>\n<p><strong><em>Roteirista, ativista dos direitos das mulheres e coautora do blog #Agora\u00c9QueS\u00e3oElas<\/em><\/strong><\/p>\n","protected":false},"excerpt":{"rendered":"<p>Surfistinha \u00e9 o p\u00e2nico de homens como o presidente Na \u00faltima quinta (18), Jair Bolsonaro disse que quer mexer na Ancine, porque n\u00e3o pode admitir &#8230;<\/p>\n","protected":false},"author":1,"featured_media":17025,"comment_status":"open","ping_status":"open","sticky":false,"template":"","format":"standard","meta":{"footnotes":""},"categories":[1],"tags":[],"class_list":["post-17024","post","type-post","status-publish","format-standard","has-post-thumbnail","hentry","category-nacional"],"_links":{"self":[{"href":"https:\/\/www.jornalcontato.com.br\/home\/index.php\/wp-json\/wp\/v2\/posts\/17024","targetHints":{"allow":["GET"]}}],"collection":[{"href":"https:\/\/www.jornalcontato.com.br\/home\/index.php\/wp-json\/wp\/v2\/posts"}],"about":[{"href":"https:\/\/www.jornalcontato.com.br\/home\/index.php\/wp-json\/wp\/v2\/types\/post"}],"author":[{"embeddable":true,"href":"https:\/\/www.jornalcontato.com.br\/home\/index.php\/wp-json\/wp\/v2\/users\/1"}],"replies":[{"embeddable":true,"href":"https:\/\/www.jornalcontato.com.br\/home\/index.php\/wp-json\/wp\/v2\/comments?post=17024"}],"version-history":[{"count":2,"href":"https:\/\/www.jornalcontato.com.br\/home\/index.php\/wp-json\/wp\/v2\/posts\/17024\/revisions"}],"predecessor-version":[{"id":17028,"href":"https:\/\/www.jornalcontato.com.br\/home\/index.php\/wp-json\/wp\/v2\/posts\/17024\/revisions\/17028"}],"wp:featuredmedia":[{"embeddable":true,"href":"https:\/\/www.jornalcontato.com.br\/home\/index.php\/wp-json\/wp\/v2\/media\/17025"}],"wp:attachment":[{"href":"https:\/\/www.jornalcontato.com.br\/home\/index.php\/wp-json\/wp\/v2\/media?parent=17024"}],"wp:term":[{"taxonomy":"category","embeddable":true,"href":"https:\/\/www.jornalcontato.com.br\/home\/index.php\/wp-json\/wp\/v2\/categories?post=17024"},{"taxonomy":"post_tag","embeddable":true,"href":"https:\/\/www.jornalcontato.com.br\/home\/index.php\/wp-json\/wp\/v2\/tags?post=17024"}],"curies":[{"name":"wp","href":"https:\/\/api.w.org\/{rel}","templated":true}]}}