{"id":16971,"date":"2019-07-09T20:04:57","date_gmt":"2019-07-09T23:04:57","guid":{"rendered":"http:\/\/www.jornalcontato.com.br\/home\/?p=16971"},"modified":"2019-07-09T20:04:57","modified_gmt":"2019-07-09T23:04:57","slug":"quando-o-block-e-censura-cora-ronai","status":"publish","type":"post","link":"https:\/\/www.jornalcontato.com.br\/home\/index.php\/quando-o-block-e-censura-cora-ronai\/","title":{"rendered":"Quando o &#8220;block&#8221; \u00e9 censura (Cora R\u00f3nai)"},"content":{"rendered":"<p style=\"text-align: center;\"><strong><em>Todo cidad\u00e3o tem o direito de se manifestar em rela\u00e7\u00e3o ao trabalho do governo, que n\u00e3o s\u00f3 \u00e9 pago com o seu dinheiro, como afeta diretamente sua vida <\/em><\/strong><\/p>\n<p>A colunista Mariliz Pereira Jorge, da Folha de S.Paulo, foi bloqueada no Twitter por Abraham Weintraub, o ministro da Educa\u00e7\u00e3o, e por Marcelo Bretas, juiz da Lava-Jato. Fez observa\u00e7\u00f5es em rela\u00e7\u00e3o a tu\u00edtes deles de que eles n\u00e3o gostaram. Mariliz levou o assunto \u00e0 sua coluna em v\u00eddeo do canal MyNews, eu compartilhei essa coluna \u2014 e, a partir da\u00ed, ca\u00edmos numa discuss\u00e3o sem fim na internet a respeito do uso de blocks por pessoas p\u00fablicas.<\/p>\n<p>A elei\u00e7\u00e3o de Donald Trump deslocou de vez o espa\u00e7o da discuss\u00e3o pol\u00edtica para as redes sociais. Ele n\u00e3o foi o primeiro pol\u00edtico a manter contato com o eleitorado atrav\u00e9s do Twitter \u2014 Barack Obama j\u00e1 fazia uso intenso da plataforma durante a sua primeira elei\u00e7\u00e3o, em 2008 \u2014 mas foi o primeiro presidente a usar uma rede social como ferramenta de governo, e o seu estilo tosco fez escola.<\/p>\n<p>Essa liga\u00e7\u00e3o direta com o p\u00fablico, sem passar pelos canais tradicionais de divulga\u00e7\u00e3o, levanta, por\u00e9m, uma quest\u00e3o importante: onde ficam as fronteiras entre p\u00fablico e privado? Mais: essas fronteiras podem sequer existir quando o que est\u00e1 em pauta \u00e9 o debate pol\u00edtico, que diz respeito a todos os cidad\u00e3os? Contas pessoais de pol\u00edticos muitas vezes s\u00e3o mais importantes para compreender o que est\u00e1 acontecendo do que as contas oficiais do governo.<\/p>\n<div id=\"attachment_16972\" style=\"width: 450px\" class=\"wp-caption aligncenter\"><a href=\"http:\/\/jornalcontato.com.br\/home\/wp-content\/uploads\/2019\/07\/Trump.jpg\"><img loading=\"lazy\" decoding=\"async\" aria-describedby=\"caption-attachment-16972\" class=\"size-large wp-image-16972\" src=\"http:\/\/jornalcontato.com.br\/home\/wp-content\/uploads\/2019\/07\/Trump-450x300.jpg\" alt=\"U.S. President Donald Trump looks on during a meeting with Brazilian President Jair Bolsonaro in Oval Office of the White House in Washington, U.S., March 19, 2019. REUTERS\/Kevin Lamarque\" width=\"450\" height=\"300\" srcset=\"https:\/\/jornalcontato.com.br\/home\/wp-content\/uploads\/2019\/07\/Trump-450x300.jpg 450w, https:\/\/jornalcontato.com.br\/home\/wp-content\/uploads\/2019\/07\/Trump-300x200.jpg 300w, https:\/\/jornalcontato.com.br\/home\/wp-content\/uploads\/2019\/07\/Trump-768x512.jpg 768w, https:\/\/jornalcontato.com.br\/home\/wp-content\/uploads\/2019\/07\/Trump.jpg 1500w\" sizes=\"auto, (max-width: 450px) 100vw, 450px\" \/><\/a><p id=\"caption-attachment-16972\" class=\"wp-caption-text\"><em><strong>A<\/strong><strong> Justi\u00e7a norte-americana proibiu Donald Trump de bloquear\u00a0<\/strong><\/em><\/p><\/div>\n<p>Nos Estados Unidos, essa quest\u00e3o j\u00e1 passou em julgado. Donald Trump foi proibido por um juiz de bloquear qualquer cidad\u00e3o no Twitter, e a mesma coisa tem acontecido, rotineiramente, com outros pol\u00edticos pouco afeitos ao di\u00e1logo.<\/p>\n<p>Aqui, um grupo de 111 advogadas protocolou um mandado de seguran\u00e7a contra o ministro Weintraub, exigindo que ele desbloqueie a professora Debora Diniz no Twitter \u2014 pois \u00e9, a Mariliz n\u00e3o foi a \u00fanica. A professora tamb\u00e9m teve a ousadia de contest\u00e1-lo quando ele se manifestou a respeito do transporte de drogas no avi\u00e3o presidencial.<\/p>\n<p>\u201cMeu Twitter minhas regras!\u201d, tuitou o ministro em resposta. \u201cFui informado que h\u00e1 uma comunistinha querendo que eu a desbloqueie. Regras para ter acesso: n\u00e3o pode ser comunistinha e chato ao mesmo tempo (tenho que dar risada quando ler). Mantive o Cocada, o Drag\u00e3o, a Tiburi e tantos outros&#8230; Estou sendo radical?\u201d<\/p>\n<p>N\u00e3o, o ministro n\u00e3o est\u00e1 sendo radical. A palavra \u00e9 outra. Ele est\u00e1 sendo antidemocr\u00e1tico, e est\u00e1 provando que ainda n\u00e3o entendeu a complexidade do seu cargo. Ele n\u00e3o pode estabelecer regras para determinar quem tem o direito de ler o que ele escreve num espa\u00e7o p\u00fablico.<\/p>\n<p>Vale lembrar que a confus\u00e3o entre p\u00fablico e privado n\u00e3o se d\u00e1 por engano dos cidad\u00e3os; ela come\u00e7a quando autoridades transformam as suas plataformas virtuais em espa\u00e7o de debate. O Twitter do ministro seria privado se ele n\u00e3o o utilizasse para fazer pronunciamentos pol\u00edticos.<\/p>\n<p>Vale lembrar tamb\u00e9m que o nome que se d\u00e1 \u00e0 proibi\u00e7\u00e3o de manifesta\u00e7\u00f5es cr\u00edticas por autoridades \u00e9 censura.<\/p>\n<p>Em suma, todo cidad\u00e3o tem o direito de se manifestar em rela\u00e7\u00e3o ao trabalho do governo, que n\u00e3o s\u00f3 \u00e9 pago com o seu dinheiro, como afeta diretamente a sua vida. Se um pol\u00edtico n\u00e3o est\u00e1 disposto a ouvir cr\u00edticas, ou se s\u00f3 est\u00e1 disposto a ouvir aquelas cr\u00edticas que o fazem rir, \u00e9 melhor que saia das redes sociais \u2014 e, de prefer\u00eancia, do governo.<\/p>\n","protected":false},"excerpt":{"rendered":"<p>Todo cidad\u00e3o tem o direito de se manifestar em rela\u00e7\u00e3o ao trabalho do governo, que n\u00e3o s\u00f3 \u00e9 pago com o seu dinheiro, como afeta &#8230;<\/p>\n","protected":false},"author":1,"featured_media":16973,"comment_status":"open","ping_status":"open","sticky":false,"template":"","format":"standard","meta":{"footnotes":""},"categories":[1],"tags":[],"class_list":["post-16971","post","type-post","status-publish","format-standard","has-post-thumbnail","hentry","category-nacional"],"_links":{"self":[{"href":"https:\/\/www.jornalcontato.com.br\/home\/index.php\/wp-json\/wp\/v2\/posts\/16971","targetHints":{"allow":["GET"]}}],"collection":[{"href":"https:\/\/www.jornalcontato.com.br\/home\/index.php\/wp-json\/wp\/v2\/posts"}],"about":[{"href":"https:\/\/www.jornalcontato.com.br\/home\/index.php\/wp-json\/wp\/v2\/types\/post"}],"author":[{"embeddable":true,"href":"https:\/\/www.jornalcontato.com.br\/home\/index.php\/wp-json\/wp\/v2\/users\/1"}],"replies":[{"embeddable":true,"href":"https:\/\/www.jornalcontato.com.br\/home\/index.php\/wp-json\/wp\/v2\/comments?post=16971"}],"version-history":[{"count":1,"href":"https:\/\/www.jornalcontato.com.br\/home\/index.php\/wp-json\/wp\/v2\/posts\/16971\/revisions"}],"predecessor-version":[{"id":16974,"href":"https:\/\/www.jornalcontato.com.br\/home\/index.php\/wp-json\/wp\/v2\/posts\/16971\/revisions\/16974"}],"wp:featuredmedia":[{"embeddable":true,"href":"https:\/\/www.jornalcontato.com.br\/home\/index.php\/wp-json\/wp\/v2\/media\/16973"}],"wp:attachment":[{"href":"https:\/\/www.jornalcontato.com.br\/home\/index.php\/wp-json\/wp\/v2\/media?parent=16971"}],"wp:term":[{"taxonomy":"category","embeddable":true,"href":"https:\/\/www.jornalcontato.com.br\/home\/index.php\/wp-json\/wp\/v2\/categories?post=16971"},{"taxonomy":"post_tag","embeddable":true,"href":"https:\/\/www.jornalcontato.com.br\/home\/index.php\/wp-json\/wp\/v2\/tags?post=16971"}],"curies":[{"name":"wp","href":"https:\/\/api.w.org\/{rel}","templated":true}]}}