{"id":16905,"date":"2019-06-03T12:12:17","date_gmt":"2019-06-03T15:12:17","guid":{"rendered":"http:\/\/www.jornalcontato.com.br\/home\/?p=16905"},"modified":"2019-06-03T12:12:17","modified_gmt":"2019-06-03T15:12:17","slug":"o-rei-morreu-viva-o-rei-aquiles-do-mpb4","status":"publish","type":"post","link":"https:\/\/www.jornalcontato.com.br\/home\/index.php\/o-rei-morreu-viva-o-rei-aquiles-do-mpb4\/","title":{"rendered":"O rei morreu! Viva o rei! (Aquiles do MPB4)"},"content":{"rendered":"<p>Foi com grande satisfa\u00e7\u00e3o que recebi o CD <em>Mr. Bossa Nova \u2013 Quarteto do Rio &amp; Roberto Menescal <\/em>(selo Mins), o primeiro do Quarteto do Rio, grupo vocal e instrumental integrado por Leandro Freixo (piano e voz), F\u00e1bio Luna (batera, flauta e voz), Neil Teixeira (arranjos, baixo ac\u00fastico e voz) e El\u00f3i Vicente (arranjos, guitarra e voz) \u2013 todos ex-integrantes do inesquec\u00edvel Os Cariocas.<\/p>\n<p>Ap\u00f3s a morte do maestro Severino Filho (1928-2016), maestro e arranjador de Os Cariocas, eles foram avisados pela fam\u00edlia que n\u00e3o poderiam continuar usando esse nome. Diante da impossibilidade, autonomearam-se Quarteto do Rio.<\/p>\n<p>Bem&#8230; vamos l\u00e1: Roberto Menescal vestiu a camisa, esteve no est\u00fadio e deu toques de classe e beleza \u00e0s m\u00fasicas escolhidas, todas dele com parceiros: solou, fez arranjos e cantou.<\/p>\n<p><a href=\"http:\/\/jornalcontato.com.br\/home\/wp-content\/uploads\/2019\/06\/Quarteto-do-Rio.jpg\"><img loading=\"lazy\" decoding=\"async\" class=\"aligncenter size-full wp-image-16906\" src=\"http:\/\/jornalcontato.com.br\/home\/wp-content\/uploads\/2019\/06\/Quarteto-do-Rio.jpg\" alt=\"Quarteto do Rio\" width=\"300\" height=\"296\" srcset=\"https:\/\/jornalcontato.com.br\/home\/wp-content\/uploads\/2019\/06\/Quarteto-do-Rio.jpg 300w, https:\/\/jornalcontato.com.br\/home\/wp-content\/uploads\/2019\/06\/Quarteto-do-Rio-80x80.jpg 80w\" sizes=\"auto, (max-width: 300px) 100vw, 300px\" \/><\/a><\/p>\n<p style=\"text-align: center;\"><em><strong>Por problemas legais, Os Cariocas se assumiram como Quarteto do Rio<\/strong><\/em><\/p>\n<p>A tampa abre com \u201cEla Quer Sambar\u201d (RM e Paulo S\u00e9rgio Valle). O arranjo de Neil Teixeira tem o viol\u00e3o na intro. Vem um un\u00edssono supimpa. Abrem vocal. A guitarra de RM pontifica no <em>intermezzo<\/em>. Volta o un\u00edssono. Logo \u00e9 a vez de o vocal retornar. At\u00e9 que, em un\u00edssono, vem o final.<\/p>\n<p>\u201cN\u00f3s e o Mar\u201d (RM e Ronaldo B\u00f4scoli). O arranjo \u00e9 de Menescal, que se vale de uma das marcas registradas dos arranjos de Severino Filho: ao final de uma frase mel\u00f3dica, na \u00faltima s\u00edlaba do verso, um <em>glissando<\/em> leva do un\u00edssono ao vocal. Antes do final, ainda rola mais vocal.<\/p>\n<p>\u201cAh, Se Eu Pudesse\u201d (RM e Ronaldo B\u00f4scoli) tem arranjo de Neil Teixeira. Com o piano, a flauta baixo \u201cengorda\u201d a intro. At\u00e9 que o viol\u00e3o puxa a primeira parte da bossa nova. Composi\u00e7\u00e3o que exprime, digamos, a ess\u00eancia da filosofia do g\u00eanero. A flauta baixo se reapresenta, entrega o lance pro vocal e finalizam.<\/p>\n<p>Em \u201cO Barquinho\u201d e \u201cVoc\u00ea\u201d (ambas de RM e B\u00f4scoli), num bonito arranjo de Eloi Vicente, todo \u00e0 <em>capella<\/em>, o Quarteto demonstra que, se a faixa anterior seria a \u201cess\u00eancia da filosofia\u201d da BN, essas duas s\u00e3o a pr\u00f3pria filosofia do g\u00eanero que conquistou o Brasil e o mundo, seja vocalizando ou em un\u00edssono (eles t\u00eam um belo un\u00edssono). Com um c\u00e2none, as vozes conduzem ao final. Meu Deus!<\/p>\n<p>\u201cA Morte de Um Deus de Sol\u201d (RM e B\u00f4scoli) tem arranjo de Neil Teixeira, baixo e batera, esta com um prato \u201charm\u00f4nico\u201d. Sim, \u201charm\u00f4nico\u201d, pois ele se ajunta a um acorde vocal e tudo soa como se ele, o prato, fosse uma quinta voz. Logo o solo cabe ao baixo, que, com a guitarra, conduz a um vocal esperto. Coisa fina.<\/p>\n<p>\u201cA Volta\u201d (RM e B\u00f4scoli) tem arranjo belo e simples de Eloi Vicente. O vocal \u00e9 cantado com rara perfei\u00e7\u00e3o. O piano improvisa. A guitarra, idem. A batera vai nas vassourinhas. O un\u00edssono soa bem. A din\u00e2mica \u00e9 assertiva. O baixo tem o seu espa\u00e7o, e arrasa. Muito bonito!<\/p>\n<p>Com arranjo de Eloi Vicente, a tampa fecha com \u201cBye, Bye Brasil\u201d (RM e Chico Buarque). A melodia vem em un\u00edssono. A guitarra de Menescal sobrevoa e, l\u00e1 do alto, observa Leandro, F\u00e1bio, Neil e El\u00f3i. Ela chora por n\u00e3o ver mais Severino Filho; mas sorri ao sacar que o Quarteto do Rio veio para ficar.<\/p>\n<p>\u201cO rei morreu! Viva o rei!\u201d<\/p>\n<p><strong><em>Aquiles Rique Reis<\/em><\/strong><em>, vocalista do MPB4<\/em><\/p>\n","protected":false},"excerpt":{"rendered":"<p>Foi com grande satisfa\u00e7\u00e3o que recebi o CD Mr. Bossa Nova \u2013 Quarteto do Rio &amp; Roberto Menescal (selo Mins), o primeiro do Quarteto do &#8230;<\/p>\n","protected":false},"author":1,"featured_media":16907,"comment_status":"open","ping_status":"open","sticky":false,"template":"","format":"standard","meta":{"footnotes":""},"categories":[1],"tags":[],"class_list":["post-16905","post","type-post","status-publish","format-standard","has-post-thumbnail","hentry","category-nacional"],"_links":{"self":[{"href":"https:\/\/www.jornalcontato.com.br\/home\/index.php\/wp-json\/wp\/v2\/posts\/16905","targetHints":{"allow":["GET"]}}],"collection":[{"href":"https:\/\/www.jornalcontato.com.br\/home\/index.php\/wp-json\/wp\/v2\/posts"}],"about":[{"href":"https:\/\/www.jornalcontato.com.br\/home\/index.php\/wp-json\/wp\/v2\/types\/post"}],"author":[{"embeddable":true,"href":"https:\/\/www.jornalcontato.com.br\/home\/index.php\/wp-json\/wp\/v2\/users\/1"}],"replies":[{"embeddable":true,"href":"https:\/\/www.jornalcontato.com.br\/home\/index.php\/wp-json\/wp\/v2\/comments?post=16905"}],"version-history":[{"count":1,"href":"https:\/\/www.jornalcontato.com.br\/home\/index.php\/wp-json\/wp\/v2\/posts\/16905\/revisions"}],"predecessor-version":[{"id":16908,"href":"https:\/\/www.jornalcontato.com.br\/home\/index.php\/wp-json\/wp\/v2\/posts\/16905\/revisions\/16908"}],"wp:featuredmedia":[{"embeddable":true,"href":"https:\/\/www.jornalcontato.com.br\/home\/index.php\/wp-json\/wp\/v2\/media\/16907"}],"wp:attachment":[{"href":"https:\/\/www.jornalcontato.com.br\/home\/index.php\/wp-json\/wp\/v2\/media?parent=16905"}],"wp:term":[{"taxonomy":"category","embeddable":true,"href":"https:\/\/www.jornalcontato.com.br\/home\/index.php\/wp-json\/wp\/v2\/categories?post=16905"},{"taxonomy":"post_tag","embeddable":true,"href":"https:\/\/www.jornalcontato.com.br\/home\/index.php\/wp-json\/wp\/v2\/tags?post=16905"}],"curies":[{"name":"wp","href":"https:\/\/api.w.org\/{rel}","templated":true}]}}