{"id":16837,"date":"2019-05-13T15:59:34","date_gmt":"2019-05-13T18:59:34","guid":{"rendered":"http:\/\/www.jornalcontato.com.br\/home\/?p=16837"},"modified":"2019-05-13T15:59:34","modified_gmt":"2019-05-13T18:59:34","slug":"desmoronando-mestre-jc-sebe-bom-meihy","status":"publish","type":"post","link":"https:\/\/www.jornalcontato.com.br\/home\/index.php\/desmoronando-mestre-jc-sebe-bom-meihy\/","title":{"rendered":"Des(MORO)nando (Mestre JC Sebe Bom Meihy)"},"content":{"rendered":"<p style=\"text-align: center;\"><em><strong>Este artigo foi escrito dia 9\/5\/19, antes da oficializa\u00e7\u00e3o do convite ao ex-juiz Sergio Moro. O an\u00fancio da oferta para compor a bancada de Ministros do Supremo Tribunal Eleitoral foi divulgado oficialmente no \u00faltimo domingo, dia 12. A quest\u00e3o que n\u00e3o pode ser silenciada remete \u00e0 d\u00favida: foi cumprimento de promessa de campanha, ou pr\u00eamio de consola\u00e7\u00e3o pelas sequentes derrotas impingidas a Moro? O desdobramento not\u00f3rio dessa quest\u00e3o for\u00e7a outra d\u00favida: ao falarmos do ex-capit\u00e3o: estamos \u00a0frente de um articulador medido, de um estrategista h\u00e1bil e que sabe usar a m\u00eddia, ou, pelo contr\u00e1rio, de um trapalh\u00e3o incontido que se v\u00ea obrigado a arrumar uma besteira depois de outra? Apostas abertas&#8230; Apostas abertas tamb\u00e9m para a resist\u00eancia de apoiadores e arrependidos que envergonhados alguns engrossam as oposi\u00e7\u00f5es unidas em busca de algum equil\u00edbrio, dignidade e respeito a Constitui\u00e7\u00e3o.<\/strong><\/em><\/p>\n<p>\u00a0 \u00a0 \u00a0 \u00a0 \u00a0 Serei claro, de sa\u00edda: sempre desconfiei do jeito de bom mo\u00e7o do atual Ministro da Justi\u00e7a e Seguran\u00e7a P\u00fablica, o ex-juiz S\u00e9rgio Moro. Diria que o sinal de alerta acendeu quando ele optou por largar uma carreira de juiz, com 22 anos de carreira, para assumir um cargo que, queiramos ou n\u00e3o, \u00e9 pol\u00edtico. O grande argumento para tal afirma\u00e7\u00e3o decorre do alinhamento ideol\u00f3gico, inerente ao programa do atual Presidente. Perguntei-me ent\u00e3o: ser\u00e1 mesmo para ampliar seu sonho de combate \u00e0 corrup\u00e7\u00e3o e inscrev\u00ea-lo em largura nacional? Como qualquer cidad\u00e3o comum, peremptoriamente, tive que pagar para ver. Em busca de aclara\u00e7\u00f5es, floriu no \u00e2mbito de minha curiosidade a declara\u00e7\u00e3o feita ao jornal O Estado de S\u00e3o Paulo em 2016 quando na placidez da dic\u00e7\u00e3o paranaense disse:<\/p>\n<p>\u201cSou um homem de Justi\u00e7a e, sem qualquer dem\u00e9rito, n\u00e3o sou um homem da pol\u00edtica. Acho que a pol\u00edtica \u00e9 uma atividade importante, n\u00e3o tem nenhum dem\u00e9rito, pelo contr\u00e1rio, existe muito m\u00e9rito em quem atua na pol\u00edtica, mas eu sou um juiz, eu estou em outra realidade, outro tipo de trabalho, outro perfil. Ent\u00e3o, n\u00e3o existe esse risco\u201d.<\/p>\n<p>Os mais maldosos logo pensaram em compensa\u00e7\u00f5es salariais, posto que a mudan\u00e7a elevaria o montante de pouco mais de R$ 28 para quase R$ 34 mil mensais. Este argumento, por\u00e9m foi derrotado, posto que na condi\u00e7\u00e3o de juiz, gra\u00e7as aos benef\u00edcios extras, houve m\u00eas que foi depositado em sua conta mais de 100 mil reais (<a href=\"https:\/\/www.bbc.com\/portuguese\/brasil-46063006\">https:\/\/www.bbc.com\/portuguese\/brasil-46063006<\/a>). Ponto para Moro. Luzia o melhor do bom mo\u00e7o.<\/p>\n<p><a href=\"http:\/\/jornalcontato.com.br\/home\/wp-content\/uploads\/2019\/05\/Bolsonaro-e-Moro.jpg\"><img loading=\"lazy\" decoding=\"async\" class=\"aligncenter size-large wp-image-16839\" src=\"http:\/\/jornalcontato.com.br\/home\/wp-content\/uploads\/2019\/05\/Bolsonaro-e-Moro-450x300.jpg\" alt=\"Bolsonaro e Moro\" width=\"450\" height=\"300\" srcset=\"https:\/\/jornalcontato.com.br\/home\/wp-content\/uploads\/2019\/05\/Bolsonaro-e-Moro-450x300.jpg 450w, https:\/\/jornalcontato.com.br\/home\/wp-content\/uploads\/2019\/05\/Bolsonaro-e-Moro-300x200.jpg 300w, https:\/\/jornalcontato.com.br\/home\/wp-content\/uploads\/2019\/05\/Bolsonaro-e-Moro.jpg 768w\" sizes=\"auto, (max-width: 450px) 100vw, 450px\" \/><\/a><\/p>\n<p style=\"text-align: center;\"><em><strong>Declara\u00e7\u00e3o do presidente melindrou o ministro da Justi\u00e7a<\/strong><strong>\u00a0<\/strong><\/em><\/p>\n<p>Mas o que faria ent\u00e3o o magistrado mais celebrado do pa\u00eds a abandonar o trabalho que vinha fazendo com tanto sucesso na Opera\u00e7\u00e3o Lava-jato? A justifica\u00e7\u00e3o para o desligamento do Poder Judici\u00e1rio em favor do Executivo se deu <em>\u00e0 soi disent<\/em> pela \u201cperspectiva de implementar uma forte agenda anticorrup\u00e7\u00e3o e anticrime organizado no Executivo\u201d. E foi assim que juntamente com Paulo Guedes &#8211; que se tornou Ministro da Economia &#8211; Moro figurou como cara e coroa da moeda que negociava o sucesso de uma \u201cnova pol\u00edtica\u201d. Com a promessa de amplos poderes e de isonomia, ambos foram apresentados \u00e0 na\u00e7\u00e3o como superministros.<\/p>\n<p>Publicamente, antes da posse, o Presidente declarou que daria ampla liberdade de a\u00e7\u00e3o ao Ministro Moro, mas isto colocou em pauta uma quest\u00e3o no m\u00ednimo pol\u00eamica: como se daria o empate entre as posi\u00e7\u00f5es antag\u00f4nicas de ambos frente ao projeto de posse de armas, por exemplo. Por l\u00f3gico, o assunto remetia \u00e0s pautas de Moro, pois, afinal ele foi sagrado como Ministro da Justi\u00e7a e Seguran\u00e7a P\u00fablica. O ex-juiz jamais defendeu a pol\u00edtica de flexibiliza\u00e7\u00e3o do uso de armas, ao contr\u00e1rio do Presidente que veementemente prometeu isto em campanha. Nos debates internos, j\u00e1 no m\u00eas de janeiro, Moro viu apagados seus intentos de rigor na restri\u00e7\u00e3o ao n\u00famero de armas para os usu\u00e1rios. Seu semblante nas fotos amplamente divulgadas quando do sucesso da linha presidencial o mostram no m\u00ednimo constrangido. Se esta foi a mais evidente das diferen\u00e7as entre os dois, n\u00e3o foi a \u00fanica.<\/p>\n<p>O ex-juiz propalou que seu grande projeto no comando da pasta seria o Pacote Anticrime. No melhor de suas quimeras, o conjunto de medidas correria no Congresso Nacional em paralelo ao \u00e0 Reforma da Previd\u00eancia. Moro viu, contudo, desbotados seus esfor\u00e7os quando se desentendeu com o Presidente da Casa, Rodrigo Maia. E a briga ganhou foro p\u00fablico frente a conclus\u00e3o de Maia que constatou na reda\u00e7\u00e3o da proposta de Moro um \u201ccopia e cola\u201d do texto do Ministro do Supremo Tribunal Federal, Alexandre de Moraes. A desaven\u00e7a fez com que fosse retardado o ritmo dos trabalhos e o esfor\u00e7o de Moro est\u00e1 em compasso de espera.<\/p>\n<p><a href=\"http:\/\/jornalcontato.com.br\/home\/wp-content\/uploads\/2019\/05\/Sem-condicoes.jpg\"><img loading=\"lazy\" decoding=\"async\" class=\"aligncenter size-large wp-image-16840\" src=\"http:\/\/jornalcontato.com.br\/home\/wp-content\/uploads\/2019\/05\/Sem-condicoes-450x281.jpg\" alt=\"Sem condicoes\" width=\"450\" height=\"281\" srcset=\"https:\/\/jornalcontato.com.br\/home\/wp-content\/uploads\/2019\/05\/Sem-condicoes-450x281.jpg 450w, https:\/\/jornalcontato.com.br\/home\/wp-content\/uploads\/2019\/05\/Sem-condicoes-300x187.jpg 300w, https:\/\/jornalcontato.com.br\/home\/wp-content\/uploads\/2019\/05\/Sem-condicoes-768x479.jpg 768w, https:\/\/jornalcontato.com.br\/home\/wp-content\/uploads\/2019\/05\/Sem-condicoes.jpg 1050w\" sizes=\"auto, (max-width: 450px) 100vw, 450px\" \/><\/a><\/p>\n<p style=\"text-align: center;\"><em><strong>Ministro Moro nega que tenha feito algum acordo com Bolsonaro para assumir o STF<\/strong><\/em><\/p>\n<p>Frente \u00e0 indica\u00e7\u00e3o da reputada pesquisadora e colega de trabalho de Moro, Ilona Szab\u00f3, para ocupar a vaga de suplente no Conselho Nacional de Pol\u00edtica Criminal e Penitenci\u00e1ria, o Ministro se viu publicamente desautorizado pelo Presidente que trocou a escolha por press\u00f5es oriundas de fora do governo. O resultado resultou-lhe num mau posicionamento frente a opini\u00e3o p\u00fablica que j\u00e1 come\u00e7ava duvidar do alcance do sonho do ex-juiz.<\/p>\n<p>Por necessidade de reparar um dos pilares da campanha presidencial, o ex-capit\u00e3o se viu premido a uma Reforma Ministerial, com redistribui\u00e7\u00e3o de atividades. Neste epis\u00f3dio, a FUNAI figurou como um dos m\u00f3veis de c\u00e2mbio, passando \u00e0 pasta da Justi\u00e7a a responsabilidade de trabalho com as demarca\u00e7\u00f5es de terras ind\u00edgenas. Com isto foi dada a largada para outra s\u00e9ria diverg\u00eancia, pois o Presidente declarou em alto e bom som que n\u00e3o pretende entregar mais terras demarcadas. Tudo, por\u00e9m, se complica na realidade dos fatos jur\u00eddicos que somam mais de 50 decis\u00f5es favor\u00e1veis \u00e0s demarca\u00e7\u00f5es.<\/p>\n<p>\u00c0 fermentar a massa de problemas j\u00e1 em processo de desencanto, deve-se lembrar que os parlamentares t\u00eam dado sinais de descontentamento. O mais consequente ponto de atrito foi definido pela C\u00e2mara que, em vota\u00e7\u00e3o pol\u00eamica, subtraiu do Minist\u00e9rio da Justi\u00e7a o comando direto sobre o COAF, passando-o ao Minist\u00e9rio da Economia. O enfraquecimento da Opera\u00e7\u00e3o Lava-jato, pois fica comprometido, ruindo um de seus pilares mais s\u00f3lidos da proposta do Ministro Moro.<\/p>\n<p>A pergunta que n\u00e3o quer calar remete ao futuro de Moro. Ser\u00e1 que ele continuar\u00e1 perseguindo o mote justificador de sua sa\u00edda do Judici\u00e1rio para o Executivo, ou, n\u00e3o? Os mais ati\u00e7adores ficam pensando na eventual aplica\u00e7\u00e3o do recurso \u201csa\u00edda honrosa\u201d. E n\u00e3o faltam desculpas, pois logo mais, em 2020, o Ministro Celso de Mello completar\u00e1 75 anos e a compuls\u00f3ria brilhar\u00e1 como caminho alternativo tanto para Moro como para o Presidente. E tem mais: em 2021 outra vaga ser\u00e1 aberta com a aposentadoria de Marco Aur\u00e9lio Mello. Pois bem, est\u00e1 aberta a esta\u00e7\u00e3o de apostas&#8230;<\/p>\n","protected":false},"excerpt":{"rendered":"<p>Este artigo foi escrito dia 9\/5\/19, antes da oficializa\u00e7\u00e3o do convite ao ex-juiz Sergio Moro. O an\u00fancio da oferta para compor a bancada de Ministros &#8230;<\/p>\n","protected":false},"author":1,"featured_media":16841,"comment_status":"open","ping_status":"open","sticky":false,"template":"","format":"standard","meta":{"footnotes":""},"categories":[1],"tags":[],"class_list":["post-16837","post","type-post","status-publish","format-standard","has-post-thumbnail","hentry","category-nacional"],"_links":{"self":[{"href":"https:\/\/www.jornalcontato.com.br\/home\/index.php\/wp-json\/wp\/v2\/posts\/16837","targetHints":{"allow":["GET"]}}],"collection":[{"href":"https:\/\/www.jornalcontato.com.br\/home\/index.php\/wp-json\/wp\/v2\/posts"}],"about":[{"href":"https:\/\/www.jornalcontato.com.br\/home\/index.php\/wp-json\/wp\/v2\/types\/post"}],"author":[{"embeddable":true,"href":"https:\/\/www.jornalcontato.com.br\/home\/index.php\/wp-json\/wp\/v2\/users\/1"}],"replies":[{"embeddable":true,"href":"https:\/\/www.jornalcontato.com.br\/home\/index.php\/wp-json\/wp\/v2\/comments?post=16837"}],"version-history":[{"count":1,"href":"https:\/\/www.jornalcontato.com.br\/home\/index.php\/wp-json\/wp\/v2\/posts\/16837\/revisions"}],"predecessor-version":[{"id":16842,"href":"https:\/\/www.jornalcontato.com.br\/home\/index.php\/wp-json\/wp\/v2\/posts\/16837\/revisions\/16842"}],"wp:featuredmedia":[{"embeddable":true,"href":"https:\/\/www.jornalcontato.com.br\/home\/index.php\/wp-json\/wp\/v2\/media\/16841"}],"wp:attachment":[{"href":"https:\/\/www.jornalcontato.com.br\/home\/index.php\/wp-json\/wp\/v2\/media?parent=16837"}],"wp:term":[{"taxonomy":"category","embeddable":true,"href":"https:\/\/www.jornalcontato.com.br\/home\/index.php\/wp-json\/wp\/v2\/categories?post=16837"},{"taxonomy":"post_tag","embeddable":true,"href":"https:\/\/www.jornalcontato.com.br\/home\/index.php\/wp-json\/wp\/v2\/tags?post=16837"}],"curies":[{"name":"wp","href":"https:\/\/api.w.org\/{rel}","templated":true}]}}