{"id":16835,"date":"2019-05-11T12:00:03","date_gmt":"2019-05-11T15:00:03","guid":{"rendered":"http:\/\/www.jornalcontato.com.br\/home\/?p=16835"},"modified":"2019-05-11T12:00:03","modified_gmt":"2019-05-11T15:00:03","slug":"um-rasputin-tropical-nelson-motta","status":"publish","type":"post","link":"https:\/\/www.jornalcontato.com.br\/home\/index.php\/um-rasputin-tropical-nelson-motta\/","title":{"rendered":"Um Rasputin Tropical (Nelson Motta)"},"content":{"rendered":"<p style=\"text-align: center;\"><em><strong>Os Bolsonaros chamam Olavo de Carvalho de \u00edcone, como se isso fosse alguma coisa. \u00cdcone de qu\u00ea? Para quem? Desde quando? H\u00e1 \u00edcones de tudo, do bem ou do mal.<\/strong><\/em><\/p>\n<p>\u00c9 estranho que um grande mestre, morando h\u00e1 15 anos nos Estados Unidos, nunca tenha dado aulas em nenhuma grande, m\u00e9dia ou pequena universidade americana, onde tantos brasileiros lecionam. Seu forte s\u00e3o os cursos \u00e0 dist\u00e2ncia para brazucas, uma esp\u00e9cie de madrassa digital que forma fan\u00e1ticos por suas ideias.<\/p>\n<p>Chamado pelo general Villas B\u00f4as de \u201cTrotski de direita\u201d (que \u00e9 equivalente ao cl\u00e1ssico \u201c\u00c9 um Rimbaud. Mas sem o talento\u201d, de H\u00e9lio Pellegrino), est\u00e1 mais para um Rasputin tropical. Com sua vasta cabeleira <em>argent\u00e9e<\/em>, cigarro no canto da boca e ternos sa\u00eddos dos anos 70, vaidoso, debochado e desbocado, tem dom\u00ednio absoluto sobre a fam\u00edlia real, que o idolatra, embora n\u00e3o demonstre m\u00ednimos conhecimentos pol\u00edticos, filos\u00f3ficos e sociol\u00f3gicos para compar\u00e1-los com as prega\u00e7\u00f5es olavistas. H\u00e1 algo de religioso no culto que prestam ao evangelho ultraconservador do mestre.<\/p>\n<p><a href=\"http:\/\/jornalcontato.com.br\/home\/wp-content\/uploads\/2019\/05\/Olavo-de-Carvalho.jpg\"><img loading=\"lazy\" decoding=\"async\" class=\"aligncenter size-full wp-image-16810\" src=\"http:\/\/jornalcontato.com.br\/home\/wp-content\/uploads\/2019\/05\/Olavo-de-Carvalho.jpg\" alt=\"Olavo de Carvalho\" width=\"300\" height=\"168\" srcset=\"https:\/\/jornalcontato.com.br\/home\/wp-content\/uploads\/2019\/05\/Olavo-de-Carvalho.jpg 300w, https:\/\/jornalcontato.com.br\/home\/wp-content\/uploads\/2019\/05\/Olavo-de-Carvalho-265x147.jpg 265w\" sizes=\"auto, (max-width: 300px) 100vw, 300px\" \/><\/a><\/p>\n<p style=\"text-align: center;\"><em><strong>Olavo de Carvalho faz prega\u00e7\u00f5es ao longo do dia pelo Twitter e Internet<\/strong><\/em><\/p>\n<p>Olavo come\u00e7ou a ficar famoso quando vendeu mais de 300 mil c\u00f3pias do livro \u201cO m\u00ednimo que voc\u00ea precisa saber para n\u00e3o ser um idiota\u201d, com cr\u00edticas devastadoras ao PT, \u00e0 esquerda, ao coletivismo e ao globalismo, e logo conquistava mais de 500 mil seguidores nas redes sociais, se tornando dono das cabe\u00e7as da fam\u00edlia Bolsonaro, a ponto de entrar em guerra com a elite militar que apoia o capit\u00e3o.<\/p>\n<p>Apesar de sua desastrosa indica\u00e7\u00e3o do patusco V\u00e9lez para ministro da Educa\u00e7\u00e3o, defenestrado por total incompet\u00eancia, Olavo continua com seu prest\u00edgio inabalado, dando muni\u00e7\u00e3o para o Mito e seus minimitos atacarem os generais moderados que tentam dar algum equil\u00edbrio e racionalidade ao governo.<\/p>\n<p>Olav\u00e3o deve se divertir com a idolatria dos ignorantes e com o poder que lhe d\u00e3o, pela incapacidade de contest\u00e1-lo intelectualmente e pela f\u00e9 cega no mestre.<\/p>\n<p>Se fosse fic\u00e7\u00e3o, seria um incr\u00edvel personagem numa grande tragicom\u00e9dia fant\u00e1stica latino-americana, pena que \u00e9 real.<\/p>\n","protected":false},"excerpt":{"rendered":"<p>Os Bolsonaros chamam Olavo de Carvalho de \u00edcone, como se isso fosse alguma coisa. \u00cdcone de qu\u00ea? Para quem? Desde quando? H\u00e1 \u00edcones de tudo, &#8230;<\/p>\n","protected":false},"author":1,"featured_media":16801,"comment_status":"open","ping_status":"open","sticky":false,"template":"","format":"standard","meta":{"footnotes":""},"categories":[1],"tags":[],"class_list":["post-16835","post","type-post","status-publish","format-standard","has-post-thumbnail","hentry","category-nacional"],"_links":{"self":[{"href":"https:\/\/www.jornalcontato.com.br\/home\/index.php\/wp-json\/wp\/v2\/posts\/16835","targetHints":{"allow":["GET"]}}],"collection":[{"href":"https:\/\/www.jornalcontato.com.br\/home\/index.php\/wp-json\/wp\/v2\/posts"}],"about":[{"href":"https:\/\/www.jornalcontato.com.br\/home\/index.php\/wp-json\/wp\/v2\/types\/post"}],"author":[{"embeddable":true,"href":"https:\/\/www.jornalcontato.com.br\/home\/index.php\/wp-json\/wp\/v2\/users\/1"}],"replies":[{"embeddable":true,"href":"https:\/\/www.jornalcontato.com.br\/home\/index.php\/wp-json\/wp\/v2\/comments?post=16835"}],"version-history":[{"count":1,"href":"https:\/\/www.jornalcontato.com.br\/home\/index.php\/wp-json\/wp\/v2\/posts\/16835\/revisions"}],"predecessor-version":[{"id":16836,"href":"https:\/\/www.jornalcontato.com.br\/home\/index.php\/wp-json\/wp\/v2\/posts\/16835\/revisions\/16836"}],"wp:featuredmedia":[{"embeddable":true,"href":"https:\/\/www.jornalcontato.com.br\/home\/index.php\/wp-json\/wp\/v2\/media\/16801"}],"wp:attachment":[{"href":"https:\/\/www.jornalcontato.com.br\/home\/index.php\/wp-json\/wp\/v2\/media?parent=16835"}],"wp:term":[{"taxonomy":"category","embeddable":true,"href":"https:\/\/www.jornalcontato.com.br\/home\/index.php\/wp-json\/wp\/v2\/categories?post=16835"},{"taxonomy":"post_tag","embeddable":true,"href":"https:\/\/www.jornalcontato.com.br\/home\/index.php\/wp-json\/wp\/v2\/tags?post=16835"}],"curies":[{"name":"wp","href":"https:\/\/api.w.org\/{rel}","templated":true}]}}