{"id":16724,"date":"2019-04-03T10:39:37","date_gmt":"2019-04-03T13:39:37","guid":{"rendered":"http:\/\/www.jornalcontato.com.br\/home\/?p=16724"},"modified":"2019-04-03T10:39:37","modified_gmt":"2019-04-03T13:39:37","slug":"com-bolsonaro-pior-para-os-fatos-bernardo-mello-franco-o-globo","status":"publish","type":"post","link":"https:\/\/www.jornalcontato.com.br\/home\/index.php\/com-bolsonaro-pior-para-os-fatos-bernardo-mello-franco-o-globo\/","title":{"rendered":"Com Bolsonaro, pior para os fatos (Bernardo Mello Franco, O Globo)"},"content":{"rendered":"<p style=\"text-align: center;\"><strong><em>A insist\u00eancia em descrever o nazismo como ideologia de esquerda mostra que Bolsonaro cultiva uma rela\u00e7\u00e3o peculiar com a realidade. Se os fatos o contrariam, pior para os fatos<\/em><\/strong><\/p>\n<p>\u00a0 \u00a0 \u00a0 \u00a0 \u00a0 Jair Bolsonaro cultiva uma rela\u00e7\u00e3o peculiar com a realidade. Ele n\u00e3o admite contesta\u00e7\u00e3o, mesmo quando \u00e9 desmentido com argumentos irrefut\u00e1veis.<\/p>\n<p>Se os fatos o contrariam, pior para os fatos.<\/p>\n<p>Na segunda-feira, o presidente atacou o IBGE. Motivo: o instituto revelou que o desemprego voltou a subir. Em vez de encarar o problema, Bolsonaro reclamou da estat\u00edstica. \u201cParecem \u00edndices que s\u00e3o feitos para enganar a popula\u00e7\u00e3o \u201d, esbravejou.<\/p>\n<div id=\"attachment_16725\" style=\"width: 450px\" class=\"wp-caption aligncenter\"><a href=\"http:\/\/jornalcontato.com.br\/home\/wp-content\/uploads\/2019\/04\/Bolsonaro-e-Netanyahu.jpg\"><img loading=\"lazy\" decoding=\"async\" aria-describedby=\"caption-attachment-16725\" class=\"size-large wp-image-16725\" src=\"http:\/\/jornalcontato.com.br\/home\/wp-content\/uploads\/2019\/04\/Bolsonaro-e-Netanyahu-450x300.jpg\" alt=\"Brazilian President Jair Bolsonaro (L) and Israeli Prime Minister Benjamin Netanyahu touch the Western wall, the holiest site where Jews can pray, in the Old City of  Jerusalem on April 1, 2019. - Bolsonaro arrived in Israel just ahead of the country's polls in which his ally Prime Minister Benjamin Netanyahu faces a tough re-election fight. (Photo by Menahem KAHANA \/ POOL \/ AFP)\" width=\"450\" height=\"300\" srcset=\"https:\/\/jornalcontato.com.br\/home\/wp-content\/uploads\/2019\/04\/Bolsonaro-e-Netanyahu-450x300.jpg 450w, https:\/\/jornalcontato.com.br\/home\/wp-content\/uploads\/2019\/04\/Bolsonaro-e-Netanyahu-300x200.jpg 300w, https:\/\/jornalcontato.com.br\/home\/wp-content\/uploads\/2019\/04\/Bolsonaro-e-Netanyahu-768x512.jpg 768w, https:\/\/jornalcontato.com.br\/home\/wp-content\/uploads\/2019\/04\/Bolsonaro-e-Netanyahu.jpg 1500w\" sizes=\"auto, (max-width: 450px) 100vw, 450px\" \/><\/a><p id=\"caption-attachment-16725\" class=\"wp-caption-text\"><em><strong>\u00a0Jair Bolsonaro no muro das lamenta\u00e7\u00f5es e Benjamin Netanyahu, em campanha eleitoral<\/strong><\/em>\u00a0 <em><strong>em Israel<\/strong><\/em><\/p><\/div>\n<p>A pesquisa seguiu par\u00e2metros internacionais, mas foi descartada por n\u00e3o confirmar a propaganda .\u201cFui muito criticado e volto a repetir: n\u00e3o interessam as cr\u00edticas. Eu te nhoque falar a verdade \u201d, prosseguiu o presidente. Ele deu as declara\u00e7\u00f5es numa data sugestiva: 1\u00ba de abril.<\/p>\n<p>Ontem Bolsonaro resolveu esticar o Dia da Mentira. Em Israel, embarcou no del\u00edrio do chanceler Ernesto Ara\u00fajo e disseque o nazismo foi uma ideologia de esquerda .\u201cN\u00e3o h\u00e1 d\u00favida, n\u00e9? Partido Socialista\u2026 Como \u00e9 que \u00e9? Partido Nacional-Socialista da Alemanha \u201d.<\/p>\n<p>O presidente despejou o besteirol em visita ao Yad Vashem, museu que lembra as v\u00edtimas do Holocausto. A institui\u00e7\u00e3o informa aos visitantes que o nazismo foi uma das express\u00f5es do \u201ccrescimento de grupos radicais de direita na Alemanha\u201d. Se n\u00e3o leu os livros escolares, Bolsonaro poderia ter consultado as plaquinhas.<\/p>\n<p>\u00c9 consenso entre historiadores que o nazismo foi um movimento de extrema direita. O primeiro campo de concentra\u00e7\u00e3o, em Dachau, foi inaugurado com o envio de comunistas e socialistas. S\u00f3 depois recebeu judeus, ciganos e homossexuais.<\/p>\n<p><a href=\"http:\/\/jornalcontato.com.br\/home\/wp-content\/uploads\/2019\/04\/Ernesto-e-Olavo-de-Carvalho.png\"><img loading=\"lazy\" decoding=\"async\" class=\"aligncenter size-large wp-image-16726\" src=\"http:\/\/jornalcontato.com.br\/home\/wp-content\/uploads\/2019\/04\/Ernesto-e-Olavo-de-Carvalho-450x337.png\" alt=\"Ernesto e Olavo de Carvalho\" width=\"450\" height=\"337\" srcset=\"https:\/\/jornalcontato.com.br\/home\/wp-content\/uploads\/2019\/04\/Ernesto-e-Olavo-de-Carvalho-450x337.png 450w, https:\/\/jornalcontato.com.br\/home\/wp-content\/uploads\/2019\/04\/Ernesto-e-Olavo-de-Carvalho-300x225.png 300w, https:\/\/jornalcontato.com.br\/home\/wp-content\/uploads\/2019\/04\/Ernesto-e-Olavo-de-Carvalho.png 600w\" sizes=\"auto, (max-width: 450px) 100vw, 450px\" \/><\/a><\/p>\n<p style=\"text-align: center;\"><em><strong>Ernesto Ara\u00fajo (D) foi aluno de Olavo de Carvalho que o indicou para a Chancelaria<\/strong><\/em><\/p>\n<p>\u00a0 \u00a0 \u00a0 \u00a0 \u00a0 A insist\u00eancia em negar os fatos tem espantado a comunidade internacional. \u201cNunca ouvi uma voz s\u00e9ria na Alemanha argumentando que o nazismo foi um movimento de esquerda\u201d, disse em setembro o embaixador alem\u00e3o no Brasil, Georg Witschel.<\/p>\n<p>Na semana passada, a emissora p\u00fablica Deutsche Welle resumiu a falsa pol\u00eamica com sete palavras: \u201cO absurdo virou discurso oficial em Bras\u00edlia\u201d. A Alemanha zela pela verdade hist\u00f3rica para que seu passado sombrio n\u00e3o se repita. Quando o Planalto exalta golpes e ditaduras, o Brasil toma o caminho oposto.<\/p>\n","protected":false},"excerpt":{"rendered":"<p>A insist\u00eancia em descrever o nazismo como ideologia de esquerda mostra que Bolsonaro cultiva uma rela\u00e7\u00e3o peculiar com a realidade. Se os fatos o contrariam, &#8230;<\/p>\n","protected":false},"author":1,"featured_media":16727,"comment_status":"open","ping_status":"open","sticky":false,"template":"","format":"standard","meta":{"footnotes":""},"categories":[1],"tags":[],"class_list":["post-16724","post","type-post","status-publish","format-standard","has-post-thumbnail","hentry","category-nacional"],"_links":{"self":[{"href":"https:\/\/www.jornalcontato.com.br\/home\/index.php\/wp-json\/wp\/v2\/posts\/16724","targetHints":{"allow":["GET"]}}],"collection":[{"href":"https:\/\/www.jornalcontato.com.br\/home\/index.php\/wp-json\/wp\/v2\/posts"}],"about":[{"href":"https:\/\/www.jornalcontato.com.br\/home\/index.php\/wp-json\/wp\/v2\/types\/post"}],"author":[{"embeddable":true,"href":"https:\/\/www.jornalcontato.com.br\/home\/index.php\/wp-json\/wp\/v2\/users\/1"}],"replies":[{"embeddable":true,"href":"https:\/\/www.jornalcontato.com.br\/home\/index.php\/wp-json\/wp\/v2\/comments?post=16724"}],"version-history":[{"count":1,"href":"https:\/\/www.jornalcontato.com.br\/home\/index.php\/wp-json\/wp\/v2\/posts\/16724\/revisions"}],"predecessor-version":[{"id":16728,"href":"https:\/\/www.jornalcontato.com.br\/home\/index.php\/wp-json\/wp\/v2\/posts\/16724\/revisions\/16728"}],"wp:featuredmedia":[{"embeddable":true,"href":"https:\/\/www.jornalcontato.com.br\/home\/index.php\/wp-json\/wp\/v2\/media\/16727"}],"wp:attachment":[{"href":"https:\/\/www.jornalcontato.com.br\/home\/index.php\/wp-json\/wp\/v2\/media?parent=16724"}],"wp:term":[{"taxonomy":"category","embeddable":true,"href":"https:\/\/www.jornalcontato.com.br\/home\/index.php\/wp-json\/wp\/v2\/categories?post=16724"},{"taxonomy":"post_tag","embeddable":true,"href":"https:\/\/www.jornalcontato.com.br\/home\/index.php\/wp-json\/wp\/v2\/tags?post=16724"}],"curies":[{"name":"wp","href":"https:\/\/api.w.org\/{rel}","templated":true}]}}