{"id":16716,"date":"2019-03-29T12:34:55","date_gmt":"2019-03-29T15:34:55","guid":{"rendered":"http:\/\/www.jornalcontato.com.br\/home\/?p=16716"},"modified":"2019-03-29T12:34:55","modified_gmt":"2019-03-29T15:34:55","slug":"bolsonaro-briga-ate-com-o-passado-bernardo-mello-franco-o-globo","status":"publish","type":"post","link":"https:\/\/www.jornalcontato.com.br\/home\/index.php\/bolsonaro-briga-ate-com-o-passado-bernardo-mello-franco-o-globo\/","title":{"rendered":"Bolsonaro briga at\u00e9 com o passado (Bernardo Mello Franco, O Globo)"},"content":{"rendered":"<p style=\"text-align: center;\"><strong><em>Segundo o porta-voz do governo, Bolsonaro \u2018n\u00e3o considera\u2019 que houve golpe em 1964. \u00c9 constrangedor que ele precise explicar a diverg\u00eancia do chefe com os livros de Hist\u00f3ria<\/em><\/strong><\/p>\n<p>O presidente Jair Bolsonaro n\u00e3o se contenta em fabricar crises no presente. Ele tamb\u00e9m quer brigar com o passado, como indica a ordem para que os militares comemorem os 55 anos do golpe de 1964.<\/p>\n<p>O porta-voz do Planalto, Ot\u00e1vio do R\u00eago Barros, tentou justificar a iniciativa. \u201cO presidente n\u00e3o considera o 31 de mar\u00e7o de 1964 um golpe militar\u201d, disse. \u00c9 constrangedor que o general precise explicar uma diverg\u00eancia do chefe com os livros de Hist\u00f3ria.<\/p>\n<p><a href=\"http:\/\/jornalcontato.com.br\/home\/wp-content\/uploads\/2019\/03\/Gal-Otavio-Rego-Barros.jpg\"><img loading=\"lazy\" decoding=\"async\" class=\"aligncenter size-full wp-image-16717\" src=\"http:\/\/jornalcontato.com.br\/home\/wp-content\/uploads\/2019\/03\/Gal-Otavio-Rego-Barros.jpg\" alt=\"Gal Otavio Rego Barros\" width=\"275\" height=\"183\" \/><\/a><\/p>\n<p style=\"text-align: center;\"><em><strong>Gal. R\u00eago Barros \u00e9 o porta-voz do capit\u00e3o<\/strong><\/em><\/p>\n<p>A data festejada por Bolsonaro marca o anivers\u00e1rio de um t\u00edpico golpe de Estado. Com tanques nas ruas, os militares derrubaram um presidente leg\u00edtimo e mergulharam o pa\u00eds num regime de exce\u00e7\u00e3o.<\/p>\n<p>A ditadura fechou o Congresso, censurou a imprensa e perseguiu opositores. Deixou um saldo de 434 mortos e desaparecidos, al\u00e9m de milhares de torturados e exilados. S\u00e3o fatos do passado, que devem ser lembrados para que n\u00e3o se repitam.<\/p>\n<p>Em pa\u00edses que enfrentaram seus fantasmas, exaltar ditaduras \u00e9 crime e pode dar cadeia. Por aqui, escolheu-se contemporizar com personagens que cultuam o autoritarismo. Um deles acaba de assumir a Presid\u00eancia pela via democr\u00e1tica que insiste em desprezar.<\/p>\n<p>Ao celebrar o golpe, Bolsonaro mant\u00e9m o figurino radical que marcou sua atua\u00e7\u00e3o parlamentar. O problema \u00e9 que agora ele representa o pa\u00eds, n\u00e3o uma franja do eleitorado fluminense. Al\u00e9m de desrespeitar as v\u00edtimas da ditadura, suas declara\u00e7\u00f5es comprometem a imagem do Brasil no exterior.<\/p>\n<p><a href=\"http:\/\/jornalcontato.com.br\/home\/wp-content\/uploads\/2019\/03\/Bolsonaro-e-Pinera.jpg\"><img loading=\"lazy\" decoding=\"async\" class=\"aligncenter size-full wp-image-16718\" src=\"http:\/\/jornalcontato.com.br\/home\/wp-content\/uploads\/2019\/03\/Bolsonaro-e-Pinera.jpg\" alt=\"Bolsonaro e Pinera\" width=\"299\" height=\"168\" \/><\/a><\/p>\n<p style=\"text-align: center;\"><em><strong>Pi\u00f1era ficou na saia justa com o elogio de Bolsonaro ao ditador Pinochet<\/strong><\/em><\/p>\n<p>Foi o que ocorreu na semana passada, quando ele foi a Santiago em viagem oficial. Houve fortes protestos, e os presidentes da C\u00e2mara e do Senado do Chile se recusaram a encontr\u00e1-lo. Reclamaram de seus elogios p\u00fablicos ao general Augusto Pinochet, chefe de uma ditadura que matou mais de tr\u00eas mil pessoas.<\/p>\n<p>No domingo, o presidente Sebasti\u00e1n Pi\u00f1era afirmou que as declara\u00e7\u00f5es de Bolsonaro sobre o tema s\u00e3o \u201ctremendamente infelizes\u201d. O chileno ensina que um governante de direita n\u00e3o precisa defender regimes que sufocaram as liberdades em nome de ideais conservadores.<\/p>\n","protected":false},"excerpt":{"rendered":"<p>Segundo o porta-voz do governo, Bolsonaro \u2018n\u00e3o considera\u2019 que houve golpe em 1964. \u00c9 constrangedor que ele precise explicar a diverg\u00eancia do chefe com os &#8230;<\/p>\n","protected":false},"author":1,"featured_media":16722,"comment_status":"open","ping_status":"open","sticky":false,"template":"","format":"standard","meta":{"footnotes":""},"categories":[1],"tags":[],"class_list":["post-16716","post","type-post","status-publish","format-standard","has-post-thumbnail","hentry","category-nacional"],"_links":{"self":[{"href":"https:\/\/www.jornalcontato.com.br\/home\/index.php\/wp-json\/wp\/v2\/posts\/16716","targetHints":{"allow":["GET"]}}],"collection":[{"href":"https:\/\/www.jornalcontato.com.br\/home\/index.php\/wp-json\/wp\/v2\/posts"}],"about":[{"href":"https:\/\/www.jornalcontato.com.br\/home\/index.php\/wp-json\/wp\/v2\/types\/post"}],"author":[{"embeddable":true,"href":"https:\/\/www.jornalcontato.com.br\/home\/index.php\/wp-json\/wp\/v2\/users\/1"}],"replies":[{"embeddable":true,"href":"https:\/\/www.jornalcontato.com.br\/home\/index.php\/wp-json\/wp\/v2\/comments?post=16716"}],"version-history":[{"count":1,"href":"https:\/\/www.jornalcontato.com.br\/home\/index.php\/wp-json\/wp\/v2\/posts\/16716\/revisions"}],"predecessor-version":[{"id":16723,"href":"https:\/\/www.jornalcontato.com.br\/home\/index.php\/wp-json\/wp\/v2\/posts\/16716\/revisions\/16723"}],"wp:featuredmedia":[{"embeddable":true,"href":"https:\/\/www.jornalcontato.com.br\/home\/index.php\/wp-json\/wp\/v2\/media\/16722"}],"wp:attachment":[{"href":"https:\/\/www.jornalcontato.com.br\/home\/index.php\/wp-json\/wp\/v2\/media?parent=16716"}],"wp:term":[{"taxonomy":"category","embeddable":true,"href":"https:\/\/www.jornalcontato.com.br\/home\/index.php\/wp-json\/wp\/v2\/categories?post=16716"},{"taxonomy":"post_tag","embeddable":true,"href":"https:\/\/www.jornalcontato.com.br\/home\/index.php\/wp-json\/wp\/v2\/tags?post=16716"}],"curies":[{"name":"wp","href":"https:\/\/api.w.org\/{rel}","templated":true}]}}