{"id":16707,"date":"2019-03-28T16:06:58","date_gmt":"2019-03-28T19:06:58","guid":{"rendered":"http:\/\/www.jornalcontato.com.br\/home\/?p=16707"},"modified":"2019-03-28T16:06:58","modified_gmt":"2019-03-28T19:06:58","slug":"a-campanha-da-fraternidade-e-a-vigilancia-politica-mestre-jc-sebe-bom-meihy","status":"publish","type":"post","link":"https:\/\/www.jornalcontato.com.br\/home\/index.php\/a-campanha-da-fraternidade-e-a-vigilancia-politica-mestre-jc-sebe-bom-meihy\/","title":{"rendered":"A CAMPANHA DA FRATERNIDADE E A VIGIL\u00c2NCIA POL\u00cdTICA (Mestre JC Sebe Bom Meihy)"},"content":{"rendered":"<p>Segundo reza o dito popular, no Brasil o ano come\u00e7a de verdade depois do Carnaval. As raz\u00f5es para tanto, creio, derivam do excesso de festas acumuladas desde os novembros, passando por exaustivos dezembros e desembocando em t\u00f3rridos janeiros, fevereiros \u2013 e por vezes em mar\u00e7o. Como se fosse um divisor entre a ressaca festiva e as responsabilidades cotidianas, as celebra\u00e7\u00f5es mom\u00edsticas fecham um ciclo consequente, sugerindo recolhimento e bom senso.<\/p>\n<p>Um dos brados retumbantes dos novos tempos \u00e9 definido pela igreja cat\u00f3lica que anuncia o per\u00edodo da quaresma, inaugurado com a sobriedade cab\u00edvel na simbologia da quarta-feira de cinzas. Preside ent\u00e3o um ritual carregado de significados que nos livrariam de pecados supostamente acumulados at\u00e9 a ter\u00e7a-feira gorda. Os jejuns apregoados, em particular em rela\u00e7\u00e3o \u00e0 met\u00e1fora da carne (de onde pode ter derivado o sentido do carnaval como nega\u00e7\u00e3o de excessos), remetem \u00e0 gravidade do cotidiano inef\u00e1vel. Ainda na esfera da vida crist\u00e3, a campanha da fraternidade \u00e9 propagada como alerta aos fi\u00e9is para conclamas de teores austeros e urgentes. Os chamamentos deste ano s\u00e3o oportunos e bem objetivos, e est\u00e3o expressos em duas indica\u00e7\u00f5es. Sob o tema: Fraternidade e Pol\u00edticas P\u00fablicas, a igreja cat\u00f3lica apoia a escolha baseada no lema \u201cser\u00e1s libertado pelo direito e pela justi\u00e7a\u201d (Is 1, 27). Fica, pois. dado o recado magnificente e ajuizado.<\/p>\n<p>Vale notar que a equipe que elegeu os motes agora assumidos se reuniu para o veredito final divulgado desde agosto de 2017 (portanto, h\u00e1 mais de um ano e meio). O comit\u00ea decis\u00f3rio foi composto por um grupo seleto de representantes de diversos segmentos da sociedade, sob o comando da CNBB (Confer\u00eancia Nacional dos Bispos do Brasil), que reuniu \u00f3rg\u00e3os civis e governamentais como a OAB (Ordem dos Advogados do Brasil), o Minist\u00e9rio da Justi\u00e7a e do Trabalho. A decis\u00e3o foi antecedida de muitas reuni\u00f5es que deliberam sobre sugest\u00f5es advindas de dioceses e setores mais espec\u00edficos da sociedade. No total, para este ano, foram analisadas quase uma centena de assuntos que, reduzidos a sete, contemplaram aspectos referentes \u00e0: viol\u00eancia e mortes no tr\u00e2nsito; pol\u00edticas de comunica\u00e7\u00e3o de massa; desigualdade e respeito \u00e0s diferen\u00e7as; quest\u00f5es familiares variadas (de aborto a suic\u00eddio); acolhimento a desvalidos como imigrantes, exilados, foragidos pol\u00edticos. Por sintetizar v\u00e1rios polos de tens\u00f5es,\u00a0foi deliberado \u201cfraternidade e as pol\u00edticas p\u00fablicas\u201d. Note-se que a repeti\u00e7\u00e3o do termo\u00a0\u201cfraternidade\u201d foge do sentido pleon\u00e1stico e ganha foros de indica\u00e7\u00e3o pol\u00edtica e de formas de participa\u00e7\u00e3o dos fi\u00e9is.<\/p>\n<p>O primeiro impacto dessa escolha trouxe de volta um velho dilema: deve a igreja, num estado constitucionalmente laico, interferir no \u00e2mbito pol\u00edtico amplo? Sabe-se que desde os chamados anos de chumbo, ou seja, do tempo que nos submeteu \u00e0 longa noite de 21 anos ditatoriais, foi a lideran\u00e7a cat\u00f3lica, entre poucos outros valentes institutos, a que melhor abrigou setores democr\u00e1ticos e deu vez aos insatisfeitos. Por l\u00f3gico, isso implicou uma nova leitura dos evangelhos e na identifica\u00e7\u00e3o da face sofredora de um Cristo popular projetada nos exclu\u00eddos de todos os tipos. De certa forma, o reposicionamento da c\u00fapula cat\u00f3lica retoma agora as conclus\u00f5es do Concilio Vaticano II que, em 1965, apontava a \u201cop\u00e7\u00e3o preferencial pelos pobres e desvalidos\u201d, claramente expressa no documento final chancelado por Paulo VI.<\/p>\n<p><a href=\"http:\/\/jornalcontato.com.br\/home\/wp-content\/uploads\/2019\/03\/Paulo-VI.jpg\"><img loading=\"lazy\" decoding=\"async\" class=\"aligncenter size-full wp-image-16708\" src=\"http:\/\/jornalcontato.com.br\/home\/wp-content\/uploads\/2019\/03\/Paulo-VI.jpg\" alt=\"Paulo VI\" width=\"299\" height=\"168\" \/><\/a><\/p>\n<p style=\"text-align: center;\"><em><strong>Papa Paulo VI chancela em 1965 o reposicionamento da c\u00fapula da Igreja Cat\u00f3lica<\/strong><\/em><\/p>\n<p>A sintom\u00e1tica retomada do vi\u00e9s crist\u00e3o\/pol\u00edtico, revela muito da sensibilidade dos dirigentes cat\u00f3licos atuais. A defesa de tantos prejudicados pelo avan\u00e7o inequ\u00edvoco de um capitalismo adjetivado como selvagem, novamente, torna-se programa, agora ressaltado em dois conceitos b\u00edblicos pilares: direito e justi\u00e7a. Tudo isto acontece em ambiente de falsa contradi\u00e7\u00e3o entre atitudes de outras denomina\u00e7\u00f5es religiosas, tamb\u00e9m crist\u00e3s, mas que adotam estrat\u00e9gias diferentes. A igreja cat\u00f3lica n\u00e3o se apresenta como for\u00e7a legislativa enquanto muitos neoevang\u00e9licos se representam como tal. Mas, pergunta-se, o que isto tem a ver com a cat\u00f3lica campanha da fraternidade? E a resposta indica a viv\u00eancia de estratagema diverso. Enquanto os dirigentes da igreja romana tentam conversar com o p\u00fablico por meio das li\u00e7\u00f5es dos evangelhos, os neopentecostais o fazem por vias institucionais, formulando-se em bancadas pol\u00edticas que legitimam suas propostas de cima para baixo. Por certo, ambas se aparelham em termos da constitui\u00e7\u00e3o, mas por media\u00e7\u00f5es bem diversas.<\/p>\n<p>A campanha da fraternidade exalta dois valores direito e justi\u00e7a, nesta ordem. As abordagens subjetivas, contudo, pulam do mero enunciado e convocam defini\u00e7\u00f5es: mas que direito e que justi\u00e7a: direito e justi\u00e7a dos homens? \u00c9 exatamente a\u00ed que reside a beleza da escolha cat\u00f3lica: sim, direito e justi\u00e7a dos homens, mas dos homens todos que devem comungar ideias, torn\u00e1-las opini\u00e3o p\u00fablica e, assim, legitimarem-se de baixo para cima. Contradizendo o significado crist\u00e3o assumido pelos neo-protestantes, n\u00e3o se pretende direito e justi\u00e7a legislados longe da anu\u00eancia e participa\u00e7\u00e3o direta dos fi\u00e9is; leis feitas por um punhado de pol\u00edticos que se dizem representantes do povo, sem lhes devotar autonomia para discuss\u00f5es. Os riscos da tem\u00e1tica cat\u00f3lica para esta campanha implicam participa\u00e7\u00f5es conscientes. Para que n\u00e3o exista apenas uma campanha de fachada, torna-se importante o debate aberto, dentro e fora das igrejas, e isso requer que assuma a valentia democr\u00e1tica de uma igreja que se abra para discutir quest\u00f5es essenciais para o futuro.<\/p>\n<p><a href=\"http:\/\/jornalcontato.com.br\/home\/wp-content\/uploads\/2019\/03\/Campanha-2019.jpg\"><img loading=\"lazy\" decoding=\"async\" class=\"aligncenter size-large wp-image-16709\" src=\"http:\/\/jornalcontato.com.br\/home\/wp-content\/uploads\/2019\/03\/Campanha-2019-450x253.jpg\" alt=\"Campanha 2019\" width=\"450\" height=\"253\" srcset=\"https:\/\/jornalcontato.com.br\/home\/wp-content\/uploads\/2019\/03\/Campanha-2019-450x253.jpg 450w, https:\/\/jornalcontato.com.br\/home\/wp-content\/uploads\/2019\/03\/Campanha-2019-300x169.jpg 300w, https:\/\/jornalcontato.com.br\/home\/wp-content\/uploads\/2019\/03\/Campanha-2019.jpg 712w\" sizes=\"auto, (max-width: 450px) 100vw, 450px\" \/><\/a><\/p>\n<p>A fim de promover direito e justi\u00e7a, \u00e9 b\u00e1sico o enfrentamento de assuntos desafiadores como, por exemplo, o celibato e a pedofilia dentro da pr\u00f3pria igreja, descriminaliza\u00e7\u00e3o do aborto como problema de sa\u00fade p\u00fablica, acatamento de segundas n\u00fapcias. Se a campanha da fraternidade, de fora para dentro, dos fieis para os pol\u00edticos, conseguir avan\u00e7ar, alguma resposta ser\u00e1 dada. Se n\u00e3o&#8230; Que Deus e os orix\u00e1s nos\u00a0ajudem.<\/p>\n","protected":false},"excerpt":{"rendered":"<p>Segundo reza o dito popular, no Brasil o ano come\u00e7a de verdade depois do Carnaval. As raz\u00f5es para tanto, creio, derivam do excesso de festas &#8230;<\/p>\n","protected":false},"author":1,"featured_media":16710,"comment_status":"open","ping_status":"open","sticky":false,"template":"","format":"standard","meta":{"footnotes":""},"categories":[1],"tags":[],"class_list":["post-16707","post","type-post","status-publish","format-standard","has-post-thumbnail","hentry","category-nacional"],"_links":{"self":[{"href":"https:\/\/www.jornalcontato.com.br\/home\/index.php\/wp-json\/wp\/v2\/posts\/16707","targetHints":{"allow":["GET"]}}],"collection":[{"href":"https:\/\/www.jornalcontato.com.br\/home\/index.php\/wp-json\/wp\/v2\/posts"}],"about":[{"href":"https:\/\/www.jornalcontato.com.br\/home\/index.php\/wp-json\/wp\/v2\/types\/post"}],"author":[{"embeddable":true,"href":"https:\/\/www.jornalcontato.com.br\/home\/index.php\/wp-json\/wp\/v2\/users\/1"}],"replies":[{"embeddable":true,"href":"https:\/\/www.jornalcontato.com.br\/home\/index.php\/wp-json\/wp\/v2\/comments?post=16707"}],"version-history":[{"count":1,"href":"https:\/\/www.jornalcontato.com.br\/home\/index.php\/wp-json\/wp\/v2\/posts\/16707\/revisions"}],"predecessor-version":[{"id":16711,"href":"https:\/\/www.jornalcontato.com.br\/home\/index.php\/wp-json\/wp\/v2\/posts\/16707\/revisions\/16711"}],"wp:featuredmedia":[{"embeddable":true,"href":"https:\/\/www.jornalcontato.com.br\/home\/index.php\/wp-json\/wp\/v2\/media\/16710"}],"wp:attachment":[{"href":"https:\/\/www.jornalcontato.com.br\/home\/index.php\/wp-json\/wp\/v2\/media?parent=16707"}],"wp:term":[{"taxonomy":"category","embeddable":true,"href":"https:\/\/www.jornalcontato.com.br\/home\/index.php\/wp-json\/wp\/v2\/categories?post=16707"},{"taxonomy":"post_tag","embeddable":true,"href":"https:\/\/www.jornalcontato.com.br\/home\/index.php\/wp-json\/wp\/v2\/tags?post=16707"}],"curies":[{"name":"wp","href":"https:\/\/api.w.org\/{rel}","templated":true}]}}