{"id":16644,"date":"2019-02-26T11:14:02","date_gmt":"2019-02-26T14:14:02","guid":{"rendered":"http:\/\/www.jornalcontato.com.br\/home\/?p=16644"},"modified":"2019-02-26T11:14:02","modified_gmt":"2019-02-26T14:14:02","slug":"circular-do-mec-e-tipica-de-ditaduras-bernardo-mello-franco-o-globo","status":"publish","type":"post","link":"https:\/\/www.jornalcontato.com.br\/home\/index.php\/circular-do-mec-e-tipica-de-ditaduras-bernardo-mello-franco-o-globo\/","title":{"rendered":"Circular do MEC \u00e9 t\u00edpica de ditaduras (Bernardo Mello Franco, O Globo)"},"content":{"rendered":"<p style=\"text-align: center;\"><strong><em>Ministro V\u00e9lez, Educa\u00e7\u00e3o, prometeu combater a \u2018doutrina\u00e7\u00e3o\u2019, mas quer despejar propaganda oficial nas salas de aula. A receita j\u00e1 foi usada no regime militar e no Estado Novo<\/em><\/strong><\/p>\n<p>\u00a0 \u00a0 \u00a0 \u00a0 \u00a0 O ministro da Educa\u00e7\u00e3o, Ricardo V\u00e9lez Rodr\u00edguez, orientou os diretores de escolas a filmarem os alunos perfilados diante da bandeira e ao som do hino nacional. O comunicado \u00e9 t\u00edpico de ditaduras, e n\u00e3o s\u00f3 pelo ufanismo de almanaque.<\/p>\n<p>V\u00e9lez enviou uma carta a ser lida para alunos, professores e funcion\u00e1rios no primeiro dia do ano letivo. O texto come\u00e7a com uma exclama\u00e7\u00e3o patri\u00f3tica (\u201cBrasileiros!\u201d) e termina com o slogan de campanha do presidente Jair Bolsonaro (\u201cBrasil acima de tudo, Deus acima de todos\u201d). Entre uma coisa e outra, exalta a chegada do \u201cBrasil dos novos tempos\u201d, numa aparente alus\u00e3o \u00e0 posse do chefe.<\/p>\n<p>A circular insta os diretores a filmarem as crian\u00e7as e enviarem os v\u00eddeos para o gabinete do ministro. S\u00f3 faltou dizer que as escolas que descumprirem a ordem ficar\u00e3o de recupera\u00e7\u00e3o \u2014 ou receber\u00e3o menos verbas federais no ano que vem.<\/p>\n<p>Pr\u00f3cer da ala olavista (seguidores de Olavo de Carvalho) do governo, V\u00e9lez j\u00e1 havia deixado claro que confunde as tarefas de Estado com a milit\u00e2ncia ideol\u00f3gica. Em vez de mirar as defici\u00eancias do ensino b\u00e1sico, tem desperdi\u00e7ado tempo com discursos contra a suposta influ\u00eancia do \u201cglobalismo\u201d e do \u201cmarxismo cultural\u201d sobre os professores.<\/p>\n<p><a href=\"http:\/\/jornalcontato.com.br\/home\/wp-content\/uploads\/2019\/02\/Propaganda-EB.jpg\"><img loading=\"lazy\" decoding=\"async\" class=\"aligncenter size-large wp-image-16645\" src=\"http:\/\/jornalcontato.com.br\/home\/wp-content\/uploads\/2019\/02\/Propaganda-EB-354x450.jpg\" alt=\"Propaganda EB\" width=\"354\" height=\"450\" srcset=\"https:\/\/jornalcontato.com.br\/home\/wp-content\/uploads\/2019\/02\/Propaganda-EB-354x450.jpg 354w, https:\/\/jornalcontato.com.br\/home\/wp-content\/uploads\/2019\/02\/Propaganda-EB-236x300.jpg 236w, https:\/\/jornalcontato.com.br\/home\/wp-content\/uploads\/2019\/02\/Propaganda-EB.jpg 720w\" sizes=\"auto, (max-width: 354px) 100vw, 354px\" \/><\/a><\/p>\n<p style=\"text-align: center;\"><em><strong>O governo federal j\u00e1 tem uma campanha nos moldes do realismo socialista<\/strong><\/em><\/p>\n<p>\u00a0 \u00a0 \u00a0 \u00a0 \u00a0 O ministro \u00e9 um cr\u00edtico da \u201cdoutrina\u00e7\u00e3o\u201d, mas sua circular representa exatamente o que ele diz combater: a tentativa de despejar conte\u00fado chapa-branca pela goela dos alunos. N\u00e3o chega a ser uma ideia original.<\/p>\n<p>Depois do golpe de 1964, que V\u00e9lez j\u00e1 definiu como uma data \u201cpara comemorar\u201d, os militares estimularam o culto \u00e0 bandeira e a prega\u00e7\u00e3o ufanista nas escolas. Chegaram a impor a disciplina Educa\u00e7\u00e3o Moral e C\u00edvica, outra patriotada que o ministro quer ressuscitar.<\/p>\n<p>Antes disso, o Estado Novo obrigou os estudantes a reverenciarem o chefe do governo e os s\u00edmbolos nacionais. Na cartilha \u201cGet\u00falio Vargas, o amigo das crian\u00e7as\u201d, editada pelo Departamento de Imprensa e Propaganda, o presidente dizia que \u201c\u00e9 preciso plasmar na cera virgem que \u00e9 a alma da crian\u00e7a a alma da pr\u00f3pria p\u00e1tria\u201d.<\/p>\n<p>\u00c9 assim que pensam as ditaduras, sejam elas de esquerda ou de direita.<\/p>\n","protected":false},"excerpt":{"rendered":"<p>Ministro V\u00e9lez, Educa\u00e7\u00e3o, prometeu combater a \u2018doutrina\u00e7\u00e3o\u2019, mas quer despejar propaganda oficial nas salas de aula. A receita j\u00e1 foi usada no regime militar e &#8230;<\/p>\n","protected":false},"author":1,"featured_media":16646,"comment_status":"open","ping_status":"open","sticky":false,"template":"","format":"standard","meta":{"footnotes":""},"categories":[1],"tags":[],"class_list":["post-16644","post","type-post","status-publish","format-standard","has-post-thumbnail","hentry","category-nacional"],"_links":{"self":[{"href":"https:\/\/www.jornalcontato.com.br\/home\/index.php\/wp-json\/wp\/v2\/posts\/16644","targetHints":{"allow":["GET"]}}],"collection":[{"href":"https:\/\/www.jornalcontato.com.br\/home\/index.php\/wp-json\/wp\/v2\/posts"}],"about":[{"href":"https:\/\/www.jornalcontato.com.br\/home\/index.php\/wp-json\/wp\/v2\/types\/post"}],"author":[{"embeddable":true,"href":"https:\/\/www.jornalcontato.com.br\/home\/index.php\/wp-json\/wp\/v2\/users\/1"}],"replies":[{"embeddable":true,"href":"https:\/\/www.jornalcontato.com.br\/home\/index.php\/wp-json\/wp\/v2\/comments?post=16644"}],"version-history":[{"count":1,"href":"https:\/\/www.jornalcontato.com.br\/home\/index.php\/wp-json\/wp\/v2\/posts\/16644\/revisions"}],"predecessor-version":[{"id":16647,"href":"https:\/\/www.jornalcontato.com.br\/home\/index.php\/wp-json\/wp\/v2\/posts\/16644\/revisions\/16647"}],"wp:featuredmedia":[{"embeddable":true,"href":"https:\/\/www.jornalcontato.com.br\/home\/index.php\/wp-json\/wp\/v2\/media\/16646"}],"wp:attachment":[{"href":"https:\/\/www.jornalcontato.com.br\/home\/index.php\/wp-json\/wp\/v2\/media?parent=16644"}],"wp:term":[{"taxonomy":"category","embeddable":true,"href":"https:\/\/www.jornalcontato.com.br\/home\/index.php\/wp-json\/wp\/v2\/categories?post=16644"},{"taxonomy":"post_tag","embeddable":true,"href":"https:\/\/www.jornalcontato.com.br\/home\/index.php\/wp-json\/wp\/v2\/tags?post=16644"}],"curies":[{"name":"wp","href":"https:\/\/api.w.org\/{rel}","templated":true}]}}