{"id":16590,"date":"2019-02-14T08:30:24","date_gmt":"2019-02-14T11:30:24","guid":{"rendered":"http:\/\/www.jornalcontato.com.br\/home\/?p=16590"},"modified":"2019-02-14T08:30:24","modified_gmt":"2019-02-14T11:30:24","slug":"o-filho-pit-bull-abriu-crise-no-bolsonarismo-bernardo-mello-franco","status":"publish","type":"post","link":"https:\/\/www.jornalcontato.com.br\/home\/index.php\/o-filho-pit-bull-abriu-crise-no-bolsonarismo-bernardo-mello-franco\/","title":{"rendered":"O filho \u2018pit bull\u2019 abriu crise no bolsonarismo (Bernardo Mello Franco)"},"content":{"rendered":"<p>Jair Bolsonaro costuma chamar o filho Carlos de \u201cmeu pit bull\u201d. Ontem o c\u00e3o raivoso voltou a morder o governo. O Zero Dois atacou o secret\u00e1rio-geral da Presid\u00eancia, Gustavo Bebianno. Chamou de mentiroso um dos ministros com gabinete no Planalto.<\/p>\n<p>O tu\u00edte de Carluxo abriu uma nova crise no bolsonarismo. O ministro j\u00e1 estava na berlinda desde que reportagens da \u201cFolha de S.Paulo\u201d revelaram um laranjal nas campanhas do PSL. Agora \u00e9 fritado a fogo alto pelo filho mais pr\u00f3ximo do presidente. O Zero Dois \u00e9 vereador no Rio, mas prefere disputar poder em Bras\u00edlia.<\/p>\n<p>Na transi\u00e7\u00e3o, ele escreveu que morte de Bolsonaro n\u00e3o interessaria \u201csomente aos inimigos declarados, mas tamb\u00e9m aos que est\u00e3o muito perto \u201d. A frase foi interpretada como um recado ao vice Hamilton Mour\u00e3o.<\/p>\n<p>Desta vez, o ataque foi mais direto. Carluxo desmentiu Bebianno, que disse ter falado tr\u00eas vezes com o presidente na ter\u00e7a. O relato foi uma \u201cmentira absoluta\u201d, rebateu o herdeiro do presidente. Ele tamb\u00e9m divulgou um \u00e1udio em que o pai se recusa a atender o ministro.Os latidos do pit bull j\u00e1 causavam inc\u00f4modo no governo, especialmente entre os ministros militares. Ontem, parlamentares aliados tamb\u00e9m reagiram. \u201cO filho do presidente est\u00e1 tentando criar uma crise dentro do governo\u201d, acusou a deputada Joice Hasselmann. \u201c\u00c9 uma coisa de louco\u201d, acrescentou. N\u00e3o foi a primeira a associar a palavra ao Zero Dois.<\/p>\n<p>Bebianno presidia o PSL durante a campanha e era respons\u00e1vel pela divis\u00e3o do fundo eleitoral. H\u00e1 fortes ind\u00edcios de que o partido desviou dinheiro p\u00fablico. A sigla informou \u00e0 Justi\u00e7a que direcionou quase R$ 700 mil a cinco candidatas que somaram apenas 2.348 votos. O ministro deve explica\u00e7\u00f5es, mas Carluxo elevou a press\u00e3o sobre o Planalto ao torpede\u00e1-lo.<\/p>\n<p><a href=\"http:\/\/jornalcontato.com.br\/home\/wp-content\/uploads\/2019\/02\/Bolsonaro-e-Bebiano-1.jpg\"><img loading=\"lazy\" decoding=\"async\" class=\"aligncenter size-full wp-image-16593\" src=\"http:\/\/jornalcontato.com.br\/home\/wp-content\/uploads\/2019\/02\/Bolsonaro-e-Bebiano-1.jpg\" alt=\"Bolsonaro e Bebiano\" width=\"300\" height=\"168\" \/><\/a><\/p>\n<p style=\"text-align: center;\"><em><strong>Secret\u00e1rio do Governo, Bebiano era homem de confian\u00e7a de Bolsonaro<\/strong><\/em><\/p>\n<p>Sem cargos no governo, os filhos do presidente v\u00e3o se especializando em fabricar crises. Antes da elei\u00e7\u00e3o, o Zero Tr\u00eas amea\u00e7ou fechar o Supremo com \u201cum cabo e um soldado\u201d. Depois o Zero Um entrou na mira do Coaf, sob suspeita de embolsar sal\u00e1rios de assessores. Agora o tumulto tem origem no dedo nervoso do Zero Dois.<\/p>\n<p>Sem cargos no governo, os filhos de Bolsonaro v\u00e3o se especializando em fabricar crises. Desta vez, o tumulto tem origem no dedo nervoso de Carlos, o Zero Dois.<\/p>\n<p style=\"text-align: right;\"><em><strong>O Globo, 14 fevereiro 2019<\/strong><\/em><\/p>\n","protected":false},"excerpt":{"rendered":"<p>Jair Bolsonaro costuma chamar o filho Carlos de \u201cmeu pit bull\u201d. Ontem o c\u00e3o raivoso voltou a morder o governo. O Zero Dois atacou o &#8230;<\/p>\n","protected":false},"author":1,"featured_media":16594,"comment_status":"open","ping_status":"open","sticky":false,"template":"","format":"standard","meta":{"footnotes":""},"categories":[1],"tags":[],"class_list":["post-16590","post","type-post","status-publish","format-standard","has-post-thumbnail","hentry","category-nacional"],"_links":{"self":[{"href":"https:\/\/www.jornalcontato.com.br\/home\/index.php\/wp-json\/wp\/v2\/posts\/16590","targetHints":{"allow":["GET"]}}],"collection":[{"href":"https:\/\/www.jornalcontato.com.br\/home\/index.php\/wp-json\/wp\/v2\/posts"}],"about":[{"href":"https:\/\/www.jornalcontato.com.br\/home\/index.php\/wp-json\/wp\/v2\/types\/post"}],"author":[{"embeddable":true,"href":"https:\/\/www.jornalcontato.com.br\/home\/index.php\/wp-json\/wp\/v2\/users\/1"}],"replies":[{"embeddable":true,"href":"https:\/\/www.jornalcontato.com.br\/home\/index.php\/wp-json\/wp\/v2\/comments?post=16590"}],"version-history":[{"count":1,"href":"https:\/\/www.jornalcontato.com.br\/home\/index.php\/wp-json\/wp\/v2\/posts\/16590\/revisions"}],"predecessor-version":[{"id":16595,"href":"https:\/\/www.jornalcontato.com.br\/home\/index.php\/wp-json\/wp\/v2\/posts\/16590\/revisions\/16595"}],"wp:featuredmedia":[{"embeddable":true,"href":"https:\/\/www.jornalcontato.com.br\/home\/index.php\/wp-json\/wp\/v2\/media\/16594"}],"wp:attachment":[{"href":"https:\/\/www.jornalcontato.com.br\/home\/index.php\/wp-json\/wp\/v2\/media?parent=16590"}],"wp:term":[{"taxonomy":"category","embeddable":true,"href":"https:\/\/www.jornalcontato.com.br\/home\/index.php\/wp-json\/wp\/v2\/categories?post=16590"},{"taxonomy":"post_tag","embeddable":true,"href":"https:\/\/www.jornalcontato.com.br\/home\/index.php\/wp-json\/wp\/v2\/tags?post=16590"}],"curies":[{"name":"wp","href":"https:\/\/api.w.org\/{rel}","templated":true}]}}