{"id":16569,"date":"2019-02-12T10:17:24","date_gmt":"2019-02-12T13:17:24","guid":{"rendered":"http:\/\/www.jornalcontato.com.br\/home\/?p=16569"},"modified":"2019-02-12T10:17:24","modified_gmt":"2019-02-12T13:17:24","slug":"o-inimigo-veste-batina-jose-casado-oglobo","status":"publish","type":"post","link":"https:\/\/www.jornalcontato.com.br\/home\/index.php\/o-inimigo-veste-batina-jose-casado-oglobo\/","title":{"rendered":"O inimigo veste batina (Jos\u00e9 Casado, OGlobo)"},"content":{"rendered":"<p>Augusto Heleno Ribeiro Pereira tem preced\u00eancia hier\u00e1rquica na curadoria militar do governo Jair Bolsonaro. \u00c9 da tradi\u00e7\u00e3o dos quart\u00e9is, onde viveu 45 dos seus 71 anos de idade \u2014 a \u00faltima d\u00fazia como general.<\/p>\n<p>A ascend\u00eancia sobre Bolsonaro tem origem na dedica\u00e7\u00e3o do treinador da Academiadas Agulhas Negras, que ajudou o cadete Caval\u00e3o a se destacar em pentatlo moderno. A gratid\u00e3o veio coma chefia do Gabinete de Seguran\u00e7a Institucional.<\/p>\n<p>Desde que experimentou um bi\u00eanio no Comando Militar da Amaz\u00f4nia (2007-2009), com 17 mil soldados em quatro brigadas de infantaria de selva, Ribeiro Pereira\u2014mais conhecido como Augusto Heleno\u2014enxerga um potencial de \u201cteatro de opera\u00e7\u00f5es\u201d em metade do mapa do Brasil, por aus\u00eancia do Estado.<\/p>\n<p>Nas \u00faltimas d\u00e9cadas, recitou em audit\u00f3rios os cl\u00e1ssicos da catequese sobre a \u201ccobi\u00e7a internacional\u201d pela Amaz\u00f4nia, al\u00e9m de listar equa\u00e7\u00f5es diplom\u00e1ticas nos 11 mil kms da fronteira Norte com chance de \u201cdescambar para uma situa\u00e7\u00e3o b\u00e9lica\u201d.<\/p>\n<p>Agora, como disse \u00e0 rep\u00f3rter T\u00e2nia Monteiro, mobiliza o governo para \u201cneutralizar\u201d o Vaticano, que programou para outubro o S\u00ednodo da Amaz\u00f4nia, com batinas de Brasil, Bol\u00edvia, Col\u00f4mbia, Equador, Venezuela, Perue Antilhas. Faltou o chefe do GSI definir \u201cneutralizar\u201d.<\/p>\n<p>Argumenta com poss\u00edveis cr\u00edticas do Vaticano \u00e0 pol\u00edtica para a Amaz\u00f4nia. Seria imposs\u00edvel, porque, se existe, at\u00e9 hoje ningu\u00e9m viu \u2014 como o projeto de reforma da Previd\u00eancia.<\/p>\n<p>Ele se queixa de que \u201ch\u00e1 muito tempo existe influ\u00eancia da Igreja e ONGs na floresta\u201d. Tem raz\u00e3o. Entidades civis proliferam no v\u00e1cuo estatal. A hist\u00f3ria da Igreja Cat\u00f3lica \u00e9 mais antiga.<\/p>\n<p>Ribeiro Pereira talvez tenha esquecido, mas Brasil \u00e9 assunto em Roma desde meio s\u00e9culo antes do \u201cDescobrimento\u201d. Caminha registrou o \u201cachamento\u201d, a missa e a ordem do capit\u00e3o Cabral para deixar na praia de Santa Cruz (BA) um par de colonos. Um deles se chamava Ribeiro. Quem, algum dia, desfrutou do prazer de conviver com Ricardo Boechat aprendeu algo sobre o significado da palavra \u201cliberdade\u201d.<\/p>\n<p style=\"text-align: right;\"><strong><em>jose.casado@oglobo.com.br<\/em><\/strong><\/p>\n<p><strong>*****<\/strong><\/p>\n<p><a href=\"http:\/\/jornalcontato.com.br\/home\/wp-content\/uploads\/2019\/02\/Bolsonaro-e-Mourao.jpg\"><img loading=\"lazy\" decoding=\"async\" class=\"aligncenter size-full wp-image-16570\" src=\"http:\/\/jornalcontato.com.br\/home\/wp-content\/uploads\/2019\/02\/Bolsonaro-e-Mourao.jpg\" alt=\"Bolsonaro e Mourao\" width=\"275\" height=\"183\" \/><\/a><\/p>\n<p style=\"text-align: center;\"><em><strong>Bolsonaro e Mour\u00e3o: estariam se estranhando?<\/strong><\/em><\/p>\n<p><strong><em>Lauro Jardim informa:<\/em><\/strong><\/p>\n<p style=\"text-align: center;\"><strong>Nem uma visita de Mour\u00e3o<\/strong><\/p>\n<p><strong>Jair Bolsonaro<\/strong> completou ontem quinze dias internado no Albert Einstein. Segundo os seus m\u00e9dicos, deve ter alta amanh\u00e3. Beleza.<\/p>\n<p><strong>Hamilton Mour\u00e3o<\/strong> n\u00e3o o visitou no hospital nem uma \u00fanica vez, embora tenha, no s\u00e1bado, falado com o presidente pelo telefone.<\/p>\n","protected":false},"excerpt":{"rendered":"<p>Augusto Heleno Ribeiro Pereira tem preced\u00eancia hier\u00e1rquica na curadoria militar do governo Jair Bolsonaro. \u00c9 da tradi\u00e7\u00e3o dos quart\u00e9is, onde viveu 45 dos seus 71 &#8230;<\/p>\n","protected":false},"author":1,"featured_media":16571,"comment_status":"open","ping_status":"open","sticky":false,"template":"","format":"standard","meta":{"footnotes":""},"categories":[1],"tags":[],"class_list":["post-16569","post","type-post","status-publish","format-standard","has-post-thumbnail","hentry","category-nacional"],"_links":{"self":[{"href":"https:\/\/www.jornalcontato.com.br\/home\/index.php\/wp-json\/wp\/v2\/posts\/16569","targetHints":{"allow":["GET"]}}],"collection":[{"href":"https:\/\/www.jornalcontato.com.br\/home\/index.php\/wp-json\/wp\/v2\/posts"}],"about":[{"href":"https:\/\/www.jornalcontato.com.br\/home\/index.php\/wp-json\/wp\/v2\/types\/post"}],"author":[{"embeddable":true,"href":"https:\/\/www.jornalcontato.com.br\/home\/index.php\/wp-json\/wp\/v2\/users\/1"}],"replies":[{"embeddable":true,"href":"https:\/\/www.jornalcontato.com.br\/home\/index.php\/wp-json\/wp\/v2\/comments?post=16569"}],"version-history":[{"count":1,"href":"https:\/\/www.jornalcontato.com.br\/home\/index.php\/wp-json\/wp\/v2\/posts\/16569\/revisions"}],"predecessor-version":[{"id":16572,"href":"https:\/\/www.jornalcontato.com.br\/home\/index.php\/wp-json\/wp\/v2\/posts\/16569\/revisions\/16572"}],"wp:featuredmedia":[{"embeddable":true,"href":"https:\/\/www.jornalcontato.com.br\/home\/index.php\/wp-json\/wp\/v2\/media\/16571"}],"wp:attachment":[{"href":"https:\/\/www.jornalcontato.com.br\/home\/index.php\/wp-json\/wp\/v2\/media?parent=16569"}],"wp:term":[{"taxonomy":"category","embeddable":true,"href":"https:\/\/www.jornalcontato.com.br\/home\/index.php\/wp-json\/wp\/v2\/categories?post=16569"},{"taxonomy":"post_tag","embeddable":true,"href":"https:\/\/www.jornalcontato.com.br\/home\/index.php\/wp-json\/wp\/v2\/tags?post=16569"}],"curies":[{"name":"wp","href":"https:\/\/api.w.org\/{rel}","templated":true}]}}