{"id":16560,"date":"2019-02-06T18:53:33","date_gmt":"2019-02-06T21:53:33","guid":{"rendered":"http:\/\/www.jornalcontato.com.br\/home\/?p=16560"},"modified":"2019-02-07T09:58:28","modified_gmt":"2019-02-07T12:58:28","slug":"o-pacote-de-moro-e-a-licenca-para-matar-bernardo-mello-franco","status":"publish","type":"post","link":"https:\/\/www.jornalcontato.com.br\/home\/index.php\/o-pacote-de-moro-e-a-licenca-para-matar-bernardo-mello-franco\/","title":{"rendered":"O pacote de Moro e a licen\u00e7a para matar (Bernardo Mello Franco)"},"content":{"rendered":"<p style=\"text-align: center;\"><strong><em>Hoje a pol\u00edcia brasileira j\u00e1 \u00e9 a que mais mata no mundo<\/em><\/strong><\/p>\n<p>O pacote de Sergio Moro deu forma jur\u00eddica a uma obsess\u00e3o de Jair Bolsonaro: o chamado \u201cexcludente de ilicitude\u201d. O presidente quer mudar a lei para permitir que os policiais atirem sem risco de puni\u00e7\u00e3o. \u201cSe algu\u00e9m disser que quero dar carta branca para policial militar matar, eu respondo: quero sim\u201d, ele explicou, no in\u00edcio da campanha.<\/p>\n<p>O C\u00f3digo Penal j\u00e1 diz que n\u00e3o h\u00e1 crime quando o agente mata \u201cem estado de necessidade\u201d, \u201cem leg\u00edtima defesa\u201d ou \u201cem estrito cumprimento de dever legal\u201d. O projeto de Moro amplia as hip\u00f3teses de impunidade. Afirma que o juiz poder\u00e1 \u201creduzir a pena at\u00e9 a metade ou deixar de aplic\u00e1-la\u201d se o policial matar sob \u201cescus\u00e1vel medo, surpresa ou violenta emo\u00e7\u00e3o\u201d.<\/p>\n<p>A elei\u00e7\u00e3o de 2018 consagrou o discurso do \u201cbandido bom \u00e9 bandido morto\u201d. A bancada da bala aumentou, e Bolsonaro chegou ao Planalto repetindo que \u201csoldado nosso n\u00e3o senta no banco dos r\u00e9us\u201d. \u201cEnquanto n\u00f3s n\u00e3o dermos essa carta branca para o policial atirar para matar, n\u00f3s n\u00e3o teremos como reduzir a viol\u00eancia no Brasil\u201d, ele disse. O problema \u00e9 que os n\u00fameros indicam exatamente o contr\u00e1rio. A pol\u00edcia nunca matou tanto, e o pa\u00eds nunca registrou tantos homic\u00eddios.<\/p>\n<p>Em 2015, os policiais militares e civis da ativa mataram 3.330 pessoas. Em 2016, o n\u00famero saltou para 4.240. Em 2017, chegou a 5.159, de acordo com dados atualizados do Anu\u00e1rio Brasileiro de Seguran\u00e7a P\u00fablica. O total de homic\u00eddios tamb\u00e9m cresceu ano a ano, at\u00e9 alcan\u00e7ar o recorde de 63.895.<\/p>\n<p><a href=\"http:\/\/jornalcontato.com.br\/home\/wp-content\/uploads\/2019\/02\/Paulo-S-Pinheiro.jpg\"><img loading=\"lazy\" decoding=\"async\" class=\"aligncenter size-large wp-image-16561\" src=\"http:\/\/jornalcontato.com.br\/home\/wp-content\/uploads\/2019\/02\/Paulo-S-Pinheiro-450x239.jpg\" alt=\"Paulo S Pinheiro\" width=\"450\" height=\"239\" srcset=\"https:\/\/jornalcontato.com.br\/home\/wp-content\/uploads\/2019\/02\/Paulo-S-Pinheiro-450x239.jpg 450w, https:\/\/jornalcontato.com.br\/home\/wp-content\/uploads\/2019\/02\/Paulo-S-Pinheiro-300x159.jpg 300w, https:\/\/jornalcontato.com.br\/home\/wp-content\/uploads\/2019\/02\/Paulo-S-Pinheiro.jpg 600w\" sizes=\"auto, (max-width: 450px) 100vw, 450px\" \/><\/a><\/p>\n<p style=\"text-align: center;\"><em><strong>Paulo S\u00e9rgio Pinheiro: proposta \u00e9 uma &#8220;apologia \u00e0 viol\u00eancia policial&#8221;<\/strong><\/em><\/p>\n<p>O professor Paulo S\u00e9rgio Pinheiro, secret\u00e1rio de Direitos Humanos do governo FH, v\u00ea a proposta de Moro como uma \u201capologia \u00e0 viol\u00eancia policial\u201d. \u201cFacilitar as execu\u00e7\u00f5es extrajudiciais n\u00e3o vai melhorar em nada a seguran\u00e7a p\u00fablica. Se isso funcionasse, o Brasil seria o pa\u00eds mais pac\u00edfico do mundo\u201d, afirma.<\/p>\n<p>O presidente do F\u00f3rum Brasileiro de Seguran\u00e7a P\u00fablica, Renato S\u00e9rgio de Lima, pede cautela com o \u201cpopulismo penal\u201d. \u201cEstou muito preocupado, porque o volume de pessoas mortas pela pol\u00edcia j\u00e1 bate todos os recordes. Se o agente disser que atirou sob violenta emo\u00e7\u00e3o, ser\u00e1 absolvido sumariamente?\u201d, questiona.<\/p>\n","protected":false},"excerpt":{"rendered":"<p>Hoje a pol\u00edcia brasileira j\u00e1 \u00e9 a que mais mata no mundo O pacote de Sergio Moro deu forma jur\u00eddica a uma obsess\u00e3o de Jair &#8230;<\/p>\n","protected":false},"author":1,"featured_media":16564,"comment_status":"open","ping_status":"open","sticky":false,"template":"","format":"standard","meta":{"footnotes":""},"categories":[1],"tags":[],"class_list":["post-16560","post","type-post","status-publish","format-standard","has-post-thumbnail","hentry","category-nacional"],"_links":{"self":[{"href":"https:\/\/www.jornalcontato.com.br\/home\/index.php\/wp-json\/wp\/v2\/posts\/16560","targetHints":{"allow":["GET"]}}],"collection":[{"href":"https:\/\/www.jornalcontato.com.br\/home\/index.php\/wp-json\/wp\/v2\/posts"}],"about":[{"href":"https:\/\/www.jornalcontato.com.br\/home\/index.php\/wp-json\/wp\/v2\/types\/post"}],"author":[{"embeddable":true,"href":"https:\/\/www.jornalcontato.com.br\/home\/index.php\/wp-json\/wp\/v2\/users\/1"}],"replies":[{"embeddable":true,"href":"https:\/\/www.jornalcontato.com.br\/home\/index.php\/wp-json\/wp\/v2\/comments?post=16560"}],"version-history":[{"count":1,"href":"https:\/\/www.jornalcontato.com.br\/home\/index.php\/wp-json\/wp\/v2\/posts\/16560\/revisions"}],"predecessor-version":[{"id":16563,"href":"https:\/\/www.jornalcontato.com.br\/home\/index.php\/wp-json\/wp\/v2\/posts\/16560\/revisions\/16563"}],"wp:featuredmedia":[{"embeddable":true,"href":"https:\/\/www.jornalcontato.com.br\/home\/index.php\/wp-json\/wp\/v2\/media\/16564"}],"wp:attachment":[{"href":"https:\/\/www.jornalcontato.com.br\/home\/index.php\/wp-json\/wp\/v2\/media?parent=16560"}],"wp:term":[{"taxonomy":"category","embeddable":true,"href":"https:\/\/www.jornalcontato.com.br\/home\/index.php\/wp-json\/wp\/v2\/categories?post=16560"},{"taxonomy":"post_tag","embeddable":true,"href":"https:\/\/www.jornalcontato.com.br\/home\/index.php\/wp-json\/wp\/v2\/tags?post=16560"}],"curies":[{"name":"wp","href":"https:\/\/api.w.org\/{rel}","templated":true}]}}