{"id":16544,"date":"2019-02-01T13:52:04","date_gmt":"2019-02-01T16:52:04","guid":{"rendered":"http:\/\/www.jornalcontato.com.br\/home\/?p=16544"},"modified":"2019-02-01T13:52:04","modified_gmt":"2019-02-01T16:52:04","slug":"pedida-cassacao-do-presidente-da-camara-municipal-pedro-paulo","status":"publish","type":"post","link":"https:\/\/www.jornalcontato.com.br\/home\/index.php\/pedida-cassacao-do-presidente-da-camara-municipal-pedro-paulo\/","title":{"rendered":"Pedida cassa\u00e7\u00e3o do presidente da C\u00e2mara Municipal (Pedro Paulo)"},"content":{"rendered":"<p>Na tarde de quinta, 31 de janeiro, tr\u00eas advogados de Taubat\u00e9 protocolaram\u00a0Representa\u00e7\u00e3o por Quebra de Decoro e \u00c9tica junto \u00e0 Comiss\u00e3o de \u00c9tica da C\u00e2mara\u00a0Municipal pleiteando a cassa\u00e7\u00e3o do atual Presidente do poder Legislativo, o vereador\u00a0Boanerges dos Santos (PTB).<\/p>\n<p>A peti\u00e7\u00e3o \u00e9 assinada pelos advogados Marcos Lim\u00e3o, Guilherme Vianna e Lucas\u00a0Lousada. Eles alegam infra\u00e7\u00e3o ao Regimento Interno e ao C\u00f3digo de \u00c9tica.<\/p>\n<p><a href=\"http:\/\/jornalcontato.com.br\/home\/wp-content\/uploads\/2019\/02\/Guilherme-cortada.jpg\"><img loading=\"lazy\" decoding=\"async\" class=\"aligncenter size-large wp-image-16546\" src=\"http:\/\/jornalcontato.com.br\/home\/wp-content\/uploads\/2019\/02\/Guilherme-cortada-450x227.jpg\" alt=\"Guilherme cortada\" width=\"450\" height=\"227\" srcset=\"https:\/\/jornalcontato.com.br\/home\/wp-content\/uploads\/2019\/02\/Guilherme-cortada-450x227.jpg 450w, https:\/\/jornalcontato.com.br\/home\/wp-content\/uploads\/2019\/02\/Guilherme-cortada-300x152.jpg 300w, https:\/\/jornalcontato.com.br\/home\/wp-content\/uploads\/2019\/02\/Guilherme-cortada.jpg 479w\" sizes=\"auto, (max-width: 450px) 100vw, 450px\" \/><\/a><\/p>\n<p style=\"text-align: center;\"><em><strong>Advogado Guilherme Vianna<\/strong><\/em><\/p>\n<p><strong>ENTENDA O CASO<\/strong><\/p>\n<p>Ap\u00f3s ser eleito para o cargo de Presidente da C\u00e2mara, no dia 14 de dezembro, vereador Boanerges dos Santos (PTB) concedeu entrevista ao jornal \u201cO Vale\u201d\u00a0anunciando a sua pol\u00edtica de redu\u00e7\u00e3o de gastos. Trata-se de um discurso pol\u00edtico que\u00a0encontra resson\u00e2ncia junto \u00e0 sociedade e o projeta politicamente.\u00a0Para tanto, Boanerges encaminhou 12 ve\u00edculos da C\u00e2mara Municipal\u00a0para a Prefeitura de Taubat\u00e9 no in\u00edcio do ano. O pr\u00f3ximo passo \u00e9 assinar um conv\u00eanio\u00a0em que transfere motoristas do Legislativo para o Executivo.<\/p>\n<p>Ocorre, entretanto, que, ao anunciar sua pol\u00edtica de conten\u00e7\u00e3o de gastos atrav\u00e9s da m\u00eddia, Boanerge, como Presidente da CMT, transgrediu o Regimento Interno e o C\u00f3digo de \u00c9tica, por denegrir a imagem dos motoristas ao afirmar que eles cometem atos ilegais e imorais no dia-a-dia.<\/p>\n<p>Para os advogados, se existe algum motorista que comete ato ilegal e imoral, o Presidente deveria instaurar processo administrativo para apurar os fatos, mediante contradit\u00f3rio e ampla defesa, e n\u00e3o proferir acusa\u00e7\u00f5es gen\u00e9ricas e sem provas\u00a0atrav\u00e9s da m\u00eddia. Al\u00e9m disso, sustentam que \u00e9 falacioso o discurso de redu\u00e7\u00e3o de gastos\u00a0uma vez que o pr\u00f3prio Presidente da C\u00e2mara Municipal anuncia que pode aumentar o\u00a0subs\u00eddio dos Vereadores com a redu\u00e7\u00e3o de motoristas e carros.<\/p>\n<p><a href=\"http:\/\/jornalcontato.com.br\/home\/wp-content\/uploads\/2019\/02\/boanerge-dos-santos.jpg\"><img loading=\"lazy\" decoding=\"async\" class=\"aligncenter size-large wp-image-16547\" src=\"http:\/\/jornalcontato.com.br\/home\/wp-content\/uploads\/2019\/02\/boanerge-dos-santos-450x450.jpg\" alt=\"boanerge dos santos\" width=\"450\" height=\"450\" srcset=\"https:\/\/jornalcontato.com.br\/home\/wp-content\/uploads\/2019\/02\/boanerge-dos-santos-450x450.jpg 450w, https:\/\/jornalcontato.com.br\/home\/wp-content\/uploads\/2019\/02\/boanerge-dos-santos-150x150.jpg 150w, https:\/\/jornalcontato.com.br\/home\/wp-content\/uploads\/2019\/02\/boanerge-dos-santos-300x300.jpg 300w, https:\/\/jornalcontato.com.br\/home\/wp-content\/uploads\/2019\/02\/boanerge-dos-santos-80x80.jpg 80w, https:\/\/jornalcontato.com.br\/home\/wp-content\/uploads\/2019\/02\/boanerge-dos-santos-360x360.jpg 360w, https:\/\/jornalcontato.com.br\/home\/wp-content\/uploads\/2019\/02\/boanerge-dos-santos.jpg 557w\" sizes=\"auto, (max-width: 450px) 100vw, 450px\" \/><\/a><\/p>\n<p style=\"text-align: center;\"><em><strong>Vereador Boanerges dos Santos (PTB), presidente da C\u00e2mara Municipal<\/strong><\/em><\/p>\n<p>\u00a0 \u00a0 \u00a0 \u00a0 \u00a0 O mais grave, por\u00e9m, na vis\u00e3o dos advogados, \u00e9 que o Presidente da CMT enfraquece o poder Legislativo baseado na atribui\u00e7\u00e3o constitucional de fiscalizar o poder Executivo. Afinal, carro e motoristas s\u00e3o instrumentos de trabalho do Vereador. Atente para um pequeno enorme detalhe: Boanerges ocupava cargo comissionado, de confian\u00e7a, na Prefeitura antes de ser eleito Vereador.<\/p>\n<p>\u201c<em>O Representado [Boanerges dos Santos] transgrediu dever\u00a0<\/em><em>fundamental de Vereador, pois divulgou mat\u00e9ria e informa\u00e7\u00e3o inver\u00eddica e que causou\u00a0<\/em><em>repercuss\u00e3o pol\u00eamica e danosa para a C\u00e2mara Municipal [&#8230;] Cabe enfatizar ainda\u00a0<\/em><em>que houve a imputa\u00e7\u00e3o de crime e de infra\u00e7\u00e3o funcional aos motoristas da C\u00e2mara\u00a0<\/em><em>Municipal, em ve\u00edculo de comunica\u00e7\u00e3o social, sem a apresenta\u00e7\u00e3o de qualquer de\u00a0<\/em><em>prova, fundamento, com argumentos inver\u00eddicos e mediante generalidades, colocando\u00a0<\/em><em>todos os motoristas da C\u00e2mara Municipal na condi\u00e7\u00e3o de suspeitos, atingindo as\u00a0<\/em><em>honras objetiva e subjetiva de cada um deles. Tal ato atenta contra a \u00c9tica e o Decoro\u00a0<\/em><em>Parlamentar, ou seja, fere os deveres fundamentais de um Vereador<\/em>\u201d, diz a\u00a0representa\u00e7\u00e3o.<\/p>\n<p>Os autores da peti\u00e7\u00e3o pleitearam tamb\u00e9m o afastamento tempor\u00e1rio de Boanerges dos Santos do cargo de Presidente da C\u00e2mara Municipal, porque existe a\u00a0possibilidade de o vereador contaminar o processo disciplinar devido \u00e0 sua influ\u00eancia\u00a0junto aos demais edis.<\/p>\n<p>Na pr\u00f3xima segunda-feira, dia 4 de fevereiro, est\u00e1 agendada a primeira reuni\u00e3o ordin\u00e1ria do ano, quando os vereadores v\u00e3o se reunir para eleger quem ocupar\u00e1 o cargo de 1\u00aa Vice-Presidente, ap\u00f3s a ren\u00fancia do vereador Jess\u00e9 (SD). Ao enviar os motoristas para o Executivo pode ser mais um movimento no xadrez pol\u00edtico na elei\u00e7\u00e3o estrat\u00e9gica para a pretens\u00e3o do Presidente do Legislativo. Afinal, para referendar o conv\u00eanio com a Prefeitura, s\u00e3o necess\u00e1rias as assinaturas de pelo menos tr\u00eas membros da Mesa Diretora.<\/p>\n","protected":false},"excerpt":{"rendered":"<p>Na tarde de quinta, 31 de janeiro, tr\u00eas advogados de Taubat\u00e9 protocolaram\u00a0Representa\u00e7\u00e3o por Quebra de Decoro e \u00c9tica junto \u00e0 Comiss\u00e3o de \u00c9tica da C\u00e2mara\u00a0Municipal &#8230;<\/p>\n","protected":false},"author":1,"featured_media":16547,"comment_status":"open","ping_status":"open","sticky":false,"template":"","format":"standard","meta":{"footnotes":""},"categories":[1],"tags":[],"class_list":["post-16544","post","type-post","status-publish","format-standard","has-post-thumbnail","hentry","category-nacional"],"_links":{"self":[{"href":"https:\/\/www.jornalcontato.com.br\/home\/index.php\/wp-json\/wp\/v2\/posts\/16544","targetHints":{"allow":["GET"]}}],"collection":[{"href":"https:\/\/www.jornalcontato.com.br\/home\/index.php\/wp-json\/wp\/v2\/posts"}],"about":[{"href":"https:\/\/www.jornalcontato.com.br\/home\/index.php\/wp-json\/wp\/v2\/types\/post"}],"author":[{"embeddable":true,"href":"https:\/\/www.jornalcontato.com.br\/home\/index.php\/wp-json\/wp\/v2\/users\/1"}],"replies":[{"embeddable":true,"href":"https:\/\/www.jornalcontato.com.br\/home\/index.php\/wp-json\/wp\/v2\/comments?post=16544"}],"version-history":[{"count":1,"href":"https:\/\/www.jornalcontato.com.br\/home\/index.php\/wp-json\/wp\/v2\/posts\/16544\/revisions"}],"predecessor-version":[{"id":16548,"href":"https:\/\/www.jornalcontato.com.br\/home\/index.php\/wp-json\/wp\/v2\/posts\/16544\/revisions\/16548"}],"wp:featuredmedia":[{"embeddable":true,"href":"https:\/\/www.jornalcontato.com.br\/home\/index.php\/wp-json\/wp\/v2\/media\/16547"}],"wp:attachment":[{"href":"https:\/\/www.jornalcontato.com.br\/home\/index.php\/wp-json\/wp\/v2\/media?parent=16544"}],"wp:term":[{"taxonomy":"category","embeddable":true,"href":"https:\/\/www.jornalcontato.com.br\/home\/index.php\/wp-json\/wp\/v2\/categories?post=16544"},{"taxonomy":"post_tag","embeddable":true,"href":"https:\/\/www.jornalcontato.com.br\/home\/index.php\/wp-json\/wp\/v2\/tags?post=16544"}],"curies":[{"name":"wp","href":"https:\/\/api.w.org\/{rel}","templated":true}]}}