{"id":16541,"date":"2019-01-31T11:24:31","date_gmt":"2019-01-31T14:24:31","guid":{"rendered":"http:\/\/www.jornalcontato.com.br\/home\/?p=16541"},"modified":"2019-01-31T11:24:31","modified_gmt":"2019-01-31T14:24:31","slug":"marco-aurelio-vai-melar-a-festa-de-flavio-bolsonaro-bernardo-mello-franco","status":"publish","type":"post","link":"https:\/\/www.jornalcontato.com.br\/home\/index.php\/marco-aurelio-vai-melar-a-festa-de-flavio-bolsonaro-bernardo-mello-franco\/","title":{"rendered":"Marco Aur\u00e9lio vai melar a festa de Fl\u00e1vio Bolsonaro ( Bernardo Mello Franco)"},"content":{"rendered":"<p>O 1\u00ba de fevereiro deveria marcar o apogeu pol\u00edtico dos Bolsonaro. Depois de se instalar no Planalto, a fam\u00edlia esperava celebrar a posse do deputado mais votado do pa\u00eds e do senador mais votado do Rio. O clima de festa foi quebrado pelas investiga\u00e7\u00f5es que envolvem Fl\u00e1vio, o filho mais velho do presidente.<\/p>\n<p>O zero-um foi aconselhado a desistir do mandato para estancar a sangria do cl\u00e3. Ignorou os apelos, mas vai assumir sob forte press\u00e3o. Ontem ele teve uma amostra do que o espera, em breve passagem pelo Congresso.<\/p>\n<p>Fl\u00e1vio ganhou uma recep\u00e7\u00e3o t\u00edpica de pol\u00edticos envolvidos em grandes esc\u00e2ndalos. Assim que pisou no pr\u00e9dio, foi rodeado por um batalh\u00e3o de rep\u00f3rteres. Ele apressou o passo, mas n\u00e3o conseguiu escapar do cerco.<\/p>\n<p><a href=\"http:\/\/jornalcontato.com.br\/home\/wp-content\/uploads\/2019\/01\/Jair-e-Flavio.jpg\"><img loading=\"lazy\" decoding=\"async\" class=\"aligncenter size-full wp-image-16510\" src=\"http:\/\/jornalcontato.com.br\/home\/wp-content\/uploads\/2019\/01\/Jair-e-Flavio.jpg\" alt=\"Jair e Flavio\" width=\"259\" height=\"194\" \/><\/a><\/p>\n<p style=\"text-align: center;\"><em><strong>Presidente Bolsonaro com 01 o filho problema Fl\u00e1vio<\/strong><\/em><\/p>\n<p>\u00a0 \u00a0 \u00a0 \u00a0 \u00a0 Ao ouvir a primeira pergunta, sacou uma desculpa surrada: \u201cEst\u00e1 todo mundo vendo que eu sou v\u00edtima de persegui\u00e7\u00e3o\u201d. Em seguida, tentou desconversar: \u201cJ\u00e1 falei o que tem [sic] que falar. N\u00e3o tem novidade nenhuma\u201d.<\/p>\n<p>N\u00e3o \u00e9 bem assim. A primeira novidade vir\u00e1 amanh\u00e3 mesmo. O ministro Marco Aur\u00e9lio Mello deve cassar a liminar do colega Luiz Fux que blindou o senador. \u201cA decis\u00e3o sai na sexta-feira. As investiga\u00e7\u00f5es est\u00e3o paradas, n\u00e3o podem continuar assim\u201d, disse \u00e0 coluna.<\/p>\n<p>Depois do dia 1\u00ba, a situa\u00e7\u00e3o de Fl\u00e1vio tende a se complicar. Sem a prote\u00e7\u00e3o do foro privilegiado, seu caso dever\u00e1 ser devolvido \u00e0 primeira inst\u00e2ncia. Os promotores v\u00e3o receber novas informa\u00e7\u00f5es do Coaf. Se quiserem, tamb\u00e9m poder\u00e3o avan\u00e7ar na apura\u00e7\u00e3o sobre os elos da fam\u00edlia presidencial com as mil\u00edcias.<\/p>\n<p>Apesar dos 4,3 milh\u00f5es de votos, o senador chega a Bras\u00edlia enfraquecido. Isso explica sua mudan\u00e7a de tom ao falar de Renan Calheiros. At\u00e9 outro dia, os Bolsonaro prometiam escantear o emedebista na disputa pelo comando do Senado. Agora podem ser obrigados a beijar sua m\u00e3o para salvar o mandato do zero-um.<\/p>\n<p style=\"text-align: center;\"><strong>***<\/strong><\/p>\n<p style=\"text-align: center;\"><em><strong>Ao opinar contra o pedido de Lula para acompanhar o vel\u00f3rio do irm\u00e3o, um direito assegurado em lei, os procuradores de Curitiba escreveram que o ex-presidente \u201cn\u00e3o \u00e9 um preso comum\u201d. J\u00e1 tinha dado para perceber.<\/strong><\/em><\/p>\n","protected":false},"excerpt":{"rendered":"<p>O 1\u00ba de fevereiro deveria marcar o apogeu pol\u00edtico dos Bolsonaro. Depois de se instalar no Planalto, a fam\u00edlia esperava celebrar a posse do deputado &#8230;<\/p>\n","protected":false},"author":1,"featured_media":16542,"comment_status":"open","ping_status":"open","sticky":false,"template":"","format":"standard","meta":{"footnotes":""},"categories":[1],"tags":[],"class_list":["post-16541","post","type-post","status-publish","format-standard","has-post-thumbnail","hentry","category-nacional"],"_links":{"self":[{"href":"https:\/\/www.jornalcontato.com.br\/home\/index.php\/wp-json\/wp\/v2\/posts\/16541","targetHints":{"allow":["GET"]}}],"collection":[{"href":"https:\/\/www.jornalcontato.com.br\/home\/index.php\/wp-json\/wp\/v2\/posts"}],"about":[{"href":"https:\/\/www.jornalcontato.com.br\/home\/index.php\/wp-json\/wp\/v2\/types\/post"}],"author":[{"embeddable":true,"href":"https:\/\/www.jornalcontato.com.br\/home\/index.php\/wp-json\/wp\/v2\/users\/1"}],"replies":[{"embeddable":true,"href":"https:\/\/www.jornalcontato.com.br\/home\/index.php\/wp-json\/wp\/v2\/comments?post=16541"}],"version-history":[{"count":1,"href":"https:\/\/www.jornalcontato.com.br\/home\/index.php\/wp-json\/wp\/v2\/posts\/16541\/revisions"}],"predecessor-version":[{"id":16543,"href":"https:\/\/www.jornalcontato.com.br\/home\/index.php\/wp-json\/wp\/v2\/posts\/16541\/revisions\/16543"}],"wp:featuredmedia":[{"embeddable":true,"href":"https:\/\/www.jornalcontato.com.br\/home\/index.php\/wp-json\/wp\/v2\/media\/16542"}],"wp:attachment":[{"href":"https:\/\/www.jornalcontato.com.br\/home\/index.php\/wp-json\/wp\/v2\/media?parent=16541"}],"wp:term":[{"taxonomy":"category","embeddable":true,"href":"https:\/\/www.jornalcontato.com.br\/home\/index.php\/wp-json\/wp\/v2\/categories?post=16541"},{"taxonomy":"post_tag","embeddable":true,"href":"https:\/\/www.jornalcontato.com.br\/home\/index.php\/wp-json\/wp\/v2\/tags?post=16541"}],"curies":[{"name":"wp","href":"https:\/\/api.w.org\/{rel}","templated":true}]}}