{"id":1653,"date":"2012-09-10T16:35:02","date_gmt":"2012-09-10T19:35:02","guid":{"rendered":"http:\/\/jornalcontato.com.br\/home\/?p=1653"},"modified":"2012-09-24T09:35:22","modified_gmt":"2012-09-24T12:35:22","slug":"contato-censurado-confira","status":"publish","type":"post","link":"https:\/\/www.jornalcontato.com.br\/home\/index.php\/contato-censurado-confira\/","title":{"rendered":"Censura em Taubat\u00e9? Confira"},"content":{"rendered":"<p><a href=\"http:\/\/jornalcontato.com.br\/home\/wp-content\/uploads\/2012\/09\/DSC_7017.jpg\"><br \/>\n<\/a><\/p>\n<p>Na sabatina realizada pelo jornal O Vale em parceria com a UNITAU nesta segunda-feira, 10, a pergunta feita pelo diretor de reda\u00e7\u00e3o do Jornal CONTATO, Paulo de Tarso Venceslau, foi desfigurada pelo jornalista Max Ramon, editor de pol\u00edtica daquele jornal\u00e3o.<!--more--><\/p>\n<p><a href=\"http:\/\/jornalcontato.com.br\/home\/wp-content\/uploads\/2012\/09\/DSC_7017.jpg\"><img loading=\"lazy\" decoding=\"async\" title=\"DSC_7017\" src=\"http:\/\/jornalcontato.com.br\/home\/wp-content\/uploads\/2012\/09\/DSC_7017-200x300.jpg\" alt=\"\" width=\"200\" height=\"300\" \/><\/a><\/p>\n<p>Compare as duas vers\u00f5es da pergunta feita por escrito:<br \/>\nPaulo de Tarso: &#8220;Rui Falc\u00e3o, presidente nacional do PT, declarou na segunda-feira, 03, em Osasco: &#8216;Essa elite suja, reacion\u00e1ria, n\u00e3o tolera que um oper\u00e1rio tenha mudado o pa\u00eds (&#8230;) Quando s\u00e3o derrotados nas urnas, lan\u00e7am m\u00e3o de instrumentos de que ainda disp\u00f5em, desde a m\u00eddia conservadora, passando pelo Judici\u00e1rio, para tentar nos derrotar&#8217;.\u00a0Em Taubat\u00e9, a coliga\u00e7\u00e3o do candidato Isaac do Carmo (PT) censurou o filme que PSOL exibiria.\u00a0Ser\u00e1 essa a pol\u00edtica de sua gest\u00e3o caso seja eleito prefeito?\u00a0Qual sua opini\u00e3o sobre o discurso de Rui Falc\u00e3o, presidente nacional do PT?&#8221;<\/p>\n<p>Ramon, em vez de ler a pergunta, argumentou que era muito longa e leu apenas a primeira pergunta sobre Taubat\u00e9.<\/p>\n<p>No final da sabatina, Jenis de Andrade, candidato do PSOL, fez um protesto por ter sido exclu\u00eddo da sabatina e pelo fato de suas propostas n\u00e3o serem publicadas pelo jornal BOM DIA, do mesmo grupo de comunica\u00e7\u00e3o (foto).<\/p>\n","protected":false},"excerpt":{"rendered":"<p>Na sabatina realizada pelo jornal O Vale em parceria com a UNITAU nesta segunda-feira, 10, a pergunta feita pelo diretor de reda\u00e7\u00e3o do Jornal CONTATO, &#8230;<\/p>\n","protected":false},"author":1,"featured_media":1823,"comment_status":"open","ping_status":"open","sticky":false,"template":"","format":"standard","meta":{"footnotes":""},"categories":[7],"tags":[],"class_list":["post-1653","post","type-post","status-publish","format-standard","has-post-thumbnail","hentry","category-reportagem"],"_links":{"self":[{"href":"https:\/\/www.jornalcontato.com.br\/home\/index.php\/wp-json\/wp\/v2\/posts\/1653","targetHints":{"allow":["GET"]}}],"collection":[{"href":"https:\/\/www.jornalcontato.com.br\/home\/index.php\/wp-json\/wp\/v2\/posts"}],"about":[{"href":"https:\/\/www.jornalcontato.com.br\/home\/index.php\/wp-json\/wp\/v2\/types\/post"}],"author":[{"embeddable":true,"href":"https:\/\/www.jornalcontato.com.br\/home\/index.php\/wp-json\/wp\/v2\/users\/1"}],"replies":[{"embeddable":true,"href":"https:\/\/www.jornalcontato.com.br\/home\/index.php\/wp-json\/wp\/v2\/comments?post=1653"}],"version-history":[{"count":8,"href":"https:\/\/www.jornalcontato.com.br\/home\/index.php\/wp-json\/wp\/v2\/posts\/1653\/revisions"}],"predecessor-version":[{"id":1834,"href":"https:\/\/www.jornalcontato.com.br\/home\/index.php\/wp-json\/wp\/v2\/posts\/1653\/revisions\/1834"}],"wp:featuredmedia":[{"embeddable":true,"href":"https:\/\/www.jornalcontato.com.br\/home\/index.php\/wp-json\/wp\/v2\/media\/1823"}],"wp:attachment":[{"href":"https:\/\/www.jornalcontato.com.br\/home\/index.php\/wp-json\/wp\/v2\/media?parent=1653"}],"wp:term":[{"taxonomy":"category","embeddable":true,"href":"https:\/\/www.jornalcontato.com.br\/home\/index.php\/wp-json\/wp\/v2\/categories?post=1653"},{"taxonomy":"post_tag","embeddable":true,"href":"https:\/\/www.jornalcontato.com.br\/home\/index.php\/wp-json\/wp\/v2\/tags?post=1653"}],"curies":[{"name":"wp","href":"https:\/\/api.w.org\/{rel}","templated":true}]}}