{"id":16522,"date":"2019-01-25T07:55:50","date_gmt":"2019-01-25T10:55:50","guid":{"rendered":"http:\/\/www.jornalcontato.com.br\/home\/?p=16522"},"modified":"2019-01-26T09:32:41","modified_gmt":"2019-01-26T12:32:41","slug":"o-centro-como-alvo-politico-mestre-jc-sebe-bom-meihy","status":"publish","type":"post","link":"https:\/\/www.jornalcontato.com.br\/home\/index.php\/o-centro-como-alvo-politico-mestre-jc-sebe-bom-meihy\/","title":{"rendered":"O centro como alvo pol\u00edtico (Mestre JC Sebe Bom Meihy)"},"content":{"rendered":"<p>Reza a sabedoria africana que, para bem cozinhar uma r\u00e3, deve-se colocar o petisco no fogo com a \u00e1gua ainda fria. Caso seja a \u00e1gua fervida primeiro, com certeza, a r\u00e3 saltar\u00e1 para fora da panela devido o choque t\u00e9rmico imediato. Nunca experimentei, mas o conselho me pareceu apropriado frente a um enigma que se montou em minha percep\u00e7\u00e3o sobre a pol\u00edtica atual e os desastrosos encaminhamentos que t\u00eam sido dados aos problemas de governan\u00e7a.<\/p>\n<p>Quando o recorte da quest\u00e3o atinge o campo da moral e dos bons costumes e, principalmente da pol\u00edtica externa, o termo \u201cconsequ\u00eancia\u201d se mostra elevado ao quadrado. Pade\u00e7o perplexidades, quando vejo as oscila\u00e7\u00f5es, a incessante com\u00e9dia de erros de um presidente que n\u00e3o articula frases longas e que, na melhor das hip\u00f3teses, exercita o \u201cvoltar atr\u00e1s\u201d ou \u201cn\u00e3o foi bem o que quis dizer\u201d. Boquiaberto, me vejo perguntando: at\u00e9 quando pessoas de bom senso suportar\u00e3o tanto descalabro? Ser\u00e1 mesmo, como pontificou Ver\u00edssimo, que o \u00f3dio ao PT \u2013 respons\u00e1vel imediato pela elei\u00e7\u00e3o do novo time \u2013 ainda continua e se mant\u00e9m maior do que o amor \u00e0 democracia e \u00e0 raz\u00e3o pol\u00edtica? E mais: a com\u00e9dia de erros n\u00e3o para, e, pelo reverso, caminha veloz e j\u00e1 ganhou a condi\u00e7\u00e3o de piada e at\u00e9 virou quadro c\u00f4mico em programas humor\u00edsticos, isto no Brasil e no mundo.<\/p>\n<p>Desde a proclama\u00e7\u00e3o dos resultados eleitorais, algo acalmava minha inquietude, supondo rea\u00e7\u00f5es que viriam ainda que lentas, mas progressivas. A declina\u00e7\u00e3o dos chefes escolhidos que resultaram na composi\u00e7\u00e3o, digamos ecl\u00e9tica, do minist\u00e9rio serviria de arauto dos dias que que se tumultuam. E tudo \u00e9 intrincado, pois mesmo n\u00e3o concordando com Sergio Moro, percebendo-o como deslocado, respeito sua coer\u00eancia \u2013 sinceramente, sinto pena dele ao notar admitindo, por dever de mando, o uso de armas. Digo o mesmo de Paulo Guedes que, afinal, \u00e9 dono de uma metodologia admir\u00e1vel, ainda que n\u00e3o olhe pelos pobres e nos ameace com medidas exageradamente liberalizantes. Mas o resto! Nem preciso aborrecer os leitores com a ladainha de bobagens da ministra Damares. Na mesma linha, dispenso o contraste com o PT guardi\u00e3o de erros j\u00e1 sobejamente expostos.<\/p>\n<div id=\"attachment_16458\" style=\"width: 450px\" class=\"wp-caption aligncenter\"><a href=\"http:\/\/jornalcontato.com.br\/home\/wp-content\/uploads\/2018\/12\/Sergio-Moro-reduzida.jpg\"><img loading=\"lazy\" decoding=\"async\" aria-describedby=\"caption-attachment-16458\" class=\"size-large wp-image-16458\" src=\"http:\/\/jornalcontato.com.br\/home\/wp-content\/uploads\/2018\/12\/Sergio-Moro-reduzida-450x300.jpg\" alt=\"Brazilian Judge Sergio Moro, who was appointed by Brazilian President-elect Jair Bolsonaro as Justice Minister, waves after lunch at the transitional government's headquarters in Brasilia on November 8, 2018. (Photo by Sergio LIMA \/ AFP)\" width=\"450\" height=\"300\" srcset=\"https:\/\/jornalcontato.com.br\/home\/wp-content\/uploads\/2018\/12\/Sergio-Moro-reduzida-450x300.jpg 450w, https:\/\/jornalcontato.com.br\/home\/wp-content\/uploads\/2018\/12\/Sergio-Moro-reduzida-300x200.jpg 300w, https:\/\/jornalcontato.com.br\/home\/wp-content\/uploads\/2018\/12\/Sergio-Moro-reduzida-768x512.jpg 768w, https:\/\/jornalcontato.com.br\/home\/wp-content\/uploads\/2018\/12\/Sergio-Moro-reduzida.jpg 900w\" sizes=\"auto, (max-width: 450px) 100vw, 450px\" \/><\/a><p id=\"caption-attachment-16458\" class=\"wp-caption-text\"><em><strong>\u00a0 \u00a0 \u00a0 \u00a0 \u00a0 \u00a0 \u00a0 \u00a0 \u00a0 \u00a0 \u00a0S\u00e9rgio Moro, deslocado mas coerente<\/strong><\/em><\/p><\/div>\n<p>Qualquer reflex\u00e3o mais consequente leva perguntar se h\u00e1 algum denominador, algo que explique as disfun\u00e7\u00f5es que assistimos pateticamente. Existira ideia ou uma \u201cpol\u00edtica\u201d, al\u00e9m da colagem maluca que mais parece piada de mal gosto? H\u00e1 algum substrato filos\u00f3fico escondido no que est\u00e1 acontecendo? E vejam que estamos ainda no limiar de quatro anos que prometem desdobramentos temerosos. Mexer com a articula\u00e7\u00e3o que definiu o pacto clim\u00e1tico global e com a \u201cnossa\u201d Amaz\u00f4nia n\u00e3o \u00e9 coisa pouca.<\/p>\n<p>O enredo dos deslizes, malditos e equ\u00edvocos pode parecer coisa da imprensa ou dos opositores inconformados, mas num mergulho mais profundo aceitemos o convite a pensar que sim, que h\u00e1 algo mais e que vai al\u00e9m dos desencontros de falas isoladas, cores de roupas e met\u00e1foras de liquidificadores. E n\u00e3o deixemos por barato, pois as consequ\u00eancias s\u00e3o amea\u00e7adoras. Tamb\u00e9m n\u00e3o sou dos que sustentam que h\u00e1 uma onda mundial assolando a democracia, e a fatalidade do liberalismo \u00e9 a lei do futuro. Simplesmente, n\u00e3o. Este pressuposto, ali\u00e1s, \u00e9 o primeiro passo para o reconhecimento de que o maior sintoma da insanidade pol\u00edtica decorre exatamente do que se convencionou chamar de \u201cantiglobalismo\u201d. Como se fosse um avesso do patriotismo, uma pol\u00edtica internacional que \u201cproteja os genu\u00ednos valores nacionais\u201d, \u00e9 alardeada desde pressupostos que multiplicam slogans rid\u00edculos como \u201cnossa bandeira \u00e9 verde-amarela e jamais ser\u00e1 vermelha\u201d.<\/p>\n<p>Bobagens a parte, partamos para reflex\u00f5es sobre as (des)vantagens das rela\u00e7\u00f5es bilaterais. Acontece que algu\u00e9m esqueceu de avisar ao presidente que n\u00e3o somos os Estados Unidos e que a China \u00e9 nosso cliente preferencial. Ainda bem que, como em tantos outros itens, o mandat\u00e1rio chefe voltou atr\u00e1s no caso do Mercosul. Imagine criar problemas com a Argentina, nosso terceiro consumidor. Mas os trope\u00e7os internacionais ainda est\u00e3o a nos aturdir, e, um dos casos mais consequentes seria a mudan\u00e7a de nossa embaixada da capital Telavive para Jerusal\u00e9m. N\u00e3o cabe esquecer que o mundo \u00e1rabe \u00e9 nosso mais forte consumidor de carne. Imaginemos cutuc\u00e1-los sem outro prop\u00f3sito que o \u201cmacaqueamento\u201d yanqui ou a fidelidade b\u00edblica que elege Jerusal\u00e9m como sede do \u201cpovo de Deus\u201d.<\/p>\n<p>\u00c9 verdade que toda esta pol\u00edtica que se insinua tem como base o interesse comercial, mas, o respeito a valores culturais da humanidade tamb\u00e9m atua como moeda de troca. No mundo de hoje, os valores \u00e9ticos e universais est\u00e3o postos como pauta coletiva, e n\u00e3o se admite atrasos culturais no di\u00e1logo da comunidade mundial. O uso da palavra \u201cconservador\u201d foi propositalmente evitado, pois o que se v\u00ea \u00e9 mesmo \u201catraso. Atraso que precisa da libera\u00e7\u00e3o da posse de armas, da confus\u00e3o entre sexo e g\u00eanero,\u201d do controle das ideias nas escolas, da fantasia do combate \u00e0 corrup\u00e7\u00e3o e da farda para garantir prest\u00edgio que n\u00e3o se tem no mero fortalecimento das institui\u00e7\u00f5es montadas a duras penas. O desmantelamento de todas as institui\u00e7\u00f5es p\u00fablicas \u00e9 a grande prova do pecado pol\u00edtico. E tamb\u00e9m atesta um programa que n\u00e3o vai dar certo.<\/p>\n","protected":false},"excerpt":{"rendered":"<p>Reza a sabedoria africana que, para bem cozinhar uma r\u00e3, deve-se colocar o petisco no fogo com a \u00e1gua ainda fria. Caso seja a \u00e1gua &#8230;<\/p>\n","protected":false},"author":1,"featured_media":16527,"comment_status":"open","ping_status":"open","sticky":false,"template":"","format":"standard","meta":{"footnotes":""},"categories":[1],"tags":[],"class_list":["post-16522","post","type-post","status-publish","format-standard","has-post-thumbnail","hentry","category-nacional"],"_links":{"self":[{"href":"https:\/\/www.jornalcontato.com.br\/home\/index.php\/wp-json\/wp\/v2\/posts\/16522","targetHints":{"allow":["GET"]}}],"collection":[{"href":"https:\/\/www.jornalcontato.com.br\/home\/index.php\/wp-json\/wp\/v2\/posts"}],"about":[{"href":"https:\/\/www.jornalcontato.com.br\/home\/index.php\/wp-json\/wp\/v2\/types\/post"}],"author":[{"embeddable":true,"href":"https:\/\/www.jornalcontato.com.br\/home\/index.php\/wp-json\/wp\/v2\/users\/1"}],"replies":[{"embeddable":true,"href":"https:\/\/www.jornalcontato.com.br\/home\/index.php\/wp-json\/wp\/v2\/comments?post=16522"}],"version-history":[{"count":1,"href":"https:\/\/www.jornalcontato.com.br\/home\/index.php\/wp-json\/wp\/v2\/posts\/16522\/revisions"}],"predecessor-version":[{"id":16524,"href":"https:\/\/www.jornalcontato.com.br\/home\/index.php\/wp-json\/wp\/v2\/posts\/16522\/revisions\/16524"}],"wp:featuredmedia":[{"embeddable":true,"href":"https:\/\/www.jornalcontato.com.br\/home\/index.php\/wp-json\/wp\/v2\/media\/16527"}],"wp:attachment":[{"href":"https:\/\/www.jornalcontato.com.br\/home\/index.php\/wp-json\/wp\/v2\/media?parent=16522"}],"wp:term":[{"taxonomy":"category","embeddable":true,"href":"https:\/\/www.jornalcontato.com.br\/home\/index.php\/wp-json\/wp\/v2\/categories?post=16522"},{"taxonomy":"post_tag","embeddable":true,"href":"https:\/\/www.jornalcontato.com.br\/home\/index.php\/wp-json\/wp\/v2\/tags?post=16522"}],"curies":[{"name":"wp","href":"https:\/\/api.w.org\/{rel}","templated":true}]}}