{"id":16513,"date":"2019-01-23T13:19:13","date_gmt":"2019-01-23T16:19:13","guid":{"rendered":"http:\/\/www.jornalcontato.com.br\/home\/?p=16513"},"modified":"2019-01-23T13:19:13","modified_gmt":"2019-01-23T16:19:13","slug":"estranhas-relacoes-de-flavio-bolsonaro","status":"publish","type":"post","link":"https:\/\/www.jornalcontato.com.br\/home\/index.php\/estranhas-relacoes-de-flavio-bolsonaro\/","title":{"rendered":"Estranhas rela\u00e7\u00f5es de Fl\u00e1vio Bolsonaro"},"content":{"rendered":"<p style=\"text-align: center;\"><strong><em>Resumo da \u00faltima confus\u00e3o do 01, codinome do primog\u00eanito do presidente Jair Bolsonaro, tamb\u00e9m conhecido como deputado estadual e senador eleito pelo PSL, revelando suas rela\u00e7\u00f5es com a mil\u00edcia carioca, com Fabr\u00edcio Queiroz e estranha movimenta\u00e7\u00e3o de dinheiro em esp\u00e9cie<\/em><\/strong><\/p>\n<ul>\n<li style=\"text-align: left;\">O gabinete do ent\u00e3o deputado Fl\u00e1vio Bolsonaro (PSLRJ) empregou at\u00e9 novembro do ano passado a m\u00e3e e a mulher do ex-capit\u00e3o do Bope Adriano Magalh\u00e3es da N\u00f3brega, considerado pelo Minist\u00e9rio P\u00fablico do Rio como o homem-forte do Escrit\u00f3rio do Crime (revelado pelo O Globo de 2018), organiza\u00e7\u00e3o suspeita do assassinato de Marielle Franco. Alvo de um mandado de pris\u00e3o ontem, Adriano est\u00e1 foragido, acusado h\u00e1 mais de uma d\u00e9cada por envolvimento em homic\u00eddios.<\/li>\n<li style=\"text-align: left;\">Adriano e o major da PM Ronald Paulo Alves Pereira, que tamb\u00e9m faz parte do Escrit\u00f3rio do Crime, foram homenageados por Fl\u00e1vio na Assembleia Legislativa do Rio (Alerj), em 2003 e 2004, respectivamente.<\/li>\n<li style=\"text-align: left;\">Adriano \u00e9 amigo de Fabr\u00edcio Queiroz, ex-assessor de Fl\u00e1vio, investigado sob suspeita de recolher parte dos sal\u00e1rios de funcion\u00e1rios do pol\u00edtico. Teria sido Queiroz \u2014 amigo do presidente Jair Bolsonaro desde os anos 1980 \u2014 o respons\u00e1vel pelas indica\u00e7\u00f5es dos familiares de Adriano.<\/li>\n<li style=\"text-align: left;\">A m\u00e3e de Adriano, Raimunda Veras Magalh\u00e3es, e a mulher, Danielle Mendon\u00e7a da Costa da N\u00f3brega, segundo o Di\u00e1rio Oficial do Estado, foram exoneradas a pedido no dia 13 de novembro de 2018.<\/li>\n<li style=\"text-align: left;\"><a href=\"http:\/\/jornalcontato.com.br\/home\/wp-content\/uploads\/2019\/01\/Adriano-entre-pai-e-filho.jpg\"><img loading=\"lazy\" decoding=\"async\" class=\"aligncenter size-full wp-image-16514\" src=\"http:\/\/jornalcontato.com.br\/home\/wp-content\/uploads\/2019\/01\/Adriano-entre-pai-e-filho.jpg\" alt=\"Adriano entre pai e filho\" width=\"300\" height=\"168\" srcset=\"https:\/\/jornalcontato.com.br\/home\/wp-content\/uploads\/2019\/01\/Adriano-entre-pai-e-filho.jpg 300w, https:\/\/jornalcontato.com.br\/home\/wp-content\/uploads\/2019\/01\/Adriano-entre-pai-e-filho-265x147.jpg 265w\" sizes=\"auto, (max-width: 300px) 100vw, 300px\" \/><\/a><\/li>\n<li style=\"text-align: center;\"><em><strong>O foragido Adriano complicou a vers\u00e3o de Fl\u00e1vio e preocupa o presidente<\/strong><\/em><\/li>\n<li style=\"text-align: left;\">Ex-integrante do Bope, Adriano se formou no curso de opera\u00e7\u00f5es especiais da PM em 2000. Ele foi preso na opera\u00e7\u00e3o \u201cDedo de Deus\u201d, de 2011, desencadeada para combater o jogo do bicho no Rio. \u00c0 \u00e9poca, era capit\u00e3o da PM. Foi expulso da corpora\u00e7\u00e3o em 2014.<\/li>\n<li style=\"text-align: left;\">Em discurso de 2007, Fl\u00e1vio disse que \u201cn\u00e3o se pode, simplesmente, estigmatizar as mil\u00edcias, em especial os policiais envolvidos nesse novo tipo de policiamento, entre aspas\u201d. Para ele, \u00e0 \u00e9poca, \u201ca mil\u00edcia nada mais \u00e9 do que um conjunto de policiais, militares ou n\u00e3o, regidos por uma certa hierarquia e disciplina, buscando, sem d\u00favida, expurgar do seio da comunidade o que h\u00e1 de pior: os criminosos\u201d.<\/li>\n<li style=\"text-align: left;\">Raimunda, 68 anos, \u00e9 uma das servidoras do gabinete que fizeram repasses para a conta de Queiroz. Ela permaneceu no cargo at\u00e9 31 de mar\u00e7o de 2016, pouco depois do senador eleito deixar o PP e se filiar ao PSC. No dia 29 de junho do mesmo ano, voltou a trabalhar na Alerj, dessa vez no gabinete de Fl\u00e1vio. J\u00e1 Danielle trabalhou por mais de 11 anos no gabinete de Fl\u00e1vio.<\/li>\n<li style=\"text-align: left;\">Em outubro de 2003, Fl\u00e1vio apresentou uma mo\u00e7\u00e3o de louvor ao ex-PM. Ele afirmou que Adriano atuava com \u201cbrilhantismo e galhardia\u201d. Segundo a homenagem, o ex-PM prestava \u201cservi\u00e7os \u00e0 sociedade desempenhando com absoluta presteza e excepcional comportamento nas suas atividades\u201d. Em julho de 2005, Fl\u00e1vio concedeu uma nova homenagem ao policial. Desta vez concedeu a ele a Medalha Tiradentes, a mais alta honraria do parlamento fluminense.<\/li>\n<li style=\"text-align: left;\">Segundo dados da Receita Federal, Raimunda \u00e9 s\u00f3cia de um restaurante localizado na Rua Aristides Lobo, no Rio Comprido. O estabelecimento fica em frente \u00e0 ag\u00eancia 5663 do Banco Ita\u00fa, na qual foi registrada a maior parte dos dep\u00f3sitos em dinheiro vivo feitos na conta de Fabr\u00edcio Queiroz. Na ag\u00eancia foram feitos 17 dep\u00f3sitos n\u00e3o identificados, em dinheiro vivo, que somam R$ 91.796.<\/li>\n<li style=\"text-align: left;\">Nessa ag\u00eancia foram registradas transa\u00e7\u00f5es com valores repetidos mensalmente \u2014um ind\u00edcio de lavagem de dinheiro, segundo um integrante do Minist\u00e9rio P\u00fablico Federal.<\/li>\n<\/ul>\n<p style=\"text-align: right;\"><strong><em>Fonte: O Globo de 23 de jan 2019<\/em><\/strong><\/p>\n","protected":false},"excerpt":{"rendered":"<p>Resumo da \u00faltima confus\u00e3o do 01, codinome do primog\u00eanito do presidente Jair Bolsonaro, tamb\u00e9m conhecido como deputado estadual e senador eleito pelo PSL, revelando suas &#8230;<\/p>\n","protected":false},"author":1,"featured_media":16511,"comment_status":"open","ping_status":"open","sticky":false,"template":"","format":"standard","meta":{"footnotes":""},"categories":[1],"tags":[],"class_list":["post-16513","post","type-post","status-publish","format-standard","has-post-thumbnail","hentry","category-nacional"],"_links":{"self":[{"href":"https:\/\/www.jornalcontato.com.br\/home\/index.php\/wp-json\/wp\/v2\/posts\/16513","targetHints":{"allow":["GET"]}}],"collection":[{"href":"https:\/\/www.jornalcontato.com.br\/home\/index.php\/wp-json\/wp\/v2\/posts"}],"about":[{"href":"https:\/\/www.jornalcontato.com.br\/home\/index.php\/wp-json\/wp\/v2\/types\/post"}],"author":[{"embeddable":true,"href":"https:\/\/www.jornalcontato.com.br\/home\/index.php\/wp-json\/wp\/v2\/users\/1"}],"replies":[{"embeddable":true,"href":"https:\/\/www.jornalcontato.com.br\/home\/index.php\/wp-json\/wp\/v2\/comments?post=16513"}],"version-history":[{"count":1,"href":"https:\/\/www.jornalcontato.com.br\/home\/index.php\/wp-json\/wp\/v2\/posts\/16513\/revisions"}],"predecessor-version":[{"id":16515,"href":"https:\/\/www.jornalcontato.com.br\/home\/index.php\/wp-json\/wp\/v2\/posts\/16513\/revisions\/16515"}],"wp:featuredmedia":[{"embeddable":true,"href":"https:\/\/www.jornalcontato.com.br\/home\/index.php\/wp-json\/wp\/v2\/media\/16511"}],"wp:attachment":[{"href":"https:\/\/www.jornalcontato.com.br\/home\/index.php\/wp-json\/wp\/v2\/media?parent=16513"}],"wp:term":[{"taxonomy":"category","embeddable":true,"href":"https:\/\/www.jornalcontato.com.br\/home\/index.php\/wp-json\/wp\/v2\/categories?post=16513"},{"taxonomy":"post_tag","embeddable":true,"href":"https:\/\/www.jornalcontato.com.br\/home\/index.php\/wp-json\/wp\/v2\/tags?post=16513"}],"curies":[{"name":"wp","href":"https:\/\/api.w.org\/{rel}","templated":true}]}}