{"id":16505,"date":"2019-01-23T12:25:28","date_gmt":"2019-01-23T15:25:28","guid":{"rendered":"http:\/\/www.jornalcontato.com.br\/home\/?p=16505"},"modified":"2019-01-23T12:25:28","modified_gmt":"2019-01-23T15:25:28","slug":"espelho-de-maria-novo-cd-de-olivia-hime-aquiles-do-mpb4","status":"publish","type":"post","link":"https:\/\/www.jornalcontato.com.br\/home\/index.php\/espelho-de-maria-novo-cd-de-olivia-hime-aquiles-do-mpb4\/","title":{"rendered":"Espelho de Maria, novo CD de Ol\u00edvia Hime (Aquiles, do MPB4)"},"content":{"rendered":"<p>O lindo disco de Olivia Hime,<em> Espelho de Maria \u2013 Can\u00e7\u00f5es de Dori Caymmi, Edu Lobo e Francis<\/em> <em>Hime<\/em> (Biscoito Fino), reflete seu universo de \u00eaxtases e afei\u00e7\u00f5es.<\/p>\n<p>Interpretando can\u00e7\u00f5es dos tr\u00eas g\u00eanios, Olivia (idealizadora e diretora art\u00edstica do CD) selecionou bel\u00edssimas composi\u00e7\u00f5es \u201clado B\u201d, m\u00fasicas nem t\u00e3o conhecidas dos tr\u00eas compositores que formam a sant\u00edssima trindade da m\u00fasica brasileira atual.<\/p>\n<p>Singrando mares inexplorados, Olivia Hime chega a uma ilha desconhecida at\u00e9 por ela mesma. Deposita o reflexo de um espelho \u2013 transpar\u00eancia reveladora de sua alma. Queima as caravelas e p\u00f5e-se em fundo sil\u00eancio. Compreens\u00edvel impulso, posto que sua vida esteve sempre explicita nas can\u00e7\u00f5es que a conduziram mundo afora.<\/p>\n<p>Olivia acertou ao deixar \u00e0 mostra a pr\u00f3pria alma. Instante em que o reflexo do espelho, revirando-se ao avesso, emo\u00e7\u00e3o grudada em cada \u00f3rg\u00e3o de seu corpo, escancarou os seus prop\u00f3sitos: paix\u00e3o acima de tudo!<\/p>\n<p><a href=\"http:\/\/jornalcontato.com.br\/home\/wp-content\/uploads\/2019\/01\/Olivia-Hime.jpg\"><img loading=\"lazy\" decoding=\"async\" class=\"aligncenter size-large wp-image-16506\" src=\"http:\/\/jornalcontato.com.br\/home\/wp-content\/uploads\/2019\/01\/Olivia-Hime-450x338.jpg\" alt=\"Olivia Hime\" width=\"450\" height=\"338\" srcset=\"https:\/\/jornalcontato.com.br\/home\/wp-content\/uploads\/2019\/01\/Olivia-Hime-450x338.jpg 450w, https:\/\/jornalcontato.com.br\/home\/wp-content\/uploads\/2019\/01\/Olivia-Hime-300x225.jpg 300w, https:\/\/jornalcontato.com.br\/home\/wp-content\/uploads\/2019\/01\/Olivia-Hime.jpg 696w\" sizes=\"auto, (max-width: 450px) 100vw, 450px\" \/><\/a><\/p>\n<p style=\"text-align: center;\"><em><strong>Olivia Hime<\/strong><\/em><\/p>\n<p>\u00a0 \u00a0 \u00a0 \u00a0 \u00a0 Apaziguada, permitiu-se revelar suas entranhas. E assim, ela escancarou o mapa de seu caminho \u2013 vis\u00edvel apenas atrav\u00e9s de sua voz po\u00e9tica \u2013 e revirou-o ao avesso. Emo\u00e7\u00e3o exposta em cada naco do corpo.<\/p>\n<p>\u201cPelo amor de Deus, n\u00e3o v\u00ea que isso \u00e9 pecado\u201d, deixar-me assim curvado, agora imerso em sil\u00eancio abissal?<\/p>\n<p>Hoje, Olivia pode se deixar ficar em recatada calmaria, pois ela, cantando como se orasse \u00e0 beleza, confessou-se atrav\u00e9s de um repert\u00f3rio que a representa, posto que as m\u00fasicas foram escolhidas por ela e por Francis.<\/p>\n<p>Cantando, Olivia \u00e9 puro amor. Alimentada de m\u00fasica, seus agudos e graves revelam-se de forma insofism\u00e1vel. Uma cantora em estado de gra\u00e7a!<\/p>\n<p>\u201cPelo amor de Deus, n\u00e3o v\u00ea que isso \u00e9 pecado\u201d, deixar-me carregar minha imensa tristeza, ainda que ela me conceda um pouco de alegria como a que sinto agora?<\/p>\n<p>Francis Hime, Paulo Arag\u00e3o (violonista, produtor musical e diretor de est\u00fadio) e Dori Caymmi criaram arranjos formid\u00e1veis, incrementados ora pelas cordas, ora pelos sopros, que interagem \u00e0 perfei\u00e7\u00e3o com o ritmo e os instrumentos de harmonia. Atrav\u00e9s deles, as m\u00fasicas ganham momentos intensos, contribuindo para que o \u00e1lbum seja demolidor.<\/p>\n<p>Divididos em tr\u00eas su\u00edtes, os arranjos s\u00e3o plenos de cita\u00e7\u00f5es musicais e de momentos apenas instrumentais. Destaco na su\u00edte de Dori: \u201cM\u00fasica no Ar\u201d e \u201cCan\u00e7\u00e3o Sem Fim\u201d, ambas de Dori e Paulo C\u00e9sar Pinheiro; na de Edu: \u201cSobre Todas as Coisas\u201d (Edu e Chico Buarque) e \u201cMem\u00f3rias de Marta Sar\u00e9\u201d (Edu e Gianfrancesco Guarniere); e na de Francis: \u201cO Amor Perdido\u201d (Francis e Geraldo Carneiro) e \u201cVermelha\u201d (Francis e Olivia Hime).<\/p>\n<p>\u201cPelo amor de Deus, n\u00e3o v\u00ea que isso <em>n\u00e3o<\/em> \u00e9 pecado\u201d, eu sentir as m\u00fasicas me tonteando e me fazendo chorar?<\/p>\n<p>Mas se porventura, algum poder maligno ousar impedir que a voz de Olivia Hime chegue a mim, mesmo que meus ouvidos estejam moucos, bradarei: \u201c\u00c9 louco!\u201d<\/p>\n<p style=\"text-align: right;\"><em><strong>Aquiles Rique Reis<\/strong>, vocalista do MPB4<\/em><\/p>\n<p><em><strong>PS 1. Pe\u00e7o desculpas ao Chico por me valer das s\u00faplicas de \u201cSobre Todas as Coisas\u201d, usando o verso que \u00e9 dele, n\u00e3o meu.<\/strong><\/em><\/p>\n<p><em><strong>PS 2. Pressinto que o \u00e1lbum da Olivia seja precioso roteiro para um musical.<\/strong><\/em><\/p>\n<p><em><strong>NR: Ou\u00e7a um pouco em\u00a0https:\/\/www.youtube.com\/watch?v=SmU1glPOnuo<\/strong><\/em><\/p>\n","protected":false},"excerpt":{"rendered":"<p>O lindo disco de Olivia Hime, Espelho de Maria \u2013 Can\u00e7\u00f5es de Dori Caymmi, Edu Lobo e Francis Hime (Biscoito Fino), reflete seu universo de &#8230;<\/p>\n","protected":false},"author":1,"featured_media":16507,"comment_status":"open","ping_status":"open","sticky":false,"template":"","format":"standard","meta":{"footnotes":""},"categories":[1],"tags":[],"class_list":["post-16505","post","type-post","status-publish","format-standard","has-post-thumbnail","hentry","category-nacional"],"_links":{"self":[{"href":"https:\/\/www.jornalcontato.com.br\/home\/index.php\/wp-json\/wp\/v2\/posts\/16505","targetHints":{"allow":["GET"]}}],"collection":[{"href":"https:\/\/www.jornalcontato.com.br\/home\/index.php\/wp-json\/wp\/v2\/posts"}],"about":[{"href":"https:\/\/www.jornalcontato.com.br\/home\/index.php\/wp-json\/wp\/v2\/types\/post"}],"author":[{"embeddable":true,"href":"https:\/\/www.jornalcontato.com.br\/home\/index.php\/wp-json\/wp\/v2\/users\/1"}],"replies":[{"embeddable":true,"href":"https:\/\/www.jornalcontato.com.br\/home\/index.php\/wp-json\/wp\/v2\/comments?post=16505"}],"version-history":[{"count":1,"href":"https:\/\/www.jornalcontato.com.br\/home\/index.php\/wp-json\/wp\/v2\/posts\/16505\/revisions"}],"predecessor-version":[{"id":16508,"href":"https:\/\/www.jornalcontato.com.br\/home\/index.php\/wp-json\/wp\/v2\/posts\/16505\/revisions\/16508"}],"wp:featuredmedia":[{"embeddable":true,"href":"https:\/\/www.jornalcontato.com.br\/home\/index.php\/wp-json\/wp\/v2\/media\/16507"}],"wp:attachment":[{"href":"https:\/\/www.jornalcontato.com.br\/home\/index.php\/wp-json\/wp\/v2\/media?parent=16505"}],"wp:term":[{"taxonomy":"category","embeddable":true,"href":"https:\/\/www.jornalcontato.com.br\/home\/index.php\/wp-json\/wp\/v2\/categories?post=16505"},{"taxonomy":"post_tag","embeddable":true,"href":"https:\/\/www.jornalcontato.com.br\/home\/index.php\/wp-json\/wp\/v2\/tags?post=16505"}],"curies":[{"name":"wp","href":"https:\/\/api.w.org\/{rel}","templated":true}]}}