{"id":16504,"date":"2019-01-23T13:30:32","date_gmt":"2019-01-23T16:30:32","guid":{"rendered":"http:\/\/www.jornalcontato.com.br\/home\/?p=16504"},"modified":"2019-01-23T13:39:18","modified_gmt":"2019-01-23T16:39:18","slug":"mais-uma-na-conta-de-flavio-bolsonaro","status":"publish","type":"post","link":"https:\/\/www.jornalcontato.com.br\/home\/index.php\/mais-uma-na-conta-de-flavio-bolsonaro\/","title":{"rendered":"Mais uma na conta de Queiroz (Bernardo Mello Franco, de O Globo)"},"content":{"rendered":"<p style=\"text-align: center;\"><strong><em>A simpatia da fam\u00edlia Bolsonaro pelas mil\u00edcias j\u00e1 era conhecida. O fato novo \u00e9 a proximidade de Fl\u00e1vio com o chef\u00e3o do Escrit\u00f3rio do Crime<\/em><\/strong><\/p>\n<p>Primeiro foram os 48 dep\u00f3sitos em dinheiro vivo. Depois, os R$ 7 milh\u00f5es na conta do motorista. Era dif\u00edcil imaginar outra not\u00edcia capaz de piorar a situa\u00e7\u00e3o de Fl\u00e1vio Bolsonaro. A\u00ed veio a Opera\u00e7\u00e3o Os Intoc\u00e1veis.<\/p>\n<p>O Minist\u00e9rio P\u00fablico deu um passo importante para desmontar o Escrit\u00f3rio do Crime, principal grupo de exterm\u00ednio em atividade no Rio. A Justi\u00e7a ordenou a pris\u00e3o do ex-PM Adriano Magalh\u00e3es da N\u00f3brega, apontado como chefe da gangue. Ele conseguiu fugir, mas n\u00e3o apagou os v\u00ednculos com o senador eleito.<\/p>\n<p>Como deputado estadual, Fl\u00e1vio prop\u00f4s uma mo\u00e7\u00e3o de louvor ao miliciano por sua \u201cdedica\u00e7\u00e3o, brilhantismo e galhardia\u201d. \u201c\u00c9 com sentimento de orgulho e satisfa\u00e7\u00e3o que presto esta homenagem\u201d, escreveu. Dois anos depois, ele premiou o ex-PM com a Medalha Tiradentes, a maior honraria do Estado.<\/p>\n<p>O reconhecimento n\u00e3o se limitou \u00e0s palavras. O filho do presidente tamb\u00e9m empregou a m\u00e3e e a mulher do foragido em seu gabinete. As duas ficaram penduradas at\u00e9 dezembro. Quando largaram a boquinha, o deputado j\u00e1 havia sido promovido a senador.<\/p>\n<p>A simpatia da fam\u00edlia Bolsonaro pelas mil\u00edcias j\u00e1 era conhecida. Pai e filho usaram seus mandatos para defender os grupos paramilitares. \u201cN\u00e3o se pode simplesmente estigmatizar as mil\u00edcias\u201d, discursou Fl\u00e1vio, em 2007. \u201cNaquela regi\u00e3o onde a mil\u00edcia \u00e9 paga, n\u00e3o tem viol\u00eancia\u201d, elogiou Jair, em 2018.<\/p>\n<p><a href=\"http:\/\/jornalcontato.com.br\/home\/wp-content\/uploads\/2019\/01\/Jair-e-Flavio.jpg\"><img loading=\"lazy\" decoding=\"async\" class=\"aligncenter size-full wp-image-16510\" src=\"http:\/\/jornalcontato.com.br\/home\/wp-content\/uploads\/2019\/01\/Jair-e-Flavio.jpg\" alt=\"Jair e Flavio\" width=\"259\" height=\"194\" \/><\/a><\/p>\n<p style=\"text-align: center;\"><em><strong>Presidente Bolsonaro com o 01, seu filho Fl\u00e1vio, eleito senador<\/strong><\/em><\/p>\n<p>O fato novo \u00e9 a proximidade do primeiro-filho com um chef\u00e3o do Escrit\u00f3rio do Crime, cuja lista de v\u00edtimas pode incluir Marielle Franco. Em tempo: Fl\u00e1vio foi o \u00fanico deputado a votar contra a concess\u00e3o da Medalha Tiradentes \u00e0 vereadora assassinada.<\/p>\n<p>Ontem o senador eleito adotou uma t\u00e1tica pouco original para se defender. Jogou a contrata\u00e7\u00e3o da m\u00e3e e da mulher do miliciano na conta do motorista. Nessa toada, Fl\u00e1vio ainda vai tentar nos convencer de que ele era o assessor do Queiroz \u2014e n\u00e3o o contr\u00e1rio.<\/p>\n<p><strong>*****<\/strong><\/p>\n<p><strong><em>\u00c9 cada vez mais barulhento o sil\u00eancio de Sergio Moro sobre as suspeitas que envolvem o filho do chefe<\/em><\/strong><\/p>\n<p>*****<\/p>\n<p><em><strong>NR: E a van clandestina da fam\u00edlia Queiroz que opera em Rio das Pedras, comunidade controlada pela mil\u00edcia?\u00a0<\/strong><\/em><\/p>\n","protected":false},"excerpt":{"rendered":"<p>A simpatia da fam\u00edlia Bolsonaro pelas mil\u00edcias j\u00e1 era conhecida. O fato novo \u00e9 a proximidade de Fl\u00e1vio com o chef\u00e3o do Escrit\u00f3rio do Crime &#8230;<\/p>\n","protected":false},"author":1,"featured_media":16516,"comment_status":"open","ping_status":"open","sticky":false,"template":"","format":"standard","meta":{"footnotes":""},"categories":[1],"tags":[],"class_list":["post-16504","post","type-post","status-publish","format-standard","has-post-thumbnail","hentry","category-nacional"],"_links":{"self":[{"href":"https:\/\/www.jornalcontato.com.br\/home\/index.php\/wp-json\/wp\/v2\/posts\/16504","targetHints":{"allow":["GET"]}}],"collection":[{"href":"https:\/\/www.jornalcontato.com.br\/home\/index.php\/wp-json\/wp\/v2\/posts"}],"about":[{"href":"https:\/\/www.jornalcontato.com.br\/home\/index.php\/wp-json\/wp\/v2\/types\/post"}],"author":[{"embeddable":true,"href":"https:\/\/www.jornalcontato.com.br\/home\/index.php\/wp-json\/wp\/v2\/users\/1"}],"replies":[{"embeddable":true,"href":"https:\/\/www.jornalcontato.com.br\/home\/index.php\/wp-json\/wp\/v2\/comments?post=16504"}],"version-history":[{"count":5,"href":"https:\/\/www.jornalcontato.com.br\/home\/index.php\/wp-json\/wp\/v2\/posts\/16504\/revisions"}],"predecessor-version":[{"id":16521,"href":"https:\/\/www.jornalcontato.com.br\/home\/index.php\/wp-json\/wp\/v2\/posts\/16504\/revisions\/16521"}],"wp:featuredmedia":[{"embeddable":true,"href":"https:\/\/www.jornalcontato.com.br\/home\/index.php\/wp-json\/wp\/v2\/media\/16516"}],"wp:attachment":[{"href":"https:\/\/www.jornalcontato.com.br\/home\/index.php\/wp-json\/wp\/v2\/media?parent=16504"}],"wp:term":[{"taxonomy":"category","embeddable":true,"href":"https:\/\/www.jornalcontato.com.br\/home\/index.php\/wp-json\/wp\/v2\/categories?post=16504"},{"taxonomy":"post_tag","embeddable":true,"href":"https:\/\/www.jornalcontato.com.br\/home\/index.php\/wp-json\/wp\/v2\/tags?post=16504"}],"curies":[{"name":"wp","href":"https:\/\/api.w.org\/{rel}","templated":true}]}}