{"id":16501,"date":"2019-01-21T14:45:33","date_gmt":"2019-01-21T17:45:33","guid":{"rendered":"http:\/\/www.jornalcontato.com.br\/home\/?p=16501"},"modified":"2019-01-21T14:45:33","modified_gmt":"2019-01-21T17:45:33","slug":"flavio-quer-anular-provas-de-procuradores-elio-gaspari-o-globo","status":"publish","type":"post","link":"https:\/\/www.jornalcontato.com.br\/home\/index.php\/flavio-quer-anular-provas-de-procuradores-elio-gaspari-o-globo\/","title":{"rendered":"Fl\u00e1vio quer anular provas de procuradores (Elio Gaspari, O Globo)"},"content":{"rendered":"<p>A corrida do senador eleito Fl\u00e1vio Bolsonaro ao Supremo Tribunal Federal teve dois objetivos.\u00a0O primeiro foi travar a investiga\u00e7\u00e3o do Minist\u00e9rio P\u00fablico do Rio de Janeiro em torno dos \u201crolos\u201d de seu ex-assessor Fabr\u00edcio Queiroz. Daqui a poucos dias, o ministro Marco Aur\u00e9lio Mello liquidar\u00e1 essa quest\u00e3o, destravando-a. O segundo, essencial, \u00e9 a tentativa de anular as provas conseguidas pelos procuradores. Que provas? Isso n\u00e3o se sabe, pois o caso corre em segredo de Justi\u00e7a e at\u00e9 bem pouco tempo Fl\u00e1vio Bolsonaro repetia que n\u00e3o est\u00e1 sendo investigado. A nulidade das provas \u00e9 o sonho de todo r\u00e9u. Na \u00faltima catedral da impunidade, a opera\u00e7\u00e3o Castelo de Areia virou p\u00f3 conseguindo-se anular as provas de que o Sol das roubalheiras nascia na caixa das empreiteiras. Depois dela vieram a Lava-Jato, Sergio Moro e deu no que deu.<\/p>\n<p>Desde que os \u201crolos\u201d de Queiroz se tornaram p\u00fablicos, todos os seus movimentos ofenderam a boa-f\u00e9 do p\u00fablico. N\u00e3o atendeu a duas convoca\u00e7\u00f5es do Minist\u00e9rio P\u00fablico, passou por uma cirurgia e deixou-se filmar dan\u00e7ando. J\u00e1 o senador eleito Bolsonaro considerou \u201cplaus\u00edveis\u201d as explica\u00e7\u00f5es que recebeu do ex-assessor. Que explica\u00e7\u00f5es?<\/p>\n<p><a href=\"http:\/\/jornalcontato.com.br\/home\/wp-content\/uploads\/2019\/01\/Flavio-e-Queiroz.jpg\"><img loading=\"lazy\" decoding=\"async\" class=\"aligncenter size-large wp-image-16499\" src=\"http:\/\/jornalcontato.com.br\/home\/wp-content\/uploads\/2019\/01\/Flavio-e-Queiroz-450x253.jpg\" alt=\"Flavio e Queiroz\" width=\"450\" height=\"253\" srcset=\"https:\/\/jornalcontato.com.br\/home\/wp-content\/uploads\/2019\/01\/Flavio-e-Queiroz-450x253.jpg 450w, https:\/\/jornalcontato.com.br\/home\/wp-content\/uploads\/2019\/01\/Flavio-e-Queiroz-300x169.jpg 300w, https:\/\/jornalcontato.com.br\/home\/wp-content\/uploads\/2019\/01\/Flavio-e-Queiroz.jpg 660w\" sizes=\"auto, (max-width: 450px) 100vw, 450px\" \/><\/a><\/p>\n<p style=\"text-align: center;\"><em><strong>Quais seriam as explica\u00e7\u00f5es plaus\u00edveis de Queiroz ao Fl\u00e1vio, senador eleito?<\/strong><\/em><\/p>\n<p>\u00a0 \u00a0 \u00a0 \u00a0 \u00a0 Quem acompanhou a rea\u00e7\u00e3o do comissariado petista diante das den\u00fancias de corrup\u00e7\u00e3o nos governos petistas acredita que est\u00e1 num pesadelo. A melodia dos poderosos \u00e9 a mesma. Onyx Lorenzoni diz que a oposi\u00e7\u00e3o busca um terceiro turno. Em 2011, Dilma Rousseff disse a mesma coisa quando surgiu o rolo do patrim\u00f4nio de Antonio Palocci, chefe de sua Casa Civil. A letra do samba \u00e9 muito diferente, porque os \u201crolos\u201d de Queiroz s\u00e3o cascalho quando comparados com as propinas bilion\u00e1rias que rolaram durante o consulado dos comiss\u00e1rios. O pesadelo estraga o sono de milh\u00f5es de pessoas que votaram contra a roubalheira, o blablabl\u00e1 e a resist\u00eancia dos petistas a uma autocr\u00edtica.<\/p>\n<p>Todas as explica\u00e7\u00f5es dadas at\u00e9 agora partem da premissa de que a plateia \u00e9 boba. Por exemplo: Fabr\u00edcio Queiroz deixou de ser assessor de Fl\u00e1vio Bolsonaro no dia 16 de outubro, logo depois do primeiro turno da elei\u00e7\u00e3o, para cuidar do seu processo de aposentadoria. Por coincid\u00eancia, sua filha, <em>personal trainer<\/em> no Rio e assessora de Jair Bolsonaro em Bras\u00edlia, foi exonerada no mesmo dia (a essa altura a Pol\u00edcia Federal j\u00e1 sabia que o Coaf estranhara a movimenta\u00e7\u00e3o financeira de Queiroz.) Travas, sil\u00eancios, segredo de Justi\u00e7a, corrida \u00e0 \u201cporcaria\u201d do foro privilegiado e pedidos de nulidade das provas s\u00f3 servem para alimentar murm\u00farios maliciosos. Os promotores n\u00e3o t\u00eam pressa, s\u00f3 t\u00eam perguntas.<\/p>\n<p style=\"text-align: right;\"><em><strong>O Globo 20 Jan 2019<\/strong><\/em><\/p>\n","protected":false},"excerpt":{"rendered":"<p>A corrida do senador eleito Fl\u00e1vio Bolsonaro ao Supremo Tribunal Federal teve dois objetivos.\u00a0O primeiro foi travar a investiga\u00e7\u00e3o do Minist\u00e9rio P\u00fablico do Rio de &#8230;<\/p>\n","protected":false},"author":1,"featured_media":16502,"comment_status":"open","ping_status":"open","sticky":false,"template":"","format":"standard","meta":{"footnotes":""},"categories":[1],"tags":[],"class_list":["post-16501","post","type-post","status-publish","format-standard","has-post-thumbnail","hentry","category-nacional"],"_links":{"self":[{"href":"https:\/\/www.jornalcontato.com.br\/home\/index.php\/wp-json\/wp\/v2\/posts\/16501","targetHints":{"allow":["GET"]}}],"collection":[{"href":"https:\/\/www.jornalcontato.com.br\/home\/index.php\/wp-json\/wp\/v2\/posts"}],"about":[{"href":"https:\/\/www.jornalcontato.com.br\/home\/index.php\/wp-json\/wp\/v2\/types\/post"}],"author":[{"embeddable":true,"href":"https:\/\/www.jornalcontato.com.br\/home\/index.php\/wp-json\/wp\/v2\/users\/1"}],"replies":[{"embeddable":true,"href":"https:\/\/www.jornalcontato.com.br\/home\/index.php\/wp-json\/wp\/v2\/comments?post=16501"}],"version-history":[{"count":1,"href":"https:\/\/www.jornalcontato.com.br\/home\/index.php\/wp-json\/wp\/v2\/posts\/16501\/revisions"}],"predecessor-version":[{"id":16503,"href":"https:\/\/www.jornalcontato.com.br\/home\/index.php\/wp-json\/wp\/v2\/posts\/16501\/revisions\/16503"}],"wp:featuredmedia":[{"embeddable":true,"href":"https:\/\/www.jornalcontato.com.br\/home\/index.php\/wp-json\/wp\/v2\/media\/16502"}],"wp:attachment":[{"href":"https:\/\/www.jornalcontato.com.br\/home\/index.php\/wp-json\/wp\/v2\/media?parent=16501"}],"wp:term":[{"taxonomy":"category","embeddable":true,"href":"https:\/\/www.jornalcontato.com.br\/home\/index.php\/wp-json\/wp\/v2\/categories?post=16501"},{"taxonomy":"post_tag","embeddable":true,"href":"https:\/\/www.jornalcontato.com.br\/home\/index.php\/wp-json\/wp\/v2\/tags?post=16501"}],"curies":[{"name":"wp","href":"https:\/\/api.w.org\/{rel}","templated":true}]}}