{"id":16496,"date":"2019-01-20T13:31:25","date_gmt":"2019-01-20T16:31:25","guid":{"rendered":"http:\/\/www.jornalcontato.com.br\/home\/?p=16496"},"modified":"2019-01-20T13:31:25","modified_gmt":"2019-01-20T16:31:25","slug":"os-r-7-milhoes-de-queiroz-lauro-jardim","status":"publish","type":"post","link":"https:\/\/www.jornalcontato.com.br\/home\/index.php\/os-r-7-milhoes-de-queiroz-lauro-jardim\/","title":{"rendered":"Os R$ 7 milh\u00f5es de Queiroz (*Lauro Jardim)"},"content":{"rendered":"<p style=\"text-align: center;\"><strong><em>Volume de dep\u00f3sitos em contas de Fabr\u00edcio Queiroz supera o valor revelado em dezembro<\/em><\/strong><\/p>\n<p>Foi de R$ 7 milh\u00f5es, entre 2014 e 2017, a movimenta\u00e7\u00e3o financeira nas contas de Fabr\u00edcio Queiroz, ex-assessor do senador eleito Fl\u00e1vio Bolsonaro (PSL-RJ). \u00c9 o que consta dos arquivos do Coaf, \u00f3rg\u00e3o federal de controle das atividades financeiras. Queiroz exerceu fun\u00e7\u00f5es no gabinete de deputado estadual de Fl\u00e1vio na Alerj at\u00e9 15 de outubro de 2018.<\/p>\n<p>Em dezembro passado, foi revelado que, entre janeiro de 2016 e janeiro de 2017, havia circulado R$ 1,2 milh\u00e3o pela conta corrente de Queiroz. O Coaf registrou que passaram por sua conta R$ 5,8 milh\u00f5es nos dois anos anteriores, totalizando R$ 7 milh\u00f5es em tr\u00eas anos. At\u00e9 hoje Queiroz n\u00e3o apresentou explica\u00e7\u00e3o ao Minist\u00e9rio P\u00fablico sobre a origem dos recursos. As investiga\u00e7\u00f5es est\u00e3o suspensas por decis\u00e3o do ministro Luiz Fux, do STF.<\/p>\n<p>O Coaf sabe muito mais do que j\u00e1 foi revelado sobre o caso Fabr\u00edcio Queiroz, o ex-motorista de Fl\u00e1vio Bolsonaro. Nos arquivos do \u00f3rg\u00e3o federal de controle de atividades financeiras consta que Queiroz transacionou um volume de dinheiro substancialmente maior do que o que veio a p\u00fablico em dezembro.<\/p>\n<p><a href=\"http:\/\/jornalcontato.com.br\/home\/wp-content\/uploads\/2019\/01\/Flavio-e-Jair-Bolsonaro.jpg\"><img loading=\"lazy\" decoding=\"async\" class=\"aligncenter size-large wp-image-16497\" src=\"http:\/\/jornalcontato.com.br\/home\/wp-content\/uploads\/2019\/01\/Flavio-e-Jair-Bolsonaro-450x250.jpg\" alt=\"Flavio e Jair Bolsonaro\" width=\"450\" height=\"250\" srcset=\"https:\/\/jornalcontato.com.br\/home\/wp-content\/uploads\/2019\/01\/Flavio-e-Jair-Bolsonaro-450x250.jpg 450w, https:\/\/jornalcontato.com.br\/home\/wp-content\/uploads\/2019\/01\/Flavio-e-Jair-Bolsonaro-300x167.jpg 300w, https:\/\/jornalcontato.com.br\/home\/wp-content\/uploads\/2019\/01\/Flavio-e-Jair-Bolsonaro-768x427.jpg 768w, https:\/\/jornalcontato.com.br\/home\/wp-content\/uploads\/2019\/01\/Flavio-e-Jair-Bolsonaro-265x147.jpg 265w, https:\/\/jornalcontato.com.br\/home\/wp-content\/uploads\/2019\/01\/Flavio-e-Jair-Bolsonaro-360x200.jpg 360w, https:\/\/jornalcontato.com.br\/home\/wp-content\/uploads\/2019\/01\/Flavio-e-Jair-Bolsonaro.jpg 900w\" sizes=\"auto, (max-width: 450px) 100vw, 450px\" \/><\/a><\/p>\n<p style=\"text-align: center;\"><em><strong>Rolos de Fl\u00e1vio 01 chega ao Planalto e o pai presidente cancela entrevista em Davos<\/strong><\/em><\/p>\n<p>Al\u00e9m dos famigerados R$ 1,2 milh\u00e3o, movimentados atipicamente entre janeiro de 2016 e janeiro de 2017, passaram por sua conta corrente mais R$ 5,8 milh\u00f5es nos dois exerc\u00edcios imediatamente anteriores. Ou seja, no total Queiroz movimentou R$ 7 milh\u00f5es em tr\u00eas anos. Segundo o pr\u00f3prio Jair Bolsonaro disse em entrevista, Queiroz &#8220;fazia rolo&#8221;. Haja rolo.<\/p>\n<p><strong>Pontas soltas<\/strong><\/p>\n<p>Fl\u00e1vio chegou a dizer, no in\u00edcio de dezembro, que ouviu de Queiroz &#8220;uma hist\u00f3ria bastante plaus\u00edvel&#8221; sobre o R$ 1,2 milh\u00e3o. E enfatizou: &#8220;a gente n\u00e3o tem nada a esconder&#8221;, numa frase em que atrelou o seu destino ao de Queiroz.<\/p>\n<p><a href=\"http:\/\/jornalcontato.com.br\/home\/wp-content\/uploads\/2019\/01\/Luiz-Fux.jpg\"><img loading=\"lazy\" decoding=\"async\" class=\"size-large wp-image-16498\" src=\"http:\/\/jornalcontato.com.br\/home\/wp-content\/uploads\/2019\/01\/Luiz-Fux-450x300.jpg\" alt=\"09\/05\/2016 - PORTO ALEGRE, RS - Ministro do Superior Tribunal Federal STF Luiz Fux realiza palestra sobre novo c\u00f3digo de processo civil, no Tribunal de Justi\u00e7a do RS. Foto: Guilherme Santos\/Sul21\" width=\"450\" height=\"300\" srcset=\"https:\/\/jornalcontato.com.br\/home\/wp-content\/uploads\/2019\/01\/Luiz-Fux-450x300.jpg 450w, https:\/\/jornalcontato.com.br\/home\/wp-content\/uploads\/2019\/01\/Luiz-Fux-300x200.jpg 300w, https:\/\/jornalcontato.com.br\/home\/wp-content\/uploads\/2019\/01\/Luiz-Fux-768x512.jpg 768w, https:\/\/jornalcontato.com.br\/home\/wp-content\/uploads\/2019\/01\/Luiz-Fux.jpg 900w\" sizes=\"auto, (max-width: 450px) 100vw, 450px\" \/><\/a><\/p>\n<p style=\"text-align: center;\"><em><strong>Ministro Fux, pai de Mariana, que \u00e9 s\u00f3cia de Gustavo, que \u00e9 presidente do PSL<\/strong><\/em><\/p>\n<p>O que dir\u00e1 agora sobre essa montanha de dinheiro? Pela rela\u00e7\u00e3o dos dois, imagina-se que o senador eleito saiba desses R$ 7 milh\u00f5es. Quando o MP do Rio voltar a se debru\u00e7ar sobre o caso \u2014as investiga\u00e7\u00f5es est\u00e3o suspensas desde quinta-feira passada por uma decis\u00e3o de Luiz Fux, mas a tend\u00eancia \u00e9 que sejam retomadas \u2014as explica\u00e7\u00f5es de Queiroz sobre suas atividades paralelas ter\u00e3o que ser mais convincentes do que as dadas at\u00e9 agora em declara\u00e7\u00f5es ao SBT.<\/p>\n<p>Entre os v\u00e1rios mist\u00e9rios desse rolo, um permanece intacto: como algu\u00e9m que movimentou tantos milh\u00f5es de reais em tr\u00eas anos mora numa casa modest\u00edssima de uma viela da Taquara, na Zona Oeste do Rio de Janeiro?<\/p>\n","protected":false},"excerpt":{"rendered":"<p>Volume de dep\u00f3sitos em contas de Fabr\u00edcio Queiroz supera o valor revelado em dezembro Foi de R$ 7 milh\u00f5es, entre 2014 e 2017, a movimenta\u00e7\u00e3o &#8230;<\/p>\n","protected":false},"author":1,"featured_media":16499,"comment_status":"open","ping_status":"open","sticky":false,"template":"","format":"standard","meta":{"footnotes":""},"categories":[1],"tags":[],"class_list":["post-16496","post","type-post","status-publish","format-standard","has-post-thumbnail","hentry","category-nacional"],"_links":{"self":[{"href":"https:\/\/www.jornalcontato.com.br\/home\/index.php\/wp-json\/wp\/v2\/posts\/16496","targetHints":{"allow":["GET"]}}],"collection":[{"href":"https:\/\/www.jornalcontato.com.br\/home\/index.php\/wp-json\/wp\/v2\/posts"}],"about":[{"href":"https:\/\/www.jornalcontato.com.br\/home\/index.php\/wp-json\/wp\/v2\/types\/post"}],"author":[{"embeddable":true,"href":"https:\/\/www.jornalcontato.com.br\/home\/index.php\/wp-json\/wp\/v2\/users\/1"}],"replies":[{"embeddable":true,"href":"https:\/\/www.jornalcontato.com.br\/home\/index.php\/wp-json\/wp\/v2\/comments?post=16496"}],"version-history":[{"count":1,"href":"https:\/\/www.jornalcontato.com.br\/home\/index.php\/wp-json\/wp\/v2\/posts\/16496\/revisions"}],"predecessor-version":[{"id":16500,"href":"https:\/\/www.jornalcontato.com.br\/home\/index.php\/wp-json\/wp\/v2\/posts\/16496\/revisions\/16500"}],"wp:featuredmedia":[{"embeddable":true,"href":"https:\/\/www.jornalcontato.com.br\/home\/index.php\/wp-json\/wp\/v2\/media\/16499"}],"wp:attachment":[{"href":"https:\/\/www.jornalcontato.com.br\/home\/index.php\/wp-json\/wp\/v2\/media?parent=16496"}],"wp:term":[{"taxonomy":"category","embeddable":true,"href":"https:\/\/www.jornalcontato.com.br\/home\/index.php\/wp-json\/wp\/v2\/categories?post=16496"},{"taxonomy":"post_tag","embeddable":true,"href":"https:\/\/www.jornalcontato.com.br\/home\/index.php\/wp-json\/wp\/v2\/tags?post=16496"}],"curies":[{"name":"wp","href":"https:\/\/api.w.org\/{rel}","templated":true}]}}