{"id":16433,"date":"2018-12-09T10:30:02","date_gmt":"2018-12-09T13:30:02","guid":{"rendered":"http:\/\/www.jornalcontato.com.br\/home\/?p=16433"},"modified":"2018-12-09T10:33:32","modified_gmt":"2018-12-09T13:33:32","slug":"o-cheque-da-primeira-dama-bernardo-mello-franco","status":"publish","type":"post","link":"https:\/\/www.jornalcontato.com.br\/home\/index.php\/o-cheque-da-primeira-dama-bernardo-mello-franco\/","title":{"rendered":"O cheque da primeira-dama (*Bernardo Mello Franco)"},"content":{"rendered":"<p style=\"text-align: center;\"><strong><em>Bolsonaro alega que o assessor do filho lhe devia dinheiro. Falta explicar por que a transa\u00e7\u00e3o n\u00e3o foi declarada e por que o PM assessor precisaria do empr\u00e9stimo<\/em><\/strong><\/p>\n<p>O presidente eleito ainda n\u00e3o tomou posse, mas j\u00e1 surgiu o primeiro rolo do novo governo. O jornal \u201cO Estado de S. Paulo\u201d revelou que um ex-assessor de Fl\u00e1vio Bolsonaro caiu na malha finado Conselho de Controle de Atividades Financeiras (Coaf ). O \u00f3rg\u00e3o registrou movimenta\u00e7\u00e3o at\u00edpica de R$ 1,2 milh\u00e3o na conta do policial militar Fabr\u00edcio Queiroz, que exercia as fun\u00e7\u00f5es de motorista e seguran\u00e7a. A investiga\u00e7\u00e3o rastreou um cheque dele para Michelle Bolsonaro, a futura primeira-dama, no valor de R$ 24 mil.<\/p>\n<p>A informa\u00e7\u00e3o est\u00e1 nos autos da Opera\u00e7\u00e3o Furna da On\u00e7a, que prendeu dez deputados estaduais. A Procuradoria da Rep\u00fablica n\u00e3o quis responder se o filho do capit\u00e3o tamb\u00e9m est\u00e1 na mira da investiga\u00e7\u00e3o. Supondo-se que n\u00e3o esteja, persiste a d\u00favida: por que seu assessor, que recebia R$ 8.517 por m\u00eas na Alerj, repassaria quase o triplo para a mulher do presidente?<\/p>\n<p>A not\u00edcia do cheque foi recebida com um sil\u00eancio incomum no bunker da transi\u00e7\u00e3o. Na quinta-feira, ningu\u00e9m falou. Fl\u00e1vio se limitou a escrever, no Twitter, que o PM daria \u201ctodos os esclarecimentos\u201d. Na sexta, o futuro ministro S\u00e9rgio Moro deu as costas \u00e0 imprensa para n\u00e3o comentar o assunto.<\/p>\n<p><a href=\"http:\/\/jornalcontato.com.br\/home\/wp-content\/uploads\/2018\/12\/Flavio-e-Fabricio.jpg\"><img loading=\"lazy\" decoding=\"async\" class=\"aligncenter size-large wp-image-16434\" src=\"http:\/\/jornalcontato.com.br\/home\/wp-content\/uploads\/2018\/12\/Flavio-e-Fabricio-450x253.jpg\" alt=\"Flavio e Fabricio\" width=\"450\" height=\"253\" srcset=\"https:\/\/jornalcontato.com.br\/home\/wp-content\/uploads\/2018\/12\/Flavio-e-Fabricio-450x253.jpg 450w, https:\/\/jornalcontato.com.br\/home\/wp-content\/uploads\/2018\/12\/Flavio-e-Fabricio-300x169.jpg 300w, https:\/\/jornalcontato.com.br\/home\/wp-content\/uploads\/2018\/12\/Flavio-e-Fabricio-768x432.jpg 768w, https:\/\/jornalcontato.com.br\/home\/wp-content\/uploads\/2018\/12\/Flavio-e-Fabricio-750x420.jpg 750w, https:\/\/jornalcontato.com.br\/home\/wp-content\/uploads\/2018\/12\/Flavio-e-Fabricio-1140x641.jpg 1140w, https:\/\/jornalcontato.com.br\/home\/wp-content\/uploads\/2018\/12\/Flavio-e-Fabricio.jpg 1280w\" sizes=\"auto, (max-width: 450px) 100vw, 450px\" \/><\/a><\/p>\n<p style=\"text-align: center;\"><em><strong>Fl\u00e1vio Bolsonaro (D) e o ex-assessor PM e motorista Fabr\u00edcio Queiroz<\/strong><\/em><\/p>\n<p>Seu colega Onyx Lorenzoni n\u00e3o exibiu a mesma frieza e se destemperou diante das c\u00e2meras. Questionado, ele tentou desviar o foco atacando a imprensa, o PT e o Coaf. Chegou a insinuar que o \u00f3rg\u00e3o teria se omitido no esc\u00e2ndalo do mensal\u00e3o \u2014 o deputado integrou a CPI dos Correios e sabe que isso n\u00e3o ocorreu. Irritado, ele ainda perguntou quanto um rep\u00f3rter ganhava antes de abandonara entrevista.<\/p>\n<p>O presidente eleito cancelou a presen\u00e7a em mais uma cerim\u00f4nia militar e foi para casa. Em nota, alegou ordens m\u00e9dicas para ficar em repouso. Cinco dias antes, ele ostentava disposi\u00e7\u00e3o no est\u00e1dio do Palmeiras. Deu a volta ol\u00edmpica com os jogadores e ergueu a ta\u00e7a do Campeonato Brasileiro, que pesa 15 quilos.<\/p>\n<p>\u00c0 noite, Bolsonaro deu sua primeira vers\u00e3o sobre o caso. Ao site O Antagonista, atribuiu o repasse do PM a um empr\u00e9stimo n\u00e3o declarado. \u201cEle estava com problema financeiro e uma d\u00edvida que ele tinha comigo se acumulou. N\u00e3o foram R$ 24 mil, foram R$ 40 mil\u201d, disse, indicando a exist\u00eancia de outros cheques. Sobre o fato de o repasse ter ido para Michelle, ele afirmou: \u201cFoi para a conta da minha esposa porque eu n\u00e3o tenho tempo de sair\u201d.<\/p>\n<p><a href=\"http:\/\/jornalcontato.com.br\/home\/wp-content\/uploads\/2018\/12\/Michelle-Bolsonaro.jpg\"><img loading=\"lazy\" decoding=\"async\" class=\"aligncenter size-full wp-image-16435\" src=\"http:\/\/jornalcontato.com.br\/home\/wp-content\/uploads\/2018\/12\/Michelle-Bolsonaro.jpg\" alt=\"Michelle Bolsonaro\" width=\"282\" height=\"178\" \/><\/a><\/p>\n<p style=\"text-align: center;\"><em><strong>Na conta de Michelle Bolsonaro, futura primeira-dama, foi depositado cheque de R$ 24 mil<\/strong><\/em><\/p>\n<p>Faltou explicar por que a opera\u00e7\u00e3o n\u00e3o foi declarada \u00e0 Receita e por que algu\u00e9m que movimentou ao menos R$ 1,2 milh\u00e3o em um ano precisaria pedir dinheiro emprestado a um deputado que recebe R$ 33 mil por m\u00eas. O PM tinha prest\u00edgio com o cl\u00e3 Bolsonaro. Al\u00e9m dele, a mulher e as duas filhas estiveram penduradas no gabinete de Fl\u00e1vio. Uma das herdeiras tamb\u00e9m ocupou cargo de confian\u00e7a no gabinete do presidente eleito.<\/p>\n<p>Ao acompanhar o notici\u00e1rio, o cientista pol\u00edtico S\u00e9rgio Pra\u00e7a se lembrou de outro rolo que envolveu um cheque suspeito para uma primeira-dama. Aconteceu em 1991, quando Rosane Collor ganhou um Fiat Elba do esquema PC. A descoberta ajudou a desvendar o laranjal que pagava as despesas pessoais do presidente Fernando Collor, eleito com a promessa de combatera corrup\u00e7\u00e3o.<\/p>\n","protected":false},"excerpt":{"rendered":"<p>Bolsonaro alega que o assessor do filho lhe devia dinheiro. Falta explicar por que a transa\u00e7\u00e3o n\u00e3o foi declarada e por que o PM assessor &#8230;<\/p>\n","protected":false},"author":1,"featured_media":16438,"comment_status":"open","ping_status":"open","sticky":false,"template":"","format":"standard","meta":{"footnotes":""},"categories":[1],"tags":[],"class_list":["post-16433","post","type-post","status-publish","format-standard","has-post-thumbnail","hentry","category-nacional"],"_links":{"self":[{"href":"https:\/\/www.jornalcontato.com.br\/home\/index.php\/wp-json\/wp\/v2\/posts\/16433","targetHints":{"allow":["GET"]}}],"collection":[{"href":"https:\/\/www.jornalcontato.com.br\/home\/index.php\/wp-json\/wp\/v2\/posts"}],"about":[{"href":"https:\/\/www.jornalcontato.com.br\/home\/index.php\/wp-json\/wp\/v2\/types\/post"}],"author":[{"embeddable":true,"href":"https:\/\/www.jornalcontato.com.br\/home\/index.php\/wp-json\/wp\/v2\/users\/1"}],"replies":[{"embeddable":true,"href":"https:\/\/www.jornalcontato.com.br\/home\/index.php\/wp-json\/wp\/v2\/comments?post=16433"}],"version-history":[{"count":1,"href":"https:\/\/www.jornalcontato.com.br\/home\/index.php\/wp-json\/wp\/v2\/posts\/16433\/revisions"}],"predecessor-version":[{"id":16437,"href":"https:\/\/www.jornalcontato.com.br\/home\/index.php\/wp-json\/wp\/v2\/posts\/16433\/revisions\/16437"}],"wp:featuredmedia":[{"embeddable":true,"href":"https:\/\/www.jornalcontato.com.br\/home\/index.php\/wp-json\/wp\/v2\/media\/16438"}],"wp:attachment":[{"href":"https:\/\/www.jornalcontato.com.br\/home\/index.php\/wp-json\/wp\/v2\/media?parent=16433"}],"wp:term":[{"taxonomy":"category","embeddable":true,"href":"https:\/\/www.jornalcontato.com.br\/home\/index.php\/wp-json\/wp\/v2\/categories?post=16433"},{"taxonomy":"post_tag","embeddable":true,"href":"https:\/\/www.jornalcontato.com.br\/home\/index.php\/wp-json\/wp\/v2\/tags?post=16433"}],"curies":[{"name":"wp","href":"https:\/\/api.w.org\/{rel}","templated":true}]}}