{"id":16426,"date":"2018-12-08T08:49:21","date_gmt":"2018-12-08T11:49:21","guid":{"rendered":"http:\/\/www.jornalcontato.com.br\/home\/?p=16426"},"modified":"2018-12-08T08:50:55","modified_gmt":"2018-12-08T11:50:55","slug":"comeca-a-cair-a-ditadura-perfeita-flavio-tavares","status":"publish","type":"post","link":"https:\/\/www.jornalcontato.com.br\/home\/index.php\/comeca-a-cair-a-ditadura-perfeita-flavio-tavares\/","title":{"rendered":"Come\u00e7a a cair a ditadura perfeita? (*Fl\u00e1vio Tavares)"},"content":{"rendered":"<p>A posse, dias atr\u00e1s, do novo presidente do M\u00e9xico, Andr\u00e9s Manuel L\u00f3pez Obrador, cientista pol\u00edtico de forma\u00e7\u00e3o marxista, mas aberto e sem dogmas, eleito pelo esquerdista Movimento de Regenera\u00e7\u00e3o Nacional (Morena), leva a perguntar: ser\u00e1 o come\u00e7o do fim da \u201cditadura perfeita\u201d, l\u00e1 implantada h\u00e1, pelo menos, 70 anos?<\/p>\n<p>A express\u00e3o \u201cditadura perfeita\u201d \u00e9 do peruano M\u00e1rio Vargas Llosa, criada nos anos 1980 para designar o sistema pol\u00edtico mexicano. Diferente da ditadura do \u201cpartido \u00fanico\u201d do totalitarismo, \u00e9 outra, de novo tipo. Mais inteligente, c\u00ednica e sibilina, \u00e9 a ditadura do \u201c\u00fanico partido\u201d autorizado a vencer elei\u00e7\u00f5es num pa\u00eds democr\u00e1tico, nominalmente livre e multipartid\u00e1rio.<\/p>\n<p>Morei seis anos no M\u00e9xico como exilado pol\u00edtico, na d\u00e9cada de 1960-70, e comprovei a contradi\u00e7\u00e3o que, depois, Vargas Llosa chamou de \u201cditadura perfeita\u201d. A cr\u00edtica ao governo era aberta, ampla e cont\u00ednua, mas o partido governamental reunia (v\u00e1rias vezes ao ano, todos os anos) de 500 mil a 1 milh\u00e3o de pessoas que ouviam e aplaudiam ardorosamente o presidente da Rep\u00fablica defronte ao Pal\u00e1cio Nacional.<\/p>\n<p><a href=\"http:\/\/jornalcontato.com.br\/home\/wp-content\/uploads\/2018\/12\/Ditadura-perfeita.jpg\"><img loading=\"lazy\" decoding=\"async\" class=\"aligncenter size-large wp-image-16427\" src=\"http:\/\/jornalcontato.com.br\/home\/wp-content\/uploads\/2018\/12\/Ditadura-perfeita-450x340.jpg\" alt=\"Ditadura perfeita\" width=\"450\" height=\"340\" srcset=\"https:\/\/jornalcontato.com.br\/home\/wp-content\/uploads\/2018\/12\/Ditadura-perfeita-450x340.jpg 450w, https:\/\/jornalcontato.com.br\/home\/wp-content\/uploads\/2018\/12\/Ditadura-perfeita-300x227.jpg 300w, https:\/\/jornalcontato.com.br\/home\/wp-content\/uploads\/2018\/12\/Ditadura-perfeita.jpg 540w\" sizes=\"auto, (max-width: 450px) 100vw, 450px\" \/><\/a><\/p>\n<p style=\"text-align: center;\"><em><strong>Cartaz do filme realizado em 2014<\/strong><\/em><\/p>\n<p>Dizendo-se herdeiro da Revolu\u00e7\u00e3o agr\u00e1ria e libert\u00e1ria de Emiliano Zapata e Pancho Villa de 1910, o Partido Revolucion\u00e1rio Institucional (PRI) ganhava toda elei\u00e7\u00e3o, na urna ou na fraude, com votos ou sem votos. Todos votavam no PRI &#8211; do povo humilde, v\u00edtima da corrup\u00e7\u00e3o governamental, aos intelectuais cr\u00edticos do regime em que o presidente da Rep\u00fablica \u00e9 um monarca absolutista. \u201cN\u00e3o adianta, o PRI frauda e ganha\u2026\u201d, lamentavam os oposicionistas ao votar no partido governamental.<\/p>\n<p>A vis\u00e3o olig\u00e1rquica da \u201cditadura perfeita\u201d n\u00e3o desapareceu nem nos dois mandatos presidenciais (j\u00e1 nos anos 2000) em que o centro-direitista Partido A\u00e7\u00e3o Nacional (PAN) esteve no poder. A simula\u00e7\u00e3o atenuou-se, mas continuou &#8211; pol\u00edtica externa independente, ampla liberdade na pesquisa acad\u00eamica, nas universidades, nas artes e na express\u00e3o individual de ideias (conquanto n\u00e3o amea\u00e7asse o poder), junto a camuflada interven\u00e7\u00e3o na imprensa e aberta submiss\u00e3o do r\u00e1dio e da televis\u00e3o. E como corol\u00e1rio final, sufocante controle dos resultados eleitorais.<\/p>\n<p>Tudo isso encobria a profunda corrup\u00e7\u00e3o em todos os n\u00edveis &#8211; do guarda de tr\u00e2nsito nas ruas aos atos dos governos municipais, estaduais ou federal.<\/p>\n<p><a href=\"http:\/\/jornalcontato.com.br\/home\/wp-content\/uploads\/2018\/12\/Obrador.jpg\"><img loading=\"lazy\" decoding=\"async\" class=\"aligncenter size-large wp-image-16428\" src=\"http:\/\/jornalcontato.com.br\/home\/wp-content\/uploads\/2018\/12\/Obrador-450x270.jpg\" alt=\"Obrador\" width=\"450\" height=\"270\" srcset=\"https:\/\/jornalcontato.com.br\/home\/wp-content\/uploads\/2018\/12\/Obrador-450x270.jpg 450w, https:\/\/jornalcontato.com.br\/home\/wp-content\/uploads\/2018\/12\/Obrador-300x180.jpg 300w, https:\/\/jornalcontato.com.br\/home\/wp-content\/uploads\/2018\/12\/Obrador-768x461.jpg 768w, https:\/\/jornalcontato.com.br\/home\/wp-content\/uploads\/2018\/12\/Obrador.jpg 800w\" sizes=\"auto, (max-width: 450px) 100vw, 450px\" \/><\/a><\/p>\n<p style=\"text-align: center;\"><em><strong>L\u00f3pez Obrador no dia de sua posse como presidente do M\u00e9xico<\/strong><\/em><\/p>\n<p>Desde 1.\u00ba de dezembro, com a posse do novo presidente da Rep\u00fablica, o longo ciclo da \u201cditadura perfeita\u201d pode ter come\u00e7ado a se romper definitivamente. Marxista sem dogmas e professor de ci\u00eancia pol\u00edtica, seus v\u00e1rios livros analisam a estrutura do poder naquele pa\u00eds. Experiente, governou a Cidade do M\u00e9xico e l\u00e1 implantou o que promete repetir como presidente: ap\u00f3s os primeiros dois anos e meio, convocar\u00e1 um referendo para que o povo defina se ele deve ou n\u00e3o continuar.<\/p>\n<p>\u201cEl pueblo pone y el pueblo quita\u201d &#8211; ou \u201co povo p\u00f5e e o povo tira\u201d -, disse ao tomar posse. Quando governou uma das dez cidades mais populosas do mundo, foi aprovado por 90%, ao moralizar a pol\u00edcia e o corrupto aparelho estatal, diminuir a polui\u00e7\u00e3o urbana, organizar os transportes e a educa\u00e7\u00e3o infantil.<\/p>\n<p>Agora os desafios ser\u00e3o maiores, como reconheceu. Combater a corrup\u00e7\u00e3o e a impunidade, separando o poder pol\u00edtico do poder econ\u00f4mico e, nele, o brutal narcotr\u00e1fico. Cinco meses atr\u00e1s, ao vencer a elei\u00e7\u00e3o, ele formou os Foros de Pacifica\u00e7\u00e3o, grupos de cidad\u00e3os em busca do \u201creencontro nacional\u201d, que lembram os da \u00c1frica do Sul ap\u00f3s o fim do apartheid, em que a Justi\u00e7a e a reconcilia\u00e7\u00e3o substitu\u00edram a vingan\u00e7a. Mas n\u00e3o reabrir\u00e1 processos antigos por corrup\u00e7\u00e3o. Nos \u00faltimos 30 anos, cerca de 60% dos investimentos no M\u00e9xico vieram da \u201clavagem de dinheiro\u201d do narcotr\u00e1fico\u2026<\/p>\n<p>O crime organizado \u201clegalizou-se\u201d, j\u00e1 \u00e9 parte da economia e n\u00e3o h\u00e1 como mexer no ninho de marimbondo que virou abelha e at\u00e9 produz mel. Mas avisou: exigir\u00e1 plena honestidade \u201cem tudo\u201d &#8211; nas transa\u00e7\u00f5es entre o p\u00fablico e o privado ou na prote\u00e7\u00e3o ambiental, com um detalhe que comunga com o papa Francisco: \u201cN\u00e3o haver\u00e1 transg\u00eanicos\u201d.<\/p>\n<p><a href=\"http:\/\/jornalcontato.com.br\/home\/wp-content\/uploads\/2018\/12\/Falando.jpg\"><img loading=\"lazy\" decoding=\"async\" class=\"aligncenter size-large wp-image-16429\" src=\"http:\/\/jornalcontato.com.br\/home\/wp-content\/uploads\/2018\/12\/Falando-450x253.jpg\" alt=\"Falando\" width=\"450\" height=\"253\" srcset=\"https:\/\/jornalcontato.com.br\/home\/wp-content\/uploads\/2018\/12\/Falando-450x253.jpg 450w, https:\/\/jornalcontato.com.br\/home\/wp-content\/uploads\/2018\/12\/Falando-300x169.jpg 300w, https:\/\/jornalcontato.com.br\/home\/wp-content\/uploads\/2018\/12\/Falando-768x433.jpg 768w, https:\/\/jornalcontato.com.br\/home\/wp-content\/uploads\/2018\/12\/Falando-750x420.jpg 750w, https:\/\/jornalcontato.com.br\/home\/wp-content\/uploads\/2018\/12\/Falando.jpg 980w\" sizes=\"auto, (max-width: 450px) 100vw, 450px\" \/><\/a><\/p>\n<p style=\"text-align: center;\"><em><strong>&#8220;El pueblo pone y el pueblo quita&#8221;<\/strong><\/em><\/p>\n<p>Criticou a chamada economia neoliberal baseado em dados concretas, n\u00e3o em caolhas vis\u00f5es ideol\u00f3gicas. A estatal Pemex j\u00e1 foi a quinta produtora mundial de petr\u00f3leo, com 3,7 milh\u00f5es de barris di\u00e1rios, e hoje, \u201cap\u00f3s as reformas ditas liberais\u201d, vai pouco al\u00e9m de 1 milh\u00e3o di\u00e1rios, obrigando o M\u00e9xico a importar gasolina.<\/p>\n<p>Tal qual o Brasil, o M\u00e9xico vive profunda crise econ\u00f4mica e \u00e9tica, em anos de corrup\u00e7\u00e3o institucionalizada agravada pelo narcotr\u00e1fico, um \u201cEstado paralelo\u201d com ex\u00e9rcitos armados. At\u00e9 aqui, ele denunciou tudo isso e at\u00e9 mais. Agora ter\u00e1 de enfrentar diretamente e vencer.<\/p>\n<p>Pronunciadas em espanhol, as iniciais do seu nome, AMLO, como \u00e9 conhecido, t\u00eam o som e o significado de \u201came-o\u201d e at\u00e9 isso colaborou para sua folgada vit\u00f3ria eleitoral. Em vez de \u201creivindica\u00e7\u00e3o\u201d (como \u00e9 h\u00e1bito nas chamadas \u201cesquerdas\u201d), ele preferiu a \u201cregenera\u00e7\u00e3o\u201d da velha \u00e9tica de 1910 do revolucion\u00e1rio Zapata. Nas duas elei\u00e7\u00f5es presidenciais anteriores, em que \u201cperdeu\u201d tendo mais votos, AMLO foi incontest\u00e1vel v\u00edtima de fraude e, assim, saber\u00e1 medir o poder da \u00e9tica.<\/p>\n<p>Nas ideias e no modo de agir, AMLO se parece mais com os governantes socialistas e social-democratas da Europa Ocidental do que com a demagogia populista do tipo PT no Brasil. O per\u00edodo presidencial no M\u00e9xico \u00e9 de seis anos, sem reelei\u00e7\u00e3o, e ele governar\u00e1 at\u00e9 1.\u00ba de dezembro de 2024. Em 2021, antes de cumprir metade do mandato, indagar\u00e1 ao povo se ele pr\u00f3prio deve seguir no poder, o que ningu\u00e9m no Brasil jamais se atreveria sequer a pensar.<\/p>\n<p>A n\u00e3o ser que, aqui, comecem a cair as imperfei\u00e7\u00f5es da democracia, algo que, a partir de 2019, nem um s\u00e1bio or\u00e1culo sabe prever.<\/p>\n<p>&nbsp;<\/p>\n<p><em><strong>*JORNALISTA E ESCRITOR, PR\u00caMIO JABUTI DE LITERATURA EM 2000 E 2005, PR\u00caMIO APCA 2004, FL\u00c1VIO TAVARES \u00c9 PROFESSOR DA UNIVERSIDADE DE BRAS\u00cdLIA<\/strong><\/em><\/p>\n","protected":false},"excerpt":{"rendered":"<p>A posse, dias atr\u00e1s, do novo presidente do M\u00e9xico, Andr\u00e9s Manuel L\u00f3pez Obrador, cientista pol\u00edtico de forma\u00e7\u00e3o marxista, mas aberto e sem dogmas, eleito pelo &#8230;<\/p>\n","protected":false},"author":1,"featured_media":16430,"comment_status":"open","ping_status":"open","sticky":false,"template":"","format":"standard","meta":{"footnotes":""},"categories":[1],"tags":[],"class_list":["post-16426","post","type-post","status-publish","format-standard","has-post-thumbnail","hentry","category-nacional"],"_links":{"self":[{"href":"https:\/\/www.jornalcontato.com.br\/home\/index.php\/wp-json\/wp\/v2\/posts\/16426","targetHints":{"allow":["GET"]}}],"collection":[{"href":"https:\/\/www.jornalcontato.com.br\/home\/index.php\/wp-json\/wp\/v2\/posts"}],"about":[{"href":"https:\/\/www.jornalcontato.com.br\/home\/index.php\/wp-json\/wp\/v2\/types\/post"}],"author":[{"embeddable":true,"href":"https:\/\/www.jornalcontato.com.br\/home\/index.php\/wp-json\/wp\/v2\/users\/1"}],"replies":[{"embeddable":true,"href":"https:\/\/www.jornalcontato.com.br\/home\/index.php\/wp-json\/wp\/v2\/comments?post=16426"}],"version-history":[{"count":1,"href":"https:\/\/www.jornalcontato.com.br\/home\/index.php\/wp-json\/wp\/v2\/posts\/16426\/revisions"}],"predecessor-version":[{"id":16431,"href":"https:\/\/www.jornalcontato.com.br\/home\/index.php\/wp-json\/wp\/v2\/posts\/16426\/revisions\/16431"}],"wp:featuredmedia":[{"embeddable":true,"href":"https:\/\/www.jornalcontato.com.br\/home\/index.php\/wp-json\/wp\/v2\/media\/16430"}],"wp:attachment":[{"href":"https:\/\/www.jornalcontato.com.br\/home\/index.php\/wp-json\/wp\/v2\/media?parent=16426"}],"wp:term":[{"taxonomy":"category","embeddable":true,"href":"https:\/\/www.jornalcontato.com.br\/home\/index.php\/wp-json\/wp\/v2\/categories?post=16426"},{"taxonomy":"post_tag","embeddable":true,"href":"https:\/\/www.jornalcontato.com.br\/home\/index.php\/wp-json\/wp\/v2\/tags?post=16426"}],"curies":[{"name":"wp","href":"https:\/\/api.w.org\/{rel}","templated":true}]}}