{"id":16419,"date":"2018-12-06T08:56:22","date_gmt":"2018-12-06T11:56:22","guid":{"rendered":"http:\/\/www.jornalcontato.com.br\/home\/?p=16419"},"modified":"2018-12-06T08:56:22","modified_gmt":"2018-12-06T11:56:22","slug":"empatia-x-simpatia-uma-dose-de-filosofia-no-debate-sobre-igualdade-mestre-jc-sebe-bom-meihy","status":"publish","type":"post","link":"https:\/\/www.jornalcontato.com.br\/home\/index.php\/empatia-x-simpatia-uma-dose-de-filosofia-no-debate-sobre-igualdade-mestre-jc-sebe-bom-meihy\/","title":{"rendered":"EMPATIA X SIMPATIA:  uma dose de filosofia no debate sobre igualdade (Mestre JC Sebe Bom Meihy)"},"content":{"rendered":"<p>J\u00e1 foi dito e at\u00e9 consagrado que nosso tempo, o s\u00e9culo XXI, \u00e9 \u201cda diversidade\u201d. Mais que nunca, efeito de intrincados jogos de detalhes, as \u201cdiferen\u00e7as\u201d emergem de maneira a suscitar conv\u00edvios definidos em c\u00f3digos variados. Seja pela necessidade social de planos de sobreviv\u00eancia, ou pelas regras jur\u00eddicas conquistadas, os conceitos se somam, dando fundamenta\u00e7\u00e3o filos\u00f3fica \u00e0s condutas que extrapolam normas cotidianas ou simples regras de aceita\u00e7\u00e3o.<\/p>\n<p>N\u00e3o mais que de repente precisamos ter clareza de considera\u00e7\u00f5es que comp\u00f5em comportamentos expl\u00edcitos, muitas vezes tidos como naturais ou sem hist\u00f3ria. Nada na sociedade humana, nas rela\u00e7\u00f5es sociais, decorre meramente dos tais instintos de sobreviv\u00eancia. Em sociedade, tudo \u00e9 constitu\u00eddo e acertado segundo interesses marcados pelo que Rousseau chamou de \u201ccontrato social\u201d. \u00c9 l\u00f3gico que precisamos dos instintos b\u00e1sicos para a continuidade das esp\u00e9cies, e assim: respiramos, nos alimentados e cumprimos os des\u00edgnios reprodutivos. Mas viver em comunidades exige constru\u00e7\u00f5es que se materializam em costumes e pr\u00e1ticas regulativas e estas sempre s\u00e3o acordadas de maneira a um ordenamento de conv\u00edvio. \u00c9 a\u00ed que atuam os conceitos e as oposi\u00e7\u00f5es especulares aos preconceitos.<\/p>\n<p><a href=\"http:\/\/jornalcontato.com.br\/home\/wp-content\/uploads\/2018\/12\/Rousseau.jpg\"><img loading=\"lazy\" decoding=\"async\" class=\"aligncenter size-large wp-image-16420\" src=\"http:\/\/jornalcontato.com.br\/home\/wp-content\/uploads\/2018\/12\/Rousseau-374x450.jpg\" alt=\"Rousseau\" width=\"374\" height=\"450\" srcset=\"https:\/\/jornalcontato.com.br\/home\/wp-content\/uploads\/2018\/12\/Rousseau-374x450.jpg 374w, https:\/\/jornalcontato.com.br\/home\/wp-content\/uploads\/2018\/12\/Rousseau-249x300.jpg 249w, https:\/\/jornalcontato.com.br\/home\/wp-content\/uploads\/2018\/12\/Rousseau-768x924.jpg 768w, https:\/\/jornalcontato.com.br\/home\/wp-content\/uploads\/2018\/12\/Rousseau.jpg 939w\" sizes=\"auto, (max-width: 374px) 100vw, 374px\" \/><\/a><\/p>\n<p style=\"text-align: center;\"><em><strong>Jean Jacques Rousseau: rela\u00e7\u00f5es devem ser estabelecidas pelo &#8220;contrato social&#8221;<\/strong><\/em><\/p>\n<p>Levando a s\u00e9rio a inevitabilidade de acatamento dos \u201cdiferentes\u201d \u2013 das minorias antropol\u00f3gicas: negros, deficientes f\u00edsicos, mulheres, homossexuais, imigrantes \u2013 temos que questionar alguns supostos que sustentam tais desempenhos. Nessa linha, o termo \u201ctoler\u00e2ncia\u201d se coloca como vulner\u00e1vel \u00e0 cr\u00edtica. Tolerar implica acatar com reserva o \u201coutro\u201d. Seria como ceder lugar por convencimento racional.\u00a0 Seria \u201cadmitir\u201d e num esquema de respeito e direitos, \u201cadmitir\u201d \u00e9 pouco. H\u00e1 decorr\u00eancias s\u00e9rias contidas nessa considera\u00e7\u00e3o, e, efeito imediato disso, implica a retomada intelectual que, por fim, discute a ag\u00eancia das coisas. Dizendo de forma direta, pergunta-se: a partir de quem se organiza o espa\u00e7o do \u201ceu\u201d e o direito do \u201coutro\u201d? Indo ainda mais fundo no mar agitado dos conceitos de paternidade filos\u00f3fica, cabe mais, e antes, de definir o lugar do \u201cdiferente\u201d, o reconhecimento de um darwinismo social que tem garantido ao mais forte e mais adapt\u00e1vel um posicionamento como regente do ordenamento social.<\/p>\n<p>Qualquer esclarecimento sobre o progresso deste debate exige evoca\u00e7\u00e3o de dois pilares que se constituem no suporte das explica\u00e7\u00f5es do mundo contempor\u00e2neo: o \u201cnascimento do eu\u201d e a incessante briga entre o \u201cobjetivismo\u201d versus \u201csubjetivismo\u201d. N\u00e3o seria pouco dizer que tudo come\u00e7ou com o humanismo renascentista, com a emers\u00e3o do indiv\u00edduo competente como centro da natureza. Desde ent\u00e3o, os nomes come\u00e7aram a aparecer nas obras de arte, os senhores a se notificarem como mecenas e os nomes pr\u00f3prios a progredirem poderes, uns sobre outros, an\u00f4nimos. \u00c9 assim, por exemplo, que se diz que Colombo chegou \u00e0 Am\u00e9rica, ou que Pedro Alvares Cabral descobriu o Brasil. A Hist\u00f3ria (escrita, de fei\u00e7\u00f5es cient\u00edficas, oficial e oficializadora) tem eras de constru\u00e7\u00e3o que, por fim, come\u00e7aram a ser abaladas pelas conclus\u00f5es de Freud. Foi ele quem feriu o \u201ceu\u201d na acep\u00e7\u00e3o que temos hoje, universalmente acatado na vig\u00eancia do capitalismo. E tamb\u00e9m \u00e9 freudiana a remessa \u00e0 semente capaz de aliviar a praga do ego\u00edsmo social.<\/p>\n<p><a href=\"http:\/\/jornalcontato.com.br\/home\/wp-content\/uploads\/2018\/12\/Freud.jpg\"><img loading=\"lazy\" decoding=\"async\" class=\"aligncenter size-full wp-image-16421\" src=\"http:\/\/jornalcontato.com.br\/home\/wp-content\/uploads\/2018\/12\/Freud.jpg\" alt=\"Freud\" width=\"275\" height=\"183\" \/><\/a><\/p>\n<p style=\"text-align: center;\"><em><strong>Sigmund Freud revolucionou a constru\u00e7\u00e3o hist\u00f3rica<\/strong><\/em><\/p>\n<p>O \u201csubjetivismo\u201d proposto pelo pai da psican\u00e1lise convida a pensar com base em debates assentados. Sem conhecimento dos percursos anteriores aos comportamentos em voga pouco progresso se vislumbra. Por certo, o tema merece considera\u00e7\u00f5es importantes e sensatas, mas, mesmo sob a car\u00eancia de oportunidades de aprofundamento, ressalta-se a presen\u00e7a de dois conceitos que, se contrapostos em sentido filos\u00f3ficos, podem ajudar o ingresso nos c\u00e9us abertos dos direitos \u00e0 hist\u00f3ria: \u201csimpatia\u201d e \u201cempatia\u201d. Gera\u00e7\u00f5es cresceram apreciando o \u201cdever de simpatia\u201d. Aprendeu-se (e ensinou-se) que \u201csimpatia\u201d era uma virtude inscrita na piedade e no reconhecimento da dor de \u201coutra pessoa\u201d. Durante d\u00e9cadas, isso abrangeu os chamados bons costumes. De forma ret\u00f3rica, aprendeu-se que \u00e9 \u201csimp\u00e1tico ser simp\u00e1tico\u201d. Derivado do conceito grego de \u201csym-pathos\u201d (sim = uni\u00e3o; pathos = paix\u00e3o), valorizou-se o direito do \u201coutro\u201d como atitude de acatamento, algo capaz de favorecer o conv\u00edvio por um tipo de solidariedade concedida pela dor alheia.<\/p>\n<p>Ainda que dicion\u00e1rios confundam os dois termos, \u00e9 importante distingui-los, pois, empatia (in = dentro) vai al\u00e9m da condescend\u00eancia, impetra mesmo \u201cse colocar no lugar do outro\u201d. H\u00e1 ainda um fator a ser considerado na equa\u00e7\u00e3o que justifica o \u201cdiferente\u201d como objeto de reflex\u00e3o. Enquanto simpatia permite a compreens\u00e3o da dor alheia, empatia demanda se colocar na posi\u00e7\u00e3o do outro. Atua nessa rela\u00e7\u00e3o o sentido da solidariedade e da paix\u00e3o. N\u00e3o pode haver solidariedade sem paix\u00e3o e o apelo apaixonado ganha sentido humanit\u00e1rio quando um se coloca n\u00e3o ao lado, mas no lugar do outro.<\/p>\n<p>O m\u00e1gico nesse debate \u00e9 que a diferencia\u00e7\u00e3o entre os termos pode ser apreendida e discutida como ensinamento. Assim, n\u00e3o apenas justificar-se-ia o debate no n\u00edvel da filosofia ou de refinadas contendas intelectuais. A apreens\u00e3o dessas diferencia\u00e7\u00f5es pode ser captada tamb\u00e9m em n\u00edvel de ensino, pois \u00e9 f\u00e1cil exemplificar e com o exerc\u00edcio tornar pedag\u00f3gica a explica\u00e7\u00e3o dos direitos de tantos que, afinal, justificariam a premissa de que \u201ctodos s\u00e3o iguais perante a lei\u201d.<\/p>\n","protected":false},"excerpt":{"rendered":"<p>J\u00e1 foi dito e at\u00e9 consagrado que nosso tempo, o s\u00e9culo XXI, \u00e9 \u201cda diversidade\u201d. Mais que nunca, efeito de intrincados jogos de detalhes, as &#8230;<\/p>\n","protected":false},"author":1,"featured_media":16422,"comment_status":"open","ping_status":"open","sticky":false,"template":"","format":"standard","meta":{"footnotes":""},"categories":[1],"tags":[],"class_list":["post-16419","post","type-post","status-publish","format-standard","has-post-thumbnail","hentry","category-nacional"],"_links":{"self":[{"href":"https:\/\/www.jornalcontato.com.br\/home\/index.php\/wp-json\/wp\/v2\/posts\/16419","targetHints":{"allow":["GET"]}}],"collection":[{"href":"https:\/\/www.jornalcontato.com.br\/home\/index.php\/wp-json\/wp\/v2\/posts"}],"about":[{"href":"https:\/\/www.jornalcontato.com.br\/home\/index.php\/wp-json\/wp\/v2\/types\/post"}],"author":[{"embeddable":true,"href":"https:\/\/www.jornalcontato.com.br\/home\/index.php\/wp-json\/wp\/v2\/users\/1"}],"replies":[{"embeddable":true,"href":"https:\/\/www.jornalcontato.com.br\/home\/index.php\/wp-json\/wp\/v2\/comments?post=16419"}],"version-history":[{"count":1,"href":"https:\/\/www.jornalcontato.com.br\/home\/index.php\/wp-json\/wp\/v2\/posts\/16419\/revisions"}],"predecessor-version":[{"id":16423,"href":"https:\/\/www.jornalcontato.com.br\/home\/index.php\/wp-json\/wp\/v2\/posts\/16419\/revisions\/16423"}],"wp:featuredmedia":[{"embeddable":true,"href":"https:\/\/www.jornalcontato.com.br\/home\/index.php\/wp-json\/wp\/v2\/media\/16422"}],"wp:attachment":[{"href":"https:\/\/www.jornalcontato.com.br\/home\/index.php\/wp-json\/wp\/v2\/media?parent=16419"}],"wp:term":[{"taxonomy":"category","embeddable":true,"href":"https:\/\/www.jornalcontato.com.br\/home\/index.php\/wp-json\/wp\/v2\/categories?post=16419"},{"taxonomy":"post_tag","embeddable":true,"href":"https:\/\/www.jornalcontato.com.br\/home\/index.php\/wp-json\/wp\/v2\/tags?post=16419"}],"curies":[{"name":"wp","href":"https:\/\/api.w.org\/{rel}","templated":true}]}}