{"id":16411,"date":"2018-12-05T15:00:28","date_gmt":"2018-12-05T18:00:28","guid":{"rendered":"http:\/\/www.jornalcontato.com.br\/home\/?p=16411"},"modified":"2018-12-06T07:23:24","modified_gmt":"2018-12-06T10:23:24","slug":"bolsonaro-enquadra-general-morao-fonte-oglobo","status":"publish","type":"post","link":"https:\/\/www.jornalcontato.com.br\/home\/index.php\/bolsonaro-enquadra-general-morao-fonte-oglobo\/","title":{"rendered":"Bolsonaro enquadra general Mour\u00e3o (OGLOBO)"},"content":{"rendered":"<p style=\"text-align: center;\"><strong><em>Bocudo, ambicioso e despreparado, o vice-presidente \u00e9 enquadrado para que daqui pra frente adote uma postura mais discreta e deixe que o presidente eleito concentre os holofotes<\/em><\/strong><\/p>\n<p>O Globo informa que Bolsonaro cobra de seu vice que cumpra a &#8220;lei do sil\u00eancio&#8221; depois de um novo cap\u00edtulo da disputa interna do futuro governo. A decis\u00e3o teria sido transmitida por meio de alguns dos mais pr\u00f3ximos aliados de Bolsonaro para que o general adote uma postura mais discreta e deixe que o presidente eleito concentre os holofotes como o \u00fanico porta-voz do futuro governo.<\/p>\n<p>Mour\u00e3o afirmou em diversas ocasi\u00f5es que n\u00e3o gostaria de ser um vice figurativo. Mas o recado \u00e9 claro: n\u00e3o dever\u00e1 ter espa\u00e7o para atuar no governo, segundo interlocutores do grupo de transi\u00e7\u00e3o. A Vice-Presid\u00eancia n\u00e3o ter\u00e1 nenhuma secretaria subordinada ou atribui\u00e7\u00e3o pr\u00e9-definida. Ap\u00f3s a vit\u00f3ria em segundo turno, chegou-se a especular que o general teria um papel de \u201cgerente\u201d do governo, coordenando os minist\u00e9rios. Por\u00e9m, a recomenda\u00e7\u00e3o \u00e9 que o vice s\u00f3 responda \u00e0s demandas espec\u00edficas de Bolsonaro, quando for solicitado.<\/p>\n<p>A avalia\u00e7\u00e3o \u00e9 que Mour\u00e3o, ao construir interlocu\u00e7\u00e3o com jornalistas, trabalha para sobressair-se ao presidente eleito.<\/p>\n<p><a href=\"http:\/\/jornalcontato.com.br\/home\/wp-content\/uploads\/2018\/12\/Bolsonaro.jpeg\"><img loading=\"lazy\" decoding=\"async\" class=\"aligncenter size-large wp-image-16412\" src=\"http:\/\/jornalcontato.com.br\/home\/wp-content\/uploads\/2018\/12\/Bolsonaro-450x309.jpeg\" alt=\"Bolsonaro\" width=\"450\" height=\"309\" srcset=\"https:\/\/jornalcontato.com.br\/home\/wp-content\/uploads\/2018\/12\/Bolsonaro-450x309.jpeg 450w, https:\/\/jornalcontato.com.br\/home\/wp-content\/uploads\/2018\/12\/Bolsonaro-300x206.jpeg 300w, https:\/\/jornalcontato.com.br\/home\/wp-content\/uploads\/2018\/12\/Bolsonaro-768x528.jpeg 768w, https:\/\/jornalcontato.com.br\/home\/wp-content\/uploads\/2018\/12\/Bolsonaro.jpeg 840w\" sizes=\"auto, (max-width: 450px) 100vw, 450px\" \/><\/a><\/p>\n<p style=\"text-align: center;\"><em><strong>Presidente eleito parece n\u00e3o suportar mais seu vice<\/strong><\/em><\/p>\n<p><strong><em>Indireta do filho?<\/em><\/strong><\/p>\n<p>O vereador Carlos Bolsonaro, filho do presidente eleito, \u00e9 o que mais tem reagido mal ao vice e insistido para que o pai freasse o general. Na semana passada, a intriga ganhou as redes sociais quando o Carlos, no Twitter, escreveu, sem citar nomes, que morte de Bolsonaro \u201cn\u00e3o interessa somente aos inimigos declarados, mas tamb\u00e9m aos que est\u00e3o muito perto. Principalmente ap\u00f3s sua posse.\u201d<\/p>\n<p>Questionado se a mensagem havia sido uma indireta, Mour\u00e3o se irritou e disse que caberia a Carlos esclarecer a sua mensagem.<\/p>\n<p>&#8211; Se eu quisesse ser presidente, teria concorrido a presidente &#8211;\u00a0 respondeu Mour\u00e3o ao GLOBO.<\/p>\n<p><a href=\"http:\/\/jornalcontato.com.br\/home\/wp-content\/uploads\/2018\/12\/General-Mourao.jpg\"><img loading=\"lazy\" decoding=\"async\" class=\"aligncenter size-large wp-image-16413\" src=\"http:\/\/jornalcontato.com.br\/home\/wp-content\/uploads\/2018\/12\/General-Mourao-450x281.jpg\" alt=\"General Mourao\" width=\"450\" height=\"281\" srcset=\"https:\/\/jornalcontato.com.br\/home\/wp-content\/uploads\/2018\/12\/General-Mourao-450x281.jpg 450w, https:\/\/jornalcontato.com.br\/home\/wp-content\/uploads\/2018\/12\/General-Mourao-300x187.jpg 300w, https:\/\/jornalcontato.com.br\/home\/wp-content\/uploads\/2018\/12\/General-Mourao.jpg 640w\" sizes=\"auto, (max-width: 450px) 100vw, 450px\" \/><\/a><\/p>\n<p style=\"text-align: center;\"><em><strong>Como ser\u00e1 que general Mour\u00e3o conseguir impor sua vontade?<\/strong><\/em><\/p>\n<p><strong>Origem<\/strong><\/p>\n<p>Os atritos entre o capit\u00e3o e o general surgiram ainda durante a campanha. Com Bolsonaro hospitalizado ap\u00f3s levar uma facada em um ato de campanha em Juiz de Fora, no in\u00edcio de setembro, Mour\u00e3o chegou a afirmar que poderia assumir os compromissos eleitorais, incluindo debates. Por\u00e9m, foi desautorizado pelo ent\u00e3o presidente do PSL, Gustavo Bebianno, que afirmou ser Bolsonaro \u201cinsubstitu\u00edvel.\u201d<\/p>\n<p>Mour\u00e3o limitou-se a participar de eventos fechados, mas suas declara\u00e7\u00f5es &#8211; como a que lares apenas com m\u00e3es e av\u00f3s s\u00e3o \u201cf\u00e1brica de desajustados\u201d &#8211; seguiram repercutindo mal e incomodando o n\u00facleo duro da campanha. O vice foi advertido tr\u00eas vezes para que fosse mais comedido em seus discursos. Na quarta vez, Bolsonaro decidiu por ele mesmo expor a rusga com o companheiro de chapa e foi ao Twitter desautoriz\u00e1-lo, ap\u00f3s o general dizer que o 13\u00ba sal\u00e1rio e o abono de f\u00e9rias, dizendo que s\u00e3o \u201cjabuticabas brasileiras.\u201d<\/p>\n","protected":false},"excerpt":{"rendered":"<p>Bocudo, ambicioso e despreparado, o vice-presidente \u00e9 enquadrado para que daqui pra frente adote uma postura mais discreta e deixe que o presidente eleito concentre &#8230;<\/p>\n","protected":false},"author":1,"featured_media":16415,"comment_status":"open","ping_status":"open","sticky":false,"template":"","format":"standard","meta":{"footnotes":""},"categories":[1],"tags":[],"class_list":["post-16411","post","type-post","status-publish","format-standard","has-post-thumbnail","hentry","category-nacional"],"_links":{"self":[{"href":"https:\/\/www.jornalcontato.com.br\/home\/index.php\/wp-json\/wp\/v2\/posts\/16411","targetHints":{"allow":["GET"]}}],"collection":[{"href":"https:\/\/www.jornalcontato.com.br\/home\/index.php\/wp-json\/wp\/v2\/posts"}],"about":[{"href":"https:\/\/www.jornalcontato.com.br\/home\/index.php\/wp-json\/wp\/v2\/types\/post"}],"author":[{"embeddable":true,"href":"https:\/\/www.jornalcontato.com.br\/home\/index.php\/wp-json\/wp\/v2\/users\/1"}],"replies":[{"embeddable":true,"href":"https:\/\/www.jornalcontato.com.br\/home\/index.php\/wp-json\/wp\/v2\/comments?post=16411"}],"version-history":[{"count":3,"href":"https:\/\/www.jornalcontato.com.br\/home\/index.php\/wp-json\/wp\/v2\/posts\/16411\/revisions"}],"predecessor-version":[{"id":16418,"href":"https:\/\/www.jornalcontato.com.br\/home\/index.php\/wp-json\/wp\/v2\/posts\/16411\/revisions\/16418"}],"wp:featuredmedia":[{"embeddable":true,"href":"https:\/\/www.jornalcontato.com.br\/home\/index.php\/wp-json\/wp\/v2\/media\/16415"}],"wp:attachment":[{"href":"https:\/\/www.jornalcontato.com.br\/home\/index.php\/wp-json\/wp\/v2\/media?parent=16411"}],"wp:term":[{"taxonomy":"category","embeddable":true,"href":"https:\/\/www.jornalcontato.com.br\/home\/index.php\/wp-json\/wp\/v2\/categories?post=16411"},{"taxonomy":"post_tag","embeddable":true,"href":"https:\/\/www.jornalcontato.com.br\/home\/index.php\/wp-json\/wp\/v2\/tags?post=16411"}],"curies":[{"name":"wp","href":"https:\/\/api.w.org\/{rel}","templated":true}]}}