{"id":16405,"date":"2018-12-04T16:23:58","date_gmt":"2018-12-04T19:23:58","guid":{"rendered":"http:\/\/www.jornalcontato.com.br\/home\/?p=16405"},"modified":"2018-12-04T16:23:58","modified_gmt":"2018-12-04T19:23:58","slug":"bye-bye-brasil-luiz-werneck-vianna-oesp-02-12-18","status":"publish","type":"post","link":"https:\/\/www.jornalcontato.com.br\/home\/index.php\/bye-bye-brasil-luiz-werneck-vianna-oesp-02-12-18\/","title":{"rendered":"Bye bye, Brasil? (Luiz Werneck Vianna, OESP 02.12.18)"},"content":{"rendered":"<p style=\"text-align: center;\"><em><strong>Os brasileiros n\u00e3o v\u00e3o se despedir de si, apenas dizem um at\u00e9 breve<\/strong><\/em><\/p>\n<p><em>\u00a0 \u00a0 \u00a0 \u00a0 \u00a0 Bye bye<\/em>, Brasil, querem nos embarcar para uma terra nova \u2013 por ora, est\u00e1 dif\u00edcil de evitar \u2013 sem reina\u00e7\u00f5es de Narizinho, sem Jubiab\u00e1, sem um catolicismo gordo e compassivo, sem o culto da cordialidade, sem o jagun\u00e7o do Euclides da Cunha e os retirantes de Graciliano, o abolicionismo do Nabuco, sem Gilberto Freyre, sem a Coluna Prestes, at\u00e9 sem a Petrobr\u00e1s e o Banco do Brasil, sair assim, com as m\u00e3os abanando e as cabe\u00e7as vazias. O embarque deve ser imediato, para que n\u00f3s, que mal conhecemos o liberalismo, num pa\u00eds onde jamais o capitalismo foi uma ideia popular, passemos direto ao neoliberalismo e ao culto da teologia da prosperidade, gl\u00f3ria a Deus.<\/p>\n<p><a href=\"http:\/\/jornalcontato.com.br\/home\/wp-content\/uploads\/2018\/12\/Graciliano.jpg\"><img loading=\"lazy\" decoding=\"async\" class=\"aligncenter size-large wp-image-16406\" src=\"http:\/\/jornalcontato.com.br\/home\/wp-content\/uploads\/2018\/12\/Graciliano-450x258.jpg\" alt=\"Graciliano\" width=\"450\" height=\"258\" srcset=\"https:\/\/jornalcontato.com.br\/home\/wp-content\/uploads\/2018\/12\/Graciliano-450x258.jpg 450w, https:\/\/jornalcontato.com.br\/home\/wp-content\/uploads\/2018\/12\/Graciliano-300x172.jpg 300w, https:\/\/jornalcontato.com.br\/home\/wp-content\/uploads\/2018\/12\/Graciliano.jpg 610w\" sizes=\"auto, (max-width: 450px) 100vw, 450px\" \/><\/a><\/p>\n<p style=\"text-align: center;\"><em><strong>Graciliano Ramos, assim como Euclides da Cunha e outros deixar\u00e3o de fazer parte de nossa cultura<\/strong><\/em><\/p>\n<p>Cirurgia de tal envergadura n\u00e3o \u00e9 obra solit\u00e1ria, ela foi concebida durante d\u00e9cadas com argumentos vindos de v\u00e1rios setores da vida social, inclusive do PT, que desde suas origens investiu contra a tradi\u00e7\u00e3o republicana brasileira e o centro pol\u00edtico que a encarnava, tal como no epis\u00f3dio famoso, ocorrido em pleno regime militar, em que sua principal lideran\u00e7a declarou que o principal inimigo das classes trabalhadoras era a CLT, e n\u00e3o o AI-5, vindo a sustentar um sindicalismo de resultados em oposi\u00e7\u00e3o \u00e0s antigas lideran\u00e7as sindicais, em boa parte tradicionalmente associadas ao centro pol\u00edtico. Em outro momento, com Lula candidato em segundo turno \u00e0 sucess\u00e3o presidencial vencida por Collor, seu partido recusou a participa\u00e7\u00e3o em seu palanque de Ulysses Guimar\u00e3es, um dos grandes pr\u00f3ceres do nosso liberalismo pol\u00edtico, como antes declinara assinar a Carta de 88, obra, no fundamental, do centro pol\u00edtico, sob a inspira\u00e7\u00e3o desse mesmo Ulysses, que a apresentou ao mundo com palavras memor\u00e1veis.<\/p>\n<p>A desconstru\u00e7\u00e3o do centro pol\u00edtico contou com a a\u00e7\u00e3o de outros personagens, como setores das elites origin\u00e1rias da dimens\u00e3o do mercado, desde sempre, tal como no caso da sua acirrada oposi\u00e7\u00e3o, nos anos 1930, \u00e0 legisla\u00e7\u00e3o social, refrat\u00e1ria \u00e0 regula\u00e7\u00e3o pelo direito da vida social e ao embri\u00e3o de social-democracia admitido pela Carta de 88. E mais recentemente, pela a\u00e7\u00e3o do Minist\u00e9rio P\u00fablico, que interpretou em chave salvacionista a luta justa e necess\u00e1ria contra a corrup\u00e7\u00e3o sem atentar para as suas consequ\u00eancias e sem discriminar alhos de bugalhos, comportando-se como um macaco solto numa loja de lou\u00e7as, com o que levou \u00e0 lona a sua representa\u00e7\u00e3o pol\u00edtica.<\/p>\n<p><a href=\"http:\/\/jornalcontato.com.br\/home\/wp-content\/uploads\/2018\/12\/Ulisses.jpg\"><img loading=\"lazy\" decoding=\"async\" class=\"aligncenter size-large wp-image-16407\" src=\"http:\/\/jornalcontato.com.br\/home\/wp-content\/uploads\/2018\/12\/Ulisses-300x450.jpg\" alt=\"Ulisses\" width=\"300\" height=\"450\" srcset=\"https:\/\/jornalcontato.com.br\/home\/wp-content\/uploads\/2018\/12\/Ulisses-300x450.jpg 300w, https:\/\/jornalcontato.com.br\/home\/wp-content\/uploads\/2018\/12\/Ulisses-200x300.jpg 200w, https:\/\/jornalcontato.com.br\/home\/wp-content\/uploads\/2018\/12\/Ulisses.jpg 512w\" sizes=\"auto, (max-width: 300px) 100vw, 300px\" \/><\/a><\/p>\n<p style=\"text-align: center;\"><em><strong>Ulisses Guimar\u00e3es, um dos art\u00edfices da Constitui\u00e7\u00e3o de 1988<\/strong><\/em><\/p>\n<p>Estamos em pleno mar, navegando com mapas incertos e pilotagem inexperiente, ela pr\u00f3pria sem saber para onde nos quer levar. Os quadros econ\u00f4micos selecionados pelo governante eleito, os principais formados na ortodoxia da Escola de Chicago, com seus compromissos conceituais e pr\u00e1ticos com os processos de globaliza\u00e7\u00e3o, inarred\u00e1veis na medida em que correspondem a movimentos seculares das coisas pertinentes \u00e0 economia mundo, ao menos desde as grandes navega\u00e7\u00f5es empreendidas pelo Ocidente \u2013 nossa Ib\u00e9ria \u00e0 frente \u2013, em suas cabines de comando j\u00e1 se encontram contestados pelo trumpismo do futuro chanceler Ernesto Ara\u00fajo. A b\u00fassola deve estar apontada para qual destino: o da globaliza\u00e7\u00e3o ou o da den\u00fancia do globalismo?<\/p>\n<p>Ruma-se para qual dire\u00e7\u00e3o, a da autarquia e a do nacionalismo (isso com a turma do Paulo Guedes?), que, na linguagem de Trump, significa <em>America first<\/em>, atrelando nossa pobre carro\u00e7a aos objetivos imperiais do presidente americano, que se deixou embair pela anacr\u00f4nica guerra de civiliza\u00e7\u00f5es ideada por Samuel Huntington?<\/p>\n<p><a href=\"http:\/\/jornalcontato.com.br\/home\/wp-content\/uploads\/2018\/12\/S-Huntington.jpg\"><img loading=\"lazy\" decoding=\"async\" class=\"aligncenter size-large wp-image-16408\" src=\"http:\/\/jornalcontato.com.br\/home\/wp-content\/uploads\/2018\/12\/S-Huntington-450x375.jpg\" alt=\"S Huntington\" width=\"450\" height=\"375\" srcset=\"https:\/\/jornalcontato.com.br\/home\/wp-content\/uploads\/2018\/12\/S-Huntington-450x375.jpg 450w, https:\/\/jornalcontato.com.br\/home\/wp-content\/uploads\/2018\/12\/S-Huntington-300x250.jpg 300w, https:\/\/jornalcontato.com.br\/home\/wp-content\/uploads\/2018\/12\/S-Huntington-768x640.jpg 768w, https:\/\/jornalcontato.com.br\/home\/wp-content\/uploads\/2018\/12\/S-Huntington.jpg 900w\" sizes=\"auto, (max-width: 450px) 100vw, 450px\" \/><\/a><\/p>\n<p style=\"text-align: center;\"><em><strong>Samuel Huntington exerceu grande influ\u00eancia sobre a elite conservadora americana<\/strong><\/em><\/p>\n<p>Logo n\u00f3s, que n\u00e3o viemos da matriz anglo-sax\u00f4nica, mas da ib\u00e9rica, e somos da fam\u00edlia dos bandeirantes, e n\u00e3o dos pioneiros, para lembrar as antigas li\u00e7\u00f5es de Viana Moog; n\u00f3s, que seguimos a estrada universal em direito do sistema da <em>civil law<\/em>, esta, sim, entranhada na Hist\u00f3ria do Ocidente, ao contr\u00e1rio do sistema da common law, que Hegel, por exemplo, n\u00e3o reconhecia como filho da raz\u00e3o, e sim do casu\u00edsmo de uma cultura singular, sem protagonismo, portanto, na marcha do esp\u00edrito com que a criatura buscava seu encontro com seu Criador. O Ocidente \u00e9 uma cria\u00e7\u00e3o europeia e \u00e9 a\u00ed que n\u00f3s, os americanos, como reconheceram os fundadores da grande Rep\u00fablica do Norte, cultores dos autores do Iluminismo nos <em>Federalist Papers<\/em>, estamos instalados, n\u00e3o se podendo omitir, no caso brasileiro, a cria\u00e7\u00e3o do seu Estado pelo herdeiro de uma dinastia europeia.<\/p>\n<p>A metaf\u00edsica r\u00fastica dos ide\u00f3logos do trumpismo, como o c\u00e9lebre personagem de Voltaire, ignora a sociologia do risco, t\u00e3o bem estudada pelo soci\u00f3logo Ulrich Beck, na cren\u00e7a ing\u00eanua de que tudo no mundo se encaminha no sentido da sua melhor solu\u00e7\u00e3o. Nosso planeta n\u00e3o conheceria uma crise ambiental, em que pesem os alarmes emitidos pela comunidade dos cientistas, inclusive da Nasa, uma ag\u00eancia americana de indiscutida legitimidade cient\u00edfica, acerca dos dados que se acumulam sobre os perigos do aquecimento global. A crer no que enuncia uma parte dos nossos futuros governantes, o desmatamento da Amaz\u00f4nia em nome de uma pol\u00edtica expansiva das fronteiras do nosso capitalismo para o agroneg\u00f3cio e a minera\u00e7\u00e3o n\u00e3o importaria em riscos e sua den\u00fancia n\u00e3o passaria de fabula\u00e7\u00f5es de intelectuais desavisados.<\/p>\n<p>N\u00e3o se deve chorar o leite derramado. O lado vencedor na sucess\u00e3o presidencial foi esse que a\u00ed est\u00e1. A oposi\u00e7\u00e3o a ele n\u00e3o tem por que se precipitar. O mundo gira e a Lusitana roda. Por quanto tempo ainda haver\u00e1 Donald Trump? E os militares, mais uma vez no prosc\u00eanio, ter\u00e3o perdido a mem\u00f3ria de suas grandes personalidades do passado, dos que lutaram em torno da bandeira do petr\u00f3leo \u00e9 nosso, do marechal Rondon, dos pracinhas que em campos de guerra na It\u00e1lia enfrentaram com bravura o fascismo, das virtudes sem m\u00e1cula do marechal Lott? E os seres subalternos, at\u00e9 quando suportar\u00e3o o capitalismo sans phrase, em bruto e sem amortecedores, que amea\u00e7a vir por a\u00ed?<\/p>\n<p>Os brasileiros n\u00e3o v\u00e3o se despedir de si, apenas dizem um at\u00e9 breve.<\/p>\n<blockquote>\n<p style=\"text-align: center;\"><em><strong>NR: Samuel Huntington (1927-2008) foi um cientista pol\u00edtico muito influente no meio conservador norte-americano, autor do livro\u00a0 &#8220;Choque de civiliza\u00e7\u00f5es&#8221;, uma teoria\u00a0\u00e9 uma teoria segundo a qual as identidades e religiosas\u00a0dos povos ser\u00e3o a principal fonte de conflito no mundo p\u00f3s-Guerra Fria.\u00a0<\/strong><\/em><\/p>\n<\/blockquote>\n<p>&nbsp;<\/p>\n","protected":false},"excerpt":{"rendered":"<p>Os brasileiros n\u00e3o v\u00e3o se despedir de si, apenas dizem um at\u00e9 breve \u00a0 \u00a0 \u00a0 \u00a0 \u00a0 Bye bye, Brasil, querem nos embarcar para &#8230;<\/p>\n","protected":false},"author":1,"featured_media":16409,"comment_status":"open","ping_status":"open","sticky":false,"template":"","format":"standard","meta":{"footnotes":""},"categories":[1],"tags":[],"class_list":["post-16405","post","type-post","status-publish","format-standard","has-post-thumbnail","hentry","category-nacional"],"_links":{"self":[{"href":"https:\/\/www.jornalcontato.com.br\/home\/index.php\/wp-json\/wp\/v2\/posts\/16405","targetHints":{"allow":["GET"]}}],"collection":[{"href":"https:\/\/www.jornalcontato.com.br\/home\/index.php\/wp-json\/wp\/v2\/posts"}],"about":[{"href":"https:\/\/www.jornalcontato.com.br\/home\/index.php\/wp-json\/wp\/v2\/types\/post"}],"author":[{"embeddable":true,"href":"https:\/\/www.jornalcontato.com.br\/home\/index.php\/wp-json\/wp\/v2\/users\/1"}],"replies":[{"embeddable":true,"href":"https:\/\/www.jornalcontato.com.br\/home\/index.php\/wp-json\/wp\/v2\/comments?post=16405"}],"version-history":[{"count":1,"href":"https:\/\/www.jornalcontato.com.br\/home\/index.php\/wp-json\/wp\/v2\/posts\/16405\/revisions"}],"predecessor-version":[{"id":16410,"href":"https:\/\/www.jornalcontato.com.br\/home\/index.php\/wp-json\/wp\/v2\/posts\/16405\/revisions\/16410"}],"wp:featuredmedia":[{"embeddable":true,"href":"https:\/\/www.jornalcontato.com.br\/home\/index.php\/wp-json\/wp\/v2\/media\/16409"}],"wp:attachment":[{"href":"https:\/\/www.jornalcontato.com.br\/home\/index.php\/wp-json\/wp\/v2\/media?parent=16405"}],"wp:term":[{"taxonomy":"category","embeddable":true,"href":"https:\/\/www.jornalcontato.com.br\/home\/index.php\/wp-json\/wp\/v2\/categories?post=16405"},{"taxonomy":"post_tag","embeddable":true,"href":"https:\/\/www.jornalcontato.com.br\/home\/index.php\/wp-json\/wp\/v2\/tags?post=16405"}],"curies":[{"name":"wp","href":"https:\/\/api.w.org\/{rel}","templated":true}]}}