{"id":16368,"date":"2018-11-27T16:56:54","date_gmt":"2018-11-27T19:56:54","guid":{"rendered":"http:\/\/www.jornalcontato.com.br\/home\/?p=16368"},"modified":"2018-11-27T17:15:47","modified_gmt":"2018-11-27T20:15:47","slug":"o-acordao-de-temer-com-o-supremo-bernardo-mello-franco-o-globo","status":"publish","type":"post","link":"https:\/\/www.jornalcontato.com.br\/home\/index.php\/o-acordao-de-temer-com-o-supremo-bernardo-mello-franco-o-globo\/","title":{"rendered":"O acord\u00e3o de Temer com o Supremo (Bernardo Mello Franco, O Globo)"},"content":{"rendered":"<p>Saiu tudo conforme o combinado. A cinco semanas de deixar o poder, Michel Temer sancionou o aumento dos sal\u00e1rios do Supremo. No mesmo dia, o ministro Luiz Fux revogou a pr\u00f3pria liminar que garantia a farra do aux\u00edlio-moradia dos ju\u00edzes. Foi um acord\u00e3o expl\u00edcito. Daqueles que s\u00f3 s\u00e3o fechados quando ningu\u00e9m mais se importa em manter as apar\u00eancias.<\/p>\n<p>Temer chancelou o aumento dos capas-pretas para R$ 39,2 mil, al\u00e9m das mordomias do cargo. O Supremo prometeu compensar o gasto extra com cortes no or\u00e7amento da TV Justi\u00e7a. Ser\u00e1 uma medida cosm\u00e9tica. O problema est\u00e1 no efeito cascata do reajuste, estimado em R$ 4 bilh\u00f5es por ano.<\/p>\n<p><a href=\"http:\/\/jornalcontato.com.br\/home\/wp-content\/uploads\/2018\/11\/Luiz-Fux.jpg\"><img loading=\"lazy\" decoding=\"async\" class=\"aligncenter size-full wp-image-16369\" src=\"http:\/\/jornalcontato.com.br\/home\/wp-content\/uploads\/2018\/11\/Luiz-Fux.jpg\" alt=\"Luiz Fux\" width=\"225\" height=\"225\" srcset=\"https:\/\/jornalcontato.com.br\/home\/wp-content\/uploads\/2018\/11\/Luiz-Fux.jpg 225w, https:\/\/jornalcontato.com.br\/home\/wp-content\/uploads\/2018\/11\/Luiz-Fux-150x150.jpg 150w, https:\/\/jornalcontato.com.br\/home\/wp-content\/uploads\/2018\/11\/Luiz-Fux-80x80.jpg 80w\" sizes=\"auto, (max-width: 225px) 100vw, 225px\" \/><\/a><\/p>\n<p style=\"text-align: center;\"><em><strong>Fux revogou a pr\u00f3pria liminar que garantia a farra do aux\u00edlio-moradia dos ju\u00edzes<\/strong><\/em><\/p>\n<p>O presidente acendeu o pavio e vai deixar o pal\u00e1cio pela porta de emerg\u00eancia. A bomba explodir\u00e1 no colo do sucessor. Ele dividir\u00e1 a conta com os novos governadores, incluindo os que herdar\u00e3o estados falidos, como Rio de Janeiro e Minas Gerais.<\/p>\n<p>Ao assumir o cargo, Temer pediu sacrif\u00edcios para equilibrar as contas. Seu \u00faltimo gesto vai na contram\u00e3o do discurso de austeridade. \u00c9 mais um sinal de que ele est\u00e1 menos preocupado com os cofres p\u00fablicos do que com o pr\u00f3prio futuro.<\/p>\n<p>Em janeiro, o presidente perder\u00e1 o foro privilegiado e a blindagem negociada com os deputados. As den\u00fancias da Procuradoria-Geral da Rep\u00fablica dever\u00e3o ser remetidas \u00e0 primeira inst\u00e2ncia. Um bom motivo para n\u00e3o negar o agrado natalino dos ju\u00edzes.<\/p>\n<p><a href=\"http:\/\/jornalcontato.com.br\/home\/wp-content\/uploads\/2018\/11\/Temer.jpg\"><img loading=\"lazy\" decoding=\"async\" class=\"aligncenter size-full wp-image-16373\" src=\"http:\/\/jornalcontato.com.br\/home\/wp-content\/uploads\/2018\/11\/Temer.jpg\" alt=\"Temer\" width=\"275\" height=\"183\" \/><\/a><\/p>\n<p style=\"text-align: center;\"><em><strong>Presidente Temer deixou a bomba para seu sucessor<\/strong><\/em><\/p>\n<p>Do lado do Supremo, a canetada de Fux escancarou que houve uma troca. Ao revogar o benef\u00edcio que ele mesmo havia estendido aos colegas, o ministro restabeleceu o \u00f3bvio: n\u00e3o faz sentido o Estado pagar aux\u00edlio-moradia a ju\u00edzes que t\u00eam im\u00f3vel pr\u00f3prio na comarca em que trabalham.<\/p>\n<p>O curioso \u00e9 que Fux n\u00e3o via problema no penduricalho at\u00e9 ontem. Bastou o aumento sair para que ele passasse a consider\u00e1-lo inadequado. \u201cA Constitui\u00e7\u00e3o \u00e9 um documento vivo, em constante processo de significa\u00e7\u00e3o e ressignifica\u00e7\u00e3o\u201d, justificou o ministro. Pode ser, mas certas autoridades s\u00e3o mais vivas do que qualquer documento.<\/p>\n","protected":false},"excerpt":{"rendered":"<p>Saiu tudo conforme o combinado. A cinco semanas de deixar o poder, Michel Temer sancionou o aumento dos sal\u00e1rios do Supremo. No mesmo dia, o &#8230;<\/p>\n","protected":false},"author":1,"featured_media":16373,"comment_status":"open","ping_status":"open","sticky":false,"template":"","format":"standard","meta":{"footnotes":""},"categories":[1],"tags":[],"class_list":["post-16368","post","type-post","status-publish","format-standard","has-post-thumbnail","hentry","category-nacional"],"_links":{"self":[{"href":"https:\/\/www.jornalcontato.com.br\/home\/index.php\/wp-json\/wp\/v2\/posts\/16368","targetHints":{"allow":["GET"]}}],"collection":[{"href":"https:\/\/www.jornalcontato.com.br\/home\/index.php\/wp-json\/wp\/v2\/posts"}],"about":[{"href":"https:\/\/www.jornalcontato.com.br\/home\/index.php\/wp-json\/wp\/v2\/types\/post"}],"author":[{"embeddable":true,"href":"https:\/\/www.jornalcontato.com.br\/home\/index.php\/wp-json\/wp\/v2\/users\/1"}],"replies":[{"embeddable":true,"href":"https:\/\/www.jornalcontato.com.br\/home\/index.php\/wp-json\/wp\/v2\/comments?post=16368"}],"version-history":[{"count":3,"href":"https:\/\/www.jornalcontato.com.br\/home\/index.php\/wp-json\/wp\/v2\/posts\/16368\/revisions"}],"predecessor-version":[{"id":16374,"href":"https:\/\/www.jornalcontato.com.br\/home\/index.php\/wp-json\/wp\/v2\/posts\/16368\/revisions\/16374"}],"wp:featuredmedia":[{"embeddable":true,"href":"https:\/\/www.jornalcontato.com.br\/home\/index.php\/wp-json\/wp\/v2\/media\/16373"}],"wp:attachment":[{"href":"https:\/\/www.jornalcontato.com.br\/home\/index.php\/wp-json\/wp\/v2\/media?parent=16368"}],"wp:term":[{"taxonomy":"category","embeddable":true,"href":"https:\/\/www.jornalcontato.com.br\/home\/index.php\/wp-json\/wp\/v2\/categories?post=16368"},{"taxonomy":"post_tag","embeddable":true,"href":"https:\/\/www.jornalcontato.com.br\/home\/index.php\/wp-json\/wp\/v2\/tags?post=16368"}],"curies":[{"name":"wp","href":"https:\/\/api.w.org\/{rel}","templated":true}]}}