{"id":16340,"date":"2018-11-13T11:08:55","date_gmt":"2018-11-13T14:08:55","guid":{"rendered":"http:\/\/www.jornalcontato.com.br\/home\/?p=16340"},"modified":"2018-11-13T11:08:55","modified_gmt":"2018-11-13T14:08:55","slug":"o-monarco-da-portela-aquiles-do-mpb4","status":"publish","type":"post","link":"https:\/\/www.jornalcontato.com.br\/home\/index.php\/o-monarco-da-portela-aquiles-do-mpb4\/","title":{"rendered":"O Monarco da Portela (Aquiles do MPB4)"},"content":{"rendered":"<p>Ap\u00f3s quatro anos sem gravar, Hildmar Rosa, o soberano Monarco, lan\u00e7ou um CD de beleza definitiva, com um tipo de m\u00fasica que nos acostumamos a reverenciar como \u201ccoisa nossa\u201d.<\/p>\n<p>Aos 85 anos, Monarco comprova que samba n\u00e3o \u00e9 pra quem quer, \u00e9 pra que pode \u2013 e como esse monarca portelense pode, meu Deus!<\/p>\n<p>Sua voz demonstra algum cansa\u00e7o? Ou seria des\u00e2nimo? Nem uma coisa nem outra. Hildmar Rosa \u00e9 um monarca sem cetro e sem coroa, mas\u00a0 por sua ess\u00eancia musical popular e portelense, e que cantam suas m\u00fasicas como quem ora a um ser humano quase divinal.<\/p>\n<p><em>Monarco de Todos os Tempos<\/em> (Biscoito Fino) \u00e9 o t\u00edtulo do \u00e1lbum. Gra\u00e7as \u00e0 excel\u00eancia de suas m\u00fasicas, algumas in\u00e9ditas, outras j\u00e1 gravadas, o disco est\u00e1 apto a constar das listas que certamente o incensar\u00e3o como uma refer\u00eancia do samba carioca.<\/p>\n<p><a href=\"http:\/\/jornalcontato.com.br\/home\/wp-content\/uploads\/2018\/11\/Monarco-da-Portela.jpg\"><img loading=\"lazy\" decoding=\"async\" class=\"aligncenter size-full wp-image-16341\" src=\"http:\/\/jornalcontato.com.br\/home\/wp-content\/uploads\/2018\/11\/Monarco-da-Portela.jpg\" alt=\"Monarco da Portela\" width=\"420\" height=\"285\" srcset=\"https:\/\/jornalcontato.com.br\/home\/wp-content\/uploads\/2018\/11\/Monarco-da-Portela.jpg 420w, https:\/\/jornalcontato.com.br\/home\/wp-content\/uploads\/2018\/11\/Monarco-da-Portela-300x204.jpg 300w\" sizes=\"auto, (max-width: 420px) 100vw, 420px\" \/><\/a><\/p>\n<p style=\"text-align: center;\"><em><strong>Monarco com mil e um s\u00faditos que o idolatram<\/strong><\/em><\/p>\n<p>O \u00e1lbum contou com a produ\u00e7\u00e3o de seu filho, Mauro Diniz (sambista dos bons), que escreveu os arranjos e regeu, tocou cavaquinho em todas as faixas e \u00e9 parceiro do pai em seis m\u00fasicas. Diniz \u00e9 o mago que vestiu as m\u00fasicas com a roupagem tradicional da (insuper\u00e1vel) arte de tocar o samba.<\/p>\n<p>Os m\u00fasicos arregimentados, mestres de carteirinha, s\u00e3o \u00edntimos da levada do samba: Rog\u00e9rio Caetano (viol\u00e3o de sete cordas), Paul\u00e3o Sete Cordas (viol\u00e3o de seis cordas), Luis Barcelos (bandolim), Miudinho (surdo, pandeiro 2, tamborim e cu\u00edca), Marcelinho Moreira (tantan, repique de anel, tamborim e frigideira), Leozinho (pandeiro 1, tamborim e reco-reco), Paulo Santana, Juliana Diniz, Renato Santana e Jo\u00e3o Diniz (coro), al\u00e9m de Dirceu Leite (flauta e sax) e Vittor Santos (trombone).<\/p>\n<p>A in\u00e9dita \u201cAgora \u00c9 Tarde\u201d (Monarco) abre o CD. Uma levada acelerada antecede a chegada de Monarco \u2013 sua voz \u00e9 imprescind\u00edvel para melhor entendermos suas m\u00fasicas. A cada entrada dele, a percuss\u00e3o arrefece a pulsa\u00e7\u00e3o, que volta sempre que o portelense retoma o canto, e o coro a ele se junta, engrandecendo de vez o samba.<\/p>\n<p>Em \u201cHora da Partida\u201d (Monarco e Mauro Diniz), j\u00e1 gravada por Zeca Pagodinho, a flauta vem bonitona na melodia em tom menor, que \u00e9 a cara de Monarco. A percuss\u00e3o \u00e9 coisa muito s\u00e9ria!<\/p>\n<p>\u201cUma Can\u00e7\u00e3o Pra S\u00e3o Lu\u00eds\u201d (Monarco) tem participa\u00e7\u00e3o especial da maranhense Alcione. Sua voz grave e bela, em duo com Monarco, arrasa.<\/p>\n<p>A beleza de \u201cBeija-Flor\u201d (Monarco e Mauro Diniz) \u00e9 refletida pelo sax. Os versos remetem \u00e0 inf\u00e2ncia do bamba: \u201c(&#8230;) Eu vou sentindo dentro de mim\/ Uma lembran\u00e7a que me traz felicidade (&#8230;)\u201d.<\/p>\n<p>Zeca Pagodinho n\u00e3o poderia ficar de fora. Ap\u00f3s intro do trombone, ele e Monarco dividem o canto em \u201cSeu Bernardo Sapateiro\u201d (Monarco e Ratinho). Ao final, ap\u00f3s cantar em ter\u00e7as com ele, Zeca agradece ao monarca da Portela.<\/p>\n<p>Um <em>medley<\/em>, que acaba com \u201cVai Vadiar\u201d (Monarco e Ratinho), fecha a tampa. Meu Deus!, como s\u00e3o sublimes os sambas desse compositor maior.<\/p>\n<p>A vida segue: Monarco, que nunca teve um samba seu como enredo da Portela, continuar\u00e1 sendo um monarca humilde, oferecendo seu talento a n\u00f3s e \u00e0 escola de Osvaldo Cruz.<\/p>\n<p style=\"text-align: right;\"><em><strong>Aquiles Rique Reis<\/strong>, vocalista do MPB4<\/em><\/p>\n","protected":false},"excerpt":{"rendered":"<p>Ap\u00f3s quatro anos sem gravar, Hildmar Rosa, o soberano Monarco, lan\u00e7ou um CD de beleza definitiva, com um tipo de m\u00fasica que nos acostumamos a &#8230;<\/p>\n","protected":false},"author":1,"featured_media":16342,"comment_status":"open","ping_status":"open","sticky":false,"template":"","format":"standard","meta":{"footnotes":""},"categories":[1],"tags":[],"class_list":["post-16340","post","type-post","status-publish","format-standard","has-post-thumbnail","hentry","category-nacional"],"_links":{"self":[{"href":"https:\/\/www.jornalcontato.com.br\/home\/index.php\/wp-json\/wp\/v2\/posts\/16340","targetHints":{"allow":["GET"]}}],"collection":[{"href":"https:\/\/www.jornalcontato.com.br\/home\/index.php\/wp-json\/wp\/v2\/posts"}],"about":[{"href":"https:\/\/www.jornalcontato.com.br\/home\/index.php\/wp-json\/wp\/v2\/types\/post"}],"author":[{"embeddable":true,"href":"https:\/\/www.jornalcontato.com.br\/home\/index.php\/wp-json\/wp\/v2\/users\/1"}],"replies":[{"embeddable":true,"href":"https:\/\/www.jornalcontato.com.br\/home\/index.php\/wp-json\/wp\/v2\/comments?post=16340"}],"version-history":[{"count":1,"href":"https:\/\/www.jornalcontato.com.br\/home\/index.php\/wp-json\/wp\/v2\/posts\/16340\/revisions"}],"predecessor-version":[{"id":16343,"href":"https:\/\/www.jornalcontato.com.br\/home\/index.php\/wp-json\/wp\/v2\/posts\/16340\/revisions\/16343"}],"wp:featuredmedia":[{"embeddable":true,"href":"https:\/\/www.jornalcontato.com.br\/home\/index.php\/wp-json\/wp\/v2\/media\/16342"}],"wp:attachment":[{"href":"https:\/\/www.jornalcontato.com.br\/home\/index.php\/wp-json\/wp\/v2\/media?parent=16340"}],"wp:term":[{"taxonomy":"category","embeddable":true,"href":"https:\/\/www.jornalcontato.com.br\/home\/index.php\/wp-json\/wp\/v2\/categories?post=16340"},{"taxonomy":"post_tag","embeddable":true,"href":"https:\/\/www.jornalcontato.com.br\/home\/index.php\/wp-json\/wp\/v2\/tags?post=16340"}],"curies":[{"name":"wp","href":"https:\/\/api.w.org\/{rel}","templated":true}]}}