{"id":16335,"date":"2018-11-12T15:55:45","date_gmt":"2018-11-12T18:55:45","guid":{"rendered":"http:\/\/www.jornalcontato.com.br\/home\/?p=16335"},"modified":"2018-11-12T16:44:27","modified_gmt":"2018-11-12T19:44:27","slug":"historia-para-boi-dormir-mestre-jc-sebe-bom-meihy","status":"publish","type":"post","link":"https:\/\/www.jornalcontato.com.br\/home\/index.php\/historia-para-boi-dormir-mestre-jc-sebe-bom-meihy\/","title":{"rendered":"Hist\u00f3ria para boi dormir&#8230; (Mestre JC Sebe Bom Meihy)"},"content":{"rendered":"<p>Como ocorreu com muitos, passadas as elei\u00e7\u00f5es o cansa\u00e7o venceu. A naturalidade da exaust\u00e3o trazida pelo calend\u00e1rio, que consagra outubro como ponto de partida para os festejos do fim do ano, se faz presente, desta feita, carregando uma dose extra de peso. Sa\u00edmos exauridos de um processo pol\u00edtico consequente, e prometedor de mudan\u00e7as dr\u00e1sticas. A apreens\u00e3o se expressa tanto no olhar de quem votou consciente no vencedor como naqueles que optaram pelo eleito, mesmo inseguros. O refluxo esperado mostra suas garras e aponta para espectro de novas formas de governabilidade. A imita\u00e7\u00e3o do novo modelo presidencialista norte-americano e o uso diferenciado das media\u00e7\u00f5es jornal\u00edsticas sugerem que o <em>twitter<\/em> ser\u00e1 alternativa para contato entre a presid\u00eancia e os eleitores, com redu\u00e7\u00e3o do papel da imprensa usual. E assim teremos que aprender a captura do andamento pol\u00edtico emergente e, nesta toada, cada qual tem que se habilitar \u00e0s solu\u00e7\u00f5es informativas sem cr\u00edtica especializada, a favor ou contra.<\/p>\n<p>Sob tal c\u00e9u nebuloso, minha intimidade solit\u00e1ria convoca os prazeres pessoais como lenitivo para sobreviv\u00eancia. A noite de quatro anos se me afigura como tempo obscuro com amea\u00e7as fatais, convite \u00e0 tristeza e ao recolhimento. O retiro pessoal, a contempla\u00e7\u00e3o dos objetos biogr\u00e1ficos que comp\u00f5e minha mem\u00f3ria afetiva, as p\u00e1ginas de livros que se abrem complacentes para leituras cat\u00e1rticas, uma dose de m\u00fasicas escolhida segundo os mandamentos sagrados do gosto pessoal, tudo isso reunido servir\u00e1 para serenar um oceano de indigna\u00e7\u00f5es e expectativas negativas. O arquivo de velhas tormentas ca\u00e7adas em censura, limita\u00e7\u00e3o de falas e express\u00f5es, a possibilidade de pris\u00f5es e fugas de amigos da oposi\u00e7\u00e3o, me ensinou a efic\u00e1cia desse rem\u00e9dio personal\u00edssimo que, diga-se, nada tem a ver com aliena\u00e7\u00e3o. \u00c9 l\u00f3gico que os docinhos das vov\u00f3s e os cafun\u00e9s dos bichos de estima\u00e7\u00e3o, olhadas para o mar e para as montanhas, completam a cena aleg\u00f3rica do revigoro. Dizendo de forma contundente, pelo menos em um primeiro momento, comprometo-me com o aconchego de recolhimento \u00edntimo.<\/p>\n<p><a href=\"http:\/\/jornalcontato.com.br\/home\/wp-content\/uploads\/2018\/11\/Bob-Hope.jpg\"><img loading=\"lazy\" decoding=\"async\" class=\"aligncenter size-full wp-image-16336\" src=\"http:\/\/jornalcontato.com.br\/home\/wp-content\/uploads\/2018\/11\/Bob-Hope.jpg\" alt=\"Bob Hope\" width=\"300\" height=\"168\" srcset=\"https:\/\/jornalcontato.com.br\/home\/wp-content\/uploads\/2018\/11\/Bob-Hope.jpg 300w, https:\/\/jornalcontato.com.br\/home\/wp-content\/uploads\/2018\/11\/Bob-Hope-265x147.jpg 265w\" sizes=\"auto, (max-width: 300px) 100vw, 300px\" \/><\/a><\/p>\n<p style=\"text-align: center;\"><em><strong>Bob Hope, um dos personagens de grandes hist\u00f3rias da guerra<\/strong><\/em><\/p>\n<p>\u00a0\u00a0\u00a0\u00a0\u00a0\u00a0\u00a0\u00a0\u00a0 Estou longe do Brasil neste momento. Vendo tudo filtrado por olhos amigos, mas tamb\u00e9m pela imprensa nacional e internacional, dei-me o direito de planejar minha <em>solitude<\/em> com discri\u00e7\u00e3o. De presente, desta feita, um outro al\u00edvio se juntou \u00e0 minha tristeza de ver a extrema direita na condu\u00e7\u00e3o de meu pa\u00eds: um velho amigo. O termo \u201cvelho\u201d, aqui \u00e9 empregado como prova de que a idade dos companheiros n\u00e3o precisa ser metaf\u00f3rica. George tem 94 anos. Os meus 75 me fazem menino na intensidade dos aprendizados que ganho. Depois de uma vida de sucesso em todas as dire\u00e7\u00f5es, o colega me acolhe a cada ano em Nova York, com a grandiosidade de quem recebe um parceiro aliado, me ajuda sobreviver politicamente. E como nos afinamos! Ainda trabalhando, aprendeu lidar com internet e vende guarda-chuvas para um comerciante que compra da China. E como tem clientes! Por certo a simpatia e eleg\u00e2ncia ao falar lhe \u00e9 recurso seguro para tanto reconhecimento. Eu tamb\u00e9m estou a trabalho, sempre na sina dos apaixonados por hist\u00f3ria oral. A cada manh\u00e3 tomamos caf\u00e9 juntos, repartimos a leitura do The New York Times e fazemos os exerc\u00edcios respirat\u00f3rios a ele recomendados. \u00c9 um tempo sagrado, esse.<\/p>\n<p><a href=\"http:\/\/jornalcontato.com.br\/home\/wp-content\/uploads\/2018\/11\/Dame-Vera-Lynn-2.jpg\"><img loading=\"lazy\" decoding=\"async\" class=\"aligncenter size-full wp-image-16337\" src=\"http:\/\/jornalcontato.com.br\/home\/wp-content\/uploads\/2018\/11\/Dame-Vera-Lynn-2.jpg\" alt=\"Dame Vera Lynn 2\" width=\"254\" height=\"198\" \/><\/a><\/p>\n<p style=\"text-align: center;\"><em><strong>Dois momentos da inesquec\u00edvel Vera Lynn<\/strong><\/em><\/p>\n<p>\u00a0\u00a0\u00a0\u00a0\u00a0\u00a0\u00a0\u00a0\u00a0 \u00c0 noite, depois de cumprida a jornada, ele se p\u00f5e a contar hist\u00f3rias. E como narra! Fatos da Guerra, dos encontros com Bob Hope, do flerte como algumas atrizes famosas e shows inesquec\u00edveis. Por l\u00f3gico, frente a tanto exemplo, procedi a outra elei\u00e7\u00e3o: candidatei-me a ser como ele, se a idade me permitir mais um pouco de vida. E, para tanto, at\u00e9 fiz um acervo de can\u00e7\u00f5es que ele evocava em suas narrativas. Dentre tantas, uma se destaca \u201c<em>We\u2019ll meet again<\/em>\u201d na interpreta\u00e7\u00e3o de Dame Vera Lynn (assistir em https:\/\/www.youtube.com\/watch?v=cHcunREYzNY). Reza a letra algo pr\u00f3ximo de \u201cn\u00f3s nos encontraremos outra vez\/ n\u00e3o sei onde, n\u00e3o sei quando\/ mas n\u00f3s nos encontraremos outra vez\u201d. Pronto, est\u00e1 dada a li\u00e7\u00e3o: nos encontraremos outra vez, ele e eu, eu e tempos menos tensos. <em>We\u2019ll meet again&#8230;<\/em><\/p>\n","protected":false},"excerpt":{"rendered":"<p>Como ocorreu com muitos, passadas as elei\u00e7\u00f5es o cansa\u00e7o venceu. A naturalidade da exaust\u00e3o trazida pelo calend\u00e1rio, que consagra outubro como ponto de partida para &#8230;<\/p>\n","protected":false},"author":1,"featured_media":16338,"comment_status":"open","ping_status":"open","sticky":false,"template":"","format":"standard","meta":{"footnotes":""},"categories":[1],"tags":[],"class_list":["post-16335","post","type-post","status-publish","format-standard","has-post-thumbnail","hentry","category-nacional"],"_links":{"self":[{"href":"https:\/\/www.jornalcontato.com.br\/home\/index.php\/wp-json\/wp\/v2\/posts\/16335","targetHints":{"allow":["GET"]}}],"collection":[{"href":"https:\/\/www.jornalcontato.com.br\/home\/index.php\/wp-json\/wp\/v2\/posts"}],"about":[{"href":"https:\/\/www.jornalcontato.com.br\/home\/index.php\/wp-json\/wp\/v2\/types\/post"}],"author":[{"embeddable":true,"href":"https:\/\/www.jornalcontato.com.br\/home\/index.php\/wp-json\/wp\/v2\/users\/1"}],"replies":[{"embeddable":true,"href":"https:\/\/www.jornalcontato.com.br\/home\/index.php\/wp-json\/wp\/v2\/comments?post=16335"}],"version-history":[{"count":1,"href":"https:\/\/www.jornalcontato.com.br\/home\/index.php\/wp-json\/wp\/v2\/posts\/16335\/revisions"}],"predecessor-version":[{"id":16339,"href":"https:\/\/www.jornalcontato.com.br\/home\/index.php\/wp-json\/wp\/v2\/posts\/16335\/revisions\/16339"}],"wp:featuredmedia":[{"embeddable":true,"href":"https:\/\/www.jornalcontato.com.br\/home\/index.php\/wp-json\/wp\/v2\/media\/16338"}],"wp:attachment":[{"href":"https:\/\/www.jornalcontato.com.br\/home\/index.php\/wp-json\/wp\/v2\/media?parent=16335"}],"wp:term":[{"taxonomy":"category","embeddable":true,"href":"https:\/\/www.jornalcontato.com.br\/home\/index.php\/wp-json\/wp\/v2\/categories?post=16335"},{"taxonomy":"post_tag","embeddable":true,"href":"https:\/\/www.jornalcontato.com.br\/home\/index.php\/wp-json\/wp\/v2\/tags?post=16335"}],"curies":[{"name":"wp","href":"https:\/\/api.w.org\/{rel}","templated":true}]}}