{"id":16296,"date":"2018-10-12T15:20:31","date_gmt":"2018-10-12T18:20:31","guid":{"rendered":"http:\/\/www.jornalcontato.com.br\/home\/?p=16296"},"modified":"2018-10-12T15:33:59","modified_gmt":"2018-10-12T18:33:59","slug":"ser-historiador-em-tempos-modernos-um-ideal","status":"publish","type":"post","link":"https:\/\/www.jornalcontato.com.br\/home\/index.php\/ser-historiador-em-tempos-modernos-um-ideal\/","title":{"rendered":"Ser historiador em tempos modernos: um ideal (Mestre JC Sebe Bom Meihy)"},"content":{"rendered":"<p>Estranha sensa\u00e7\u00e3o: passar uma semana no sert\u00e3o nordestino conversando com descendentes de cangaceiros e jagun\u00e7os, depois visitar familiares e amigos no interior de S\u00e3o Paulo, e no mesmo impulso vir para os Estados Unidos para trabalhar com cursos de Hist\u00f3ria do Brasil. Descontando o cansa\u00e7o inerente \u00e0 idade, ao longo trajeto e as demais inconveni\u00eancias (mudan\u00e7as de temperaturas, adapta\u00e7\u00e3o do ouvido para sotaques e l\u00ednguas distintas, mudan\u00e7a de roupas e prepara\u00e7\u00e3o para comidas variadas) chega-se a pensar nos desafios da modernidade. Avi\u00f5es, carros, computadores se fiam em um tecido cuja tela tem bordados de tradi\u00e7\u00f5es e riscos de mobilidade social comprometedora de valores em movimento. Se a esta constata\u00e7\u00e3o imediata forem somadas as polariza\u00e7\u00f5es entre as velhas estruturas comportamentais, solu\u00e7\u00f5es de sobreviv\u00eancia, e os novos desafios de pertencimento ao mundo das m\u00e1quinas, pode-se abrir um roteiro hist\u00f3rico que demanda cuidados compreensivos e sustos: como pode o mundo ser t\u00e3o diferente, desigual, variado e&#8230; e injusto.<\/p>\n<p>O denominador comum destas experi\u00eancias permite a formula\u00e7\u00e3o de uma pequena cadeia de hip\u00f3teses que se emendam perguntando: afinal, melhoramos em geral? E enquanto povo brasileiro, caminhamos para a almejada sociedade pluralista e com direitos pr\u00f3ximos? O elemento comum destas quest\u00f5es leva a admitir a supremacia do capitalismo que arrasta o mundo de forma a exaltar o consumo como solu\u00e7\u00e3o do progresso. Neste esquema, a economia comanda os demais valores e faz tudo depender de seu sucesso. A busca incessante para melhor posi\u00e7\u00e3o no mundo competitivo do capital exige hierarquia e anula outras solu\u00e7\u00f5es que n\u00e3o a partilha de oportunidades igualit\u00e1rias. E \u00e9 a\u00ed que se d\u00e1 a anula\u00e7\u00e3o da hist\u00f3ria, mat\u00e9ria que provaria ra\u00edzes diferenciadas e motivos diversos para as competi\u00e7\u00f5es. No caso brasileiro, por exemplo, a anteced\u00eancia escravocrata determinou um rastro de submiss\u00e3o aos afrodescendentes que demanda corre\u00e7\u00e3o hist\u00f3rica. Sem isto, pagaremos sempre a conta da injusti\u00e7a e desigualdade de chances participativas.<\/p>\n<p><a href=\"http:\/\/jornalcontato.com.br\/home\/wp-content\/uploads\/2018\/10\/Cangaceiros-Mossoro.jpg\"><img loading=\"lazy\" decoding=\"async\" class=\"aligncenter size-large wp-image-16297\" src=\"http:\/\/jornalcontato.com.br\/home\/wp-content\/uploads\/2018\/10\/Cangaceiros-Mossoro-450x276.jpg\" alt=\"Cangaceiros Mossoro\" width=\"450\" height=\"276\" srcset=\"https:\/\/jornalcontato.com.br\/home\/wp-content\/uploads\/2018\/10\/Cangaceiros-Mossoro-450x276.jpg 450w, https:\/\/jornalcontato.com.br\/home\/wp-content\/uploads\/2018\/10\/Cangaceiros-Mossoro-300x184.jpg 300w, https:\/\/jornalcontato.com.br\/home\/wp-content\/uploads\/2018\/10\/Cangaceiros-Mossoro.jpg 500w\" sizes=\"auto, (max-width: 450px) 100vw, 450px\" \/><\/a><\/p>\n<p style=\"text-align: center;\"><em><strong>Historiador entre dois mundos: do nordeste e o da modernidade<\/strong><\/em><\/p>\n<p>Vejam que em duas pontas, percebendo no Brasil a repeti\u00e7\u00e3o do modelo dominante, experimentamos a extremidade que de um lado coloca o Sudeste e o Sul como atestado de progresso e na outra ponta temos cidad\u00e3os devotados aos rituais cadenciados pela antiga ordem: classe m\u00e9dia sempre em ascens\u00e3o e ricos propriet\u00e1rios e empres\u00e1rios do campo e da ind\u00fastria. No andar de baixo h\u00e1 a popula\u00e7\u00e3o que padece do n\u00e3o pertencimento nas benesses capitalistas. S\u00e3o essas as tais pessoas exclu\u00eddas, pobres, acostumadas as pen\u00farias da seca, da car\u00eancia de documentos que lhes atestam cidadania e de respeitabilidade sob panorama moderno. Muito al\u00e9m da valoriza\u00e7\u00e3o da disciplina Hist\u00f3ria, por\u00e9m, emerge a necessidade de cria\u00e7\u00e3o de alternativas que permitam estudar os exclu\u00eddos que, por sua vez, sequer tiveram possibilidades de produzir textos que extravasem a pr\u00f3pria vis\u00e3o de mundo.<\/p>\n<p>Indo al\u00e9m da situa\u00e7\u00e3o nacional, brasileira, na ponta oposta temos, sob o c\u00e9u da mais desafiadora modernidade, os Estados Unidos emblemado por Nova York, com todo aparato dos avan\u00e7os eletr\u00f4nicos e demais sutilezas do mundo das m\u00e1quinas. \u00c9 nesta ordem que se situa a justifica\u00e7\u00e3o do trabalho que busco fazer. Criar situa\u00e7\u00f5es de an\u00e1lises de grupos desfavorecidos pelos documentos oficiais e assim colaborar para a forma\u00e7\u00e3o de novos pressupostos para a an\u00e1lise hist\u00f3rica.<\/p>\n<p><a href=\"http:\/\/jornalcontato.com.br\/home\/wp-content\/uploads\/2018\/10\/NYork.jpg\"><img loading=\"lazy\" decoding=\"async\" class=\"aligncenter size-large wp-image-16298\" src=\"http:\/\/jornalcontato.com.br\/home\/wp-content\/uploads\/2018\/10\/NYork-450x287.jpg\" alt=\"NYork\" width=\"450\" height=\"287\" srcset=\"https:\/\/jornalcontato.com.br\/home\/wp-content\/uploads\/2018\/10\/NYork-450x287.jpg 450w, https:\/\/jornalcontato.com.br\/home\/wp-content\/uploads\/2018\/10\/NYork-300x191.jpg 300w, https:\/\/jornalcontato.com.br\/home\/wp-content\/uploads\/2018\/10\/NYork-768x490.jpg 768w, https:\/\/jornalcontato.com.br\/home\/wp-content\/uploads\/2018\/10\/NYork.jpg 1024w\" sizes=\"auto, (max-width: 450px) 100vw, 450px\" \/><\/a><\/p>\n<p style=\"text-align: center;\"><em><strong>&#8230; sob o c\u00e9u da mais desafiadora modernidade: New York<\/strong><\/em><\/p>\n<p>Dois fatores, pois, se juntam na fatalidade desta minha experi\u00eancia recente. O fato de conversar com jagun\u00e7os no Nordeste e na mesma sequ\u00eancia vir a Nova York falar sobre hist\u00f3ria oral me faz respons\u00e1vel pela miss\u00e3o que desafia o entendimento do porqu\u00ea da cultura formal. Isso, ali\u00e1s, transforma o car\u00e1ter profissional do historiador. Muito mais do que explicar, temos que aprender a ouvir, escutar e formular documenta\u00e7\u00e3o para que novos entendimentos surjam. \u00c9 nessa linha que o paradoxal se justifica.<\/p>\n","protected":false},"excerpt":{"rendered":"<p>Estranha sensa\u00e7\u00e3o: passar uma semana no sert\u00e3o nordestino conversando com descendentes de cangaceiros e jagun\u00e7os, depois visitar familiares e amigos no interior de S\u00e3o Paulo, &#8230;<\/p>\n","protected":false},"author":1,"featured_media":16299,"comment_status":"open","ping_status":"open","sticky":false,"template":"","format":"standard","meta":{"footnotes":""},"categories":[1],"tags":[],"class_list":["post-16296","post","type-post","status-publish","format-standard","has-post-thumbnail","hentry","category-nacional"],"_links":{"self":[{"href":"https:\/\/www.jornalcontato.com.br\/home\/index.php\/wp-json\/wp\/v2\/posts\/16296","targetHints":{"allow":["GET"]}}],"collection":[{"href":"https:\/\/www.jornalcontato.com.br\/home\/index.php\/wp-json\/wp\/v2\/posts"}],"about":[{"href":"https:\/\/www.jornalcontato.com.br\/home\/index.php\/wp-json\/wp\/v2\/types\/post"}],"author":[{"embeddable":true,"href":"https:\/\/www.jornalcontato.com.br\/home\/index.php\/wp-json\/wp\/v2\/users\/1"}],"replies":[{"embeddable":true,"href":"https:\/\/www.jornalcontato.com.br\/home\/index.php\/wp-json\/wp\/v2\/comments?post=16296"}],"version-history":[{"count":2,"href":"https:\/\/www.jornalcontato.com.br\/home\/index.php\/wp-json\/wp\/v2\/posts\/16296\/revisions"}],"predecessor-version":[{"id":16301,"href":"https:\/\/www.jornalcontato.com.br\/home\/index.php\/wp-json\/wp\/v2\/posts\/16296\/revisions\/16301"}],"wp:featuredmedia":[{"embeddable":true,"href":"https:\/\/www.jornalcontato.com.br\/home\/index.php\/wp-json\/wp\/v2\/media\/16299"}],"wp:attachment":[{"href":"https:\/\/www.jornalcontato.com.br\/home\/index.php\/wp-json\/wp\/v2\/media?parent=16296"}],"wp:term":[{"taxonomy":"category","embeddable":true,"href":"https:\/\/www.jornalcontato.com.br\/home\/index.php\/wp-json\/wp\/v2\/categories?post=16296"},{"taxonomy":"post_tag","embeddable":true,"href":"https:\/\/www.jornalcontato.com.br\/home\/index.php\/wp-json\/wp\/v2\/tags?post=16296"}],"curies":[{"name":"wp","href":"https:\/\/api.w.org\/{rel}","templated":true}]}}