{"id":16257,"date":"2018-10-04T13:56:22","date_gmt":"2018-10-04T16:56:22","guid":{"rendered":"http:\/\/www.jornalcontato.com.br\/home\/?p=16257"},"modified":"2018-10-04T13:56:22","modified_gmt":"2018-10-04T16:56:22","slug":"o-que-se-esconde-por-tras-da-toga-de-toffoli-paulo-de-tarso","status":"publish","type":"post","link":"https:\/\/www.jornalcontato.com.br\/home\/index.php\/o-que-se-esconde-por-tras-da-toga-de-toffoli-paulo-de-tarso\/","title":{"rendered":"O que se esconde por tr\u00e1s da toga de Toffoli? (Paulo de Tarso)"},"content":{"rendered":"<p>Jos\u00e9 Ant\u00f4nio Dias Toffoli \u00e9 o mais novo presidente do Supremo Tribunal Federal, do qual faz parte desde 2009 por indica\u00e7\u00e3o do ent\u00e3o presidente Lu\u00eds In\u00e1cio Lula da Silva. No dia 15 de novembro completar\u00e1 51 primaveras.<\/p>\n<p>At\u00e9 recentemente esteve ligado ao Partido dos Trabalhadores. Com a derrocada moral da sigla, aliou-se ao ministro Gilmar Mendes, um not\u00f3rio tucano desmoralizado nos meios jur\u00eddicos considerados s\u00e9rios e confi\u00e1veis. Junto com ministro petista Ricardo Lewandowski, estabeleceram regras e comportamento pr\u00f3prios que ficaram conhecidos como<em> Os Libertadores<\/em>, pela hegemonia que impuseram nas decis\u00f5es da segunda turma do STF, sempre cr\u00edticos \u00e0 opera\u00e7\u00e3o Lava Jato.<\/p>\n<p><a href=\"http:\/\/jornalcontato.com.br\/home\/wp-content\/uploads\/2018\/10\/Trio.jpg\"><img loading=\"lazy\" decoding=\"async\" class=\"aligncenter size-full wp-image-16258\" src=\"http:\/\/jornalcontato.com.br\/home\/wp-content\/uploads\/2018\/10\/Trio.jpg\" alt=\"Trio\" width=\"301\" height=\"167\" srcset=\"https:\/\/jornalcontato.com.br\/home\/wp-content\/uploads\/2018\/10\/Trio.jpg 301w, https:\/\/jornalcontato.com.br\/home\/wp-content\/uploads\/2018\/10\/Trio-300x166.jpg 300w, https:\/\/jornalcontato.com.br\/home\/wp-content\/uploads\/2018\/10\/Trio-265x147.jpg 265w\" sizes=\"auto, (max-width: 301px) 100vw, 301px\" \/><\/a><\/p>\n<p style=\"text-align: center;\"><em><strong>Toffoli, Lewandowski e Gilmar Mendes, trio Los Libertadores<\/strong><\/em><\/p>\n<p>\u00a0\u00a0\u00a0\u00a0\u00a0\u00a0\u00a0\u00a0\u00a0\u00a0\u00a0 Apesar da med\u00edocre carreira acad\u00eamica \u2013 reprovado duas vezes em concurso para juiz nos anos 1990, sem mestrado e doutorado \u2013 foi nomeado ao STF por not\u00f3rio saber. Pelo menos Lula que o nomeou acreditava o jovem conhecia tanto a ci\u00eancia do Direito que dispensava qualquer outra fonte. Uma nota de tr\u00eas reais.<\/p>\n<p>Sua \u201cvasta experi\u00eancia\u201d foi junto a entidades petistas e sindicais \u2013 consultor da CUT em 1993, assessor parlamentar na Assembleia Legislativa da S\u00e3o Paulo, assessor jur\u00eddico da lideran\u00e7a do PT na C\u00e2mara Federal, onde permaneceu at\u00e9 2000. O pulo do gato viria em 2003 quando assumiu a subchefia para assuntos jur\u00eddicos da Casa Civil da Presid\u00eancia da Rep\u00fablica, pilotada pelo not\u00f3rio Jos\u00e9 Dirceu. Foi nomeado Advogado Geral da Uni\u00e3o em 2007. Essa escada rolante o levou para o STF em 2009.<\/p>\n<p><strong>Grosseira pretens\u00e3o<\/strong><\/p>\n<p><strong>\u00a0\u00a0\u00a0\u00a0\u00a0\u00a0\u00a0\u00a0\u00a0\u00a0\u00a0 <\/strong>Foi um desastre sua primeira interven\u00e7\u00e3o p\u00fablica como presidente da Suprema Corte no debate sobre 30 anos da Constitui\u00e7\u00e3o Federal realizado na Faculdade de Direito da USP, na segunda-feira, 01.<\/p>\n<p>Toffoli simplesmente decidiu reescrever a Hist\u00f3ria quando afirmou que n\u00e3o houve golpe militar no Brasil: \u201cEu n\u00e3o me refiro mais nem a golpe, nem a revolu\u00e7\u00e3o de 1964. Eu me refiro a movimento de 1964\u201d.<\/p>\n<p>Para refor\u00e7ar sua conclus\u00e3o citou o historiador Daniel Aar\u00e3o Reis, colaborador do Contato, que segundo Toffoli concluiu \u201ctanto para a esquerda, tanto para a direita passou a ser conveniente culpar o regime militar de tudo\u201d. Para Daniel Reis, o ministro distorceu suas palavras e fez uma \u201cinterpreta\u00e7\u00e3o vesga da Hist\u00f3ria\u201d. O presidente do STF poderia ter ido dormir sem essa gafe.<\/p>\n<p><strong>Botando os pingos nos is<\/strong><\/p>\n<p><strong>\u00a0\u00a0\u00a0\u00a0\u00a0\u00a0\u00a0\u00a0\u00a0\u00a0\u00a0 <\/strong>Eis a resposta literal do historiador;<\/p>\n<p>\u201c<em>O supremo Toffoli cometeu um grosso equ\u00edvoco e, pior, invocou meu santo nome em v\u00e3o. Tomado por um s\u00fabito vezo conciliador, que n\u00e3o cultivou nos longos anos que passou no Pal\u00e1cio do Planalto, atribuiu-me interpreta\u00e7\u00f5es que nunca defendi.<\/em><\/p>\n<p><em>Vamos ao que interessa.<\/em><\/p>\n<ol>\n<li><em>Nunca fui favor\u00e1vel \u00e0 chamada teoria dos &#8220;dois dem\u00f4nios&#8221;, formulada na Argentina e, depois de l\u00e1 superada, servida requentada aqui. Antes de 1964, houve de fato um processo de radicaliza\u00e7\u00e3o social e pol\u00edtica no Brasil. isto \u00e9 uma evid\u00eancia. Mas n\u00e3o \u00e9 razo\u00e1vel equiparar os camponeses que queriam uma reforma agr\u00e1ria e latifundi\u00e1rios que n\u00e3o a desejavam. Os que queriam democratizar a sociedade e os que desejavam manter seus privil\u00e9gios.<\/em><\/li>\n<li><em>Houve um golpe, sim, civil-militar, em 1964. Trata-se de um consenso entre historiadores brasileiros. Transmud\u00e1-lo em &#8220;movimento&#8221; \u00e9 uma falsifica\u00e7\u00e3o hist\u00f3rica. Dito pelo presidente do STF \u00e9 uma aberra\u00e7\u00e3o. Faz lembrar o triste epis\u00f3dio em que o presidente do STF Ribeiro da Costa, em 1964, coonestou o golpe. Depois, se arrependeu e entrou em v\u00e1rios conflitos com a ditadura. Mas j\u00e1 era tarde. Ser\u00e1 que o presidente atual se arrepender\u00e1 algum dia? Tomara que n\u00e3o seja tarde.<\/em><\/li>\n<\/ol>\n<p style=\"text-align: right;\"><em>Daniel Aar\u00e3o Reis<\/em>\u201d<\/p>\n<p><strong>Mem\u00f3ria curta ou falta de cultura?<\/strong><\/p>\n<p><a href=\"http:\/\/jornalcontato.com.br\/home\/wp-content\/uploads\/2018\/10\/General-assessor-de-Toffoli.jpg\"><img loading=\"lazy\" decoding=\"async\" class=\"aligncenter size-large wp-image-16259\" src=\"http:\/\/jornalcontato.com.br\/home\/wp-content\/uploads\/2018\/10\/General-assessor-de-Toffoli-450x249.jpg\" alt=\"General assessor de Toffoli\" width=\"450\" height=\"249\" srcset=\"https:\/\/jornalcontato.com.br\/home\/wp-content\/uploads\/2018\/10\/General-assessor-de-Toffoli-450x249.jpg 450w, https:\/\/jornalcontato.com.br\/home\/wp-content\/uploads\/2018\/10\/General-assessor-de-Toffoli-300x166.jpg 300w, https:\/\/jornalcontato.com.br\/home\/wp-content\/uploads\/2018\/10\/General-assessor-de-Toffoli-768x426.jpg 768w, https:\/\/jornalcontato.com.br\/home\/wp-content\/uploads\/2018\/10\/General-assessor-de-Toffoli-265x147.jpg 265w, https:\/\/jornalcontato.com.br\/home\/wp-content\/uploads\/2018\/10\/General-assessor-de-Toffoli-360x200.jpg 360w, https:\/\/jornalcontato.com.br\/home\/wp-content\/uploads\/2018\/10\/General-assessor-de-Toffoli.jpg 810w\" sizes=\"auto, (max-width: 450px) 100vw, 450px\" \/><\/a><\/p>\n<p style=\"text-align: center;\"><em><strong>General Fernando Azevedo e Silva, assessor de Toffoli e Bolsonaro<\/strong><\/em><\/p>\n<p>Dias Toffoli trabalhou em uma pizzaria na Vila Madalena, na capital paulista. Nada contra. Eu sempre trabalhei quando cursava Economia na USP. O trabalho enobrece. No Diret\u00f3rio do PT daquele bairro que eu presidia militavam estrelas da academia uspiana. Os debates eram verdadeiras aulas de hist\u00f3ria e pol\u00edtica. Mas o futuro presidente do STF nunca se manifestou. Estranho sil\u00eancio num ambiente aberto e descontra\u00eddo<\/p>\n<p>Os debates abrangiam cr\u00edticas \u00e0 ditadura civil-militar 1964\/1985 que cassou tr\u00eas ministros do STF e for\u00e7ou a aposentadoria de outros dois. Ao assumir o comando do Supremo, Toffoli surpreendeu ao nomear um oficial da reserva para sua assessoria direta. O general Fernando Azevedo e Silva participou do grupo de militares que formulou propostas para o presidenci\u00e1vel Jair Bolsonaro.<\/p>\n<p>Uma iniciativa reveladora.<\/p>\n","protected":false},"excerpt":{"rendered":"<p>Jos\u00e9 Ant\u00f4nio Dias Toffoli \u00e9 o mais novo presidente do Supremo Tribunal Federal, do qual faz parte desde 2009 por indica\u00e7\u00e3o do ent\u00e3o presidente Lu\u00eds &#8230;<\/p>\n","protected":false},"author":1,"featured_media":16260,"comment_status":"open","ping_status":"open","sticky":false,"template":"","format":"standard","meta":{"footnotes":""},"categories":[1],"tags":[],"class_list":["post-16257","post","type-post","status-publish","format-standard","has-post-thumbnail","hentry","category-nacional"],"_links":{"self":[{"href":"https:\/\/www.jornalcontato.com.br\/home\/index.php\/wp-json\/wp\/v2\/posts\/16257","targetHints":{"allow":["GET"]}}],"collection":[{"href":"https:\/\/www.jornalcontato.com.br\/home\/index.php\/wp-json\/wp\/v2\/posts"}],"about":[{"href":"https:\/\/www.jornalcontato.com.br\/home\/index.php\/wp-json\/wp\/v2\/types\/post"}],"author":[{"embeddable":true,"href":"https:\/\/www.jornalcontato.com.br\/home\/index.php\/wp-json\/wp\/v2\/users\/1"}],"replies":[{"embeddable":true,"href":"https:\/\/www.jornalcontato.com.br\/home\/index.php\/wp-json\/wp\/v2\/comments?post=16257"}],"version-history":[{"count":1,"href":"https:\/\/www.jornalcontato.com.br\/home\/index.php\/wp-json\/wp\/v2\/posts\/16257\/revisions"}],"predecessor-version":[{"id":16261,"href":"https:\/\/www.jornalcontato.com.br\/home\/index.php\/wp-json\/wp\/v2\/posts\/16257\/revisions\/16261"}],"wp:featuredmedia":[{"embeddable":true,"href":"https:\/\/www.jornalcontato.com.br\/home\/index.php\/wp-json\/wp\/v2\/media\/16260"}],"wp:attachment":[{"href":"https:\/\/www.jornalcontato.com.br\/home\/index.php\/wp-json\/wp\/v2\/media?parent=16257"}],"wp:term":[{"taxonomy":"category","embeddable":true,"href":"https:\/\/www.jornalcontato.com.br\/home\/index.php\/wp-json\/wp\/v2\/categories?post=16257"},{"taxonomy":"post_tag","embeddable":true,"href":"https:\/\/www.jornalcontato.com.br\/home\/index.php\/wp-json\/wp\/v2\/tags?post=16257"}],"curies":[{"name":"wp","href":"https:\/\/api.w.org\/{rel}","templated":true}]}}