{"id":16252,"date":"2018-10-03T20:56:14","date_gmt":"2018-10-03T23:56:14","guid":{"rendered":"http:\/\/www.jornalcontato.com.br\/home\/?p=16252"},"modified":"2018-10-03T20:56:14","modified_gmt":"2018-10-03T23:56:14","slug":"em-frente-e-acelerado-aquiles-do-mpb4","status":"publish","type":"post","link":"https:\/\/www.jornalcontato.com.br\/home\/index.php\/em-frente-e-acelerado-aquiles-do-mpb4\/","title":{"rendered":"Em frente e acelerado (Aquiles do MPB4)"},"content":{"rendered":"<p><em>EmFrente<\/em>, o CD independente de Thiago Ramil, \u00e9 um trabalho que me surpreendeu a cada acorde, a cada verso, a cada respira\u00e7\u00e3o. Sim, respira\u00e7\u00e3o, pois al\u00e9m de compositor audacioso, sua voz lhe sai do peito como um grito rec\u00e9m-desentalado e libertado pela paix\u00e3o. Sim, paix\u00e3o, pois<em> EmFrente <\/em>est\u00e1 afian\u00e7ado por um arrojado amor ao ato de criar.<\/p>\n<p>Surpreendido, mas entusiasmado pela consist\u00eancia das m\u00fasicas, l\u00e1 fui eu enla\u00e7ado ao som do CD. Produzido por Guilherme Ceron e Thiago Ramil, <em>EmFrente<\/em> se fez pela capacidade de inova\u00e7\u00e3o musical dos dois. Qualidade que, somada \u00e0 engenhosidade de um coletivo de outros amigos\/parceiros, permitiu que Thiago se desse ao desfrute de criar o que tinha e tem em mente, ainda que, talvez, intuitivamente: sublevar a sonoridade mel\u00f3dica, harm\u00f4nica, instrumental e po\u00e9tica vigentes no mundo da m\u00fasica.<\/p>\n<p>Mas o que \u00e9 a m\u00fasica de Thiago Ramil? M\u00fasica de vanguarda? M\u00fasica concreta? Experimental? M\u00fasica contempor\u00e2nea? Seria ele um <em>rapper<\/em> ou um repentista cantador?<\/p>\n<p>Talvez nem o pr\u00f3prio Thiago saiba classificar o g\u00eanero de suas composi\u00e7\u00f5es. S\u00f3 que esse n\u00e3o saber n\u00e3o decorre de puerilidade, mas por, talvez, n\u00e3o lhe interessar ver sua obra enquadrada. Isto posto, mergulhei de cabe\u00e7a na m\u00fasica para mim inclassific\u00e1vel de Thiago Ramil.<\/p>\n<p><a href=\"http:\/\/jornalcontato.com.br\/home\/wp-content\/uploads\/2018\/10\/Thiago.jpg\"><img loading=\"lazy\" decoding=\"async\" class=\"aligncenter size-full wp-image-16253\" src=\"http:\/\/jornalcontato.com.br\/home\/wp-content\/uploads\/2018\/10\/Thiago.jpg\" alt=\"Thiago\" width=\"191\" height=\"264\" \/><\/a><\/p>\n<p style=\"text-align: center;\"><em><strong>Thiago Ramil surpreendeu at\u00e9 Aquiles<\/strong><\/em><\/p>\n<p>Gutcha Ramil (percuss\u00f5es, rabeca, vocais), Andressa Ferreira (percuss\u00f5es, vocais), Pedro Petracco (bateria), Felipe Zancanaro (percuss\u00f5es, samples), Guilherme Ceron (baixo), Lorenzo Flach (guitarra) e Thiago Ramil (viol\u00e3o, guitarra, voz) integram o n\u00facleo instrumental que toca nas catorze faixas do disco. Al\u00e9m desses instrumentistas, h\u00e1 participa\u00e7\u00f5es especiais de Duda Brack, Paola Kirst, Apanhador S\u00f3, Fabricio Gambogi, grupo presente na elabora\u00e7\u00e3o de cada can\u00e7\u00e3o e tamb\u00e9m na nova levada das m\u00fasicas regravadas. Grupo do qual Gutcha Ramil e Andressa Ferreira tamb\u00e9m participam.<\/p>\n<p>Instrumentos inusuais foram utilizados nos arranjos \u2013 v\u00eam deles o estranhamento inicial e a surpresa. Inspirada em ideias de Ge\u00f3rgia Macedo e Guilherme Ceron, \u201cClareira Criada\u201d (Thiago Ramil e Poty Burch) traz percuss\u00f5es abrindo a tampa. Sente-se no ar a for\u00e7a instrumental e o poder de versos que traduzem o viver humano; v\u00ea-se a beleza traduzida em uma fina harmonia. Vem suave, dolorida \u2013 s\u00f3 viol\u00e3o e um apito discreto. E chega um som indefinido que vem e vai, do leve pro intenso, do grave pro agudo&#8230; Meu Deus!<\/p>\n<p>E fechando, um viol\u00e3o e um vozerio infantil iniciam \u201cAqui\u201d (TR). A melodia tamb\u00e9m \u00e9 linda. Ampliada pelo cantar de Thiago, a letra resume o esp\u00edrito do cantador: \u201c(&#8230;) Eis-me aqui\/ Pra suportar\/ Quando ruir (&#8230;) Eu t\u00f4 aqui\/ Pra prosseguir\/ Pra enfrentar\u201d.<\/p>\n<p>Gostei das m\u00fasicas do Thiago. E mesmo sendo um tanto ou quanto despreparado para elas, a elas eu me curvei, pois me fizeram desrespeitar meus limites \u2013 e eu bem sei do p\u00e2nico que pode rolar na lida com o desconhecido.<\/p>\n<p style=\"text-align: right;\"><strong><em>Aquiles Rique Reis<\/em><\/strong><em>, vocalista do MPB4<\/em><\/p>\n<p><strong><em>PS. Luhli (que fez dupla com Lucina nos anos 80), Tito Madi e \u00c2ngela Maria se foram. Calaram-se tr\u00eas grandes vozes.<\/em><\/strong><\/p>\n","protected":false},"excerpt":{"rendered":"<p>EmFrente, o CD independente de Thiago Ramil, \u00e9 um trabalho que me surpreendeu a cada acorde, a cada verso, a cada respira\u00e7\u00e3o. Sim, respira\u00e7\u00e3o, pois &#8230;<\/p>\n","protected":false},"author":1,"featured_media":16254,"comment_status":"open","ping_status":"open","sticky":false,"template":"","format":"standard","meta":{"footnotes":""},"categories":[1],"tags":[],"class_list":["post-16252","post","type-post","status-publish","format-standard","has-post-thumbnail","hentry","category-nacional"],"_links":{"self":[{"href":"https:\/\/www.jornalcontato.com.br\/home\/index.php\/wp-json\/wp\/v2\/posts\/16252","targetHints":{"allow":["GET"]}}],"collection":[{"href":"https:\/\/www.jornalcontato.com.br\/home\/index.php\/wp-json\/wp\/v2\/posts"}],"about":[{"href":"https:\/\/www.jornalcontato.com.br\/home\/index.php\/wp-json\/wp\/v2\/types\/post"}],"author":[{"embeddable":true,"href":"https:\/\/www.jornalcontato.com.br\/home\/index.php\/wp-json\/wp\/v2\/users\/1"}],"replies":[{"embeddable":true,"href":"https:\/\/www.jornalcontato.com.br\/home\/index.php\/wp-json\/wp\/v2\/comments?post=16252"}],"version-history":[{"count":1,"href":"https:\/\/www.jornalcontato.com.br\/home\/index.php\/wp-json\/wp\/v2\/posts\/16252\/revisions"}],"predecessor-version":[{"id":16255,"href":"https:\/\/www.jornalcontato.com.br\/home\/index.php\/wp-json\/wp\/v2\/posts\/16252\/revisions\/16255"}],"wp:featuredmedia":[{"embeddable":true,"href":"https:\/\/www.jornalcontato.com.br\/home\/index.php\/wp-json\/wp\/v2\/media\/16254"}],"wp:attachment":[{"href":"https:\/\/www.jornalcontato.com.br\/home\/index.php\/wp-json\/wp\/v2\/media?parent=16252"}],"wp:term":[{"taxonomy":"category","embeddable":true,"href":"https:\/\/www.jornalcontato.com.br\/home\/index.php\/wp-json\/wp\/v2\/categories?post=16252"},{"taxonomy":"post_tag","embeddable":true,"href":"https:\/\/www.jornalcontato.com.br\/home\/index.php\/wp-json\/wp\/v2\/tags?post=16252"}],"curies":[{"name":"wp","href":"https:\/\/api.w.org\/{rel}","templated":true}]}}