{"id":16209,"date":"2018-09-20T16:12:28","date_gmt":"2018-09-20T19:12:28","guid":{"rendered":"http:\/\/www.jornalcontato.com.br\/home\/?p=16209"},"modified":"2018-09-20T16:12:28","modified_gmt":"2018-09-20T19:12:28","slug":"faltou-combustivel-no-posto-ipiranga-de-bolsonaro-bernardo-mello-franco","status":"publish","type":"post","link":"https:\/\/www.jornalcontato.com.br\/home\/index.php\/faltou-combustivel-no-posto-ipiranga-de-bolsonaro-bernardo-mello-franco\/","title":{"rendered":"Faltou combust\u00edvel no posto Ipiranga de Bolsonaro (*Bernardo Mello Franco)"},"content":{"rendered":"<p>Paulo Guedes n\u00e3o \u00e9 chegado ao contradit\u00f3rio. O guru de Jair Bolsonaro tem fugido dos debates com economistas das outras campanhas. S\u00f3 na segunda-feira, escapuliu de dois. Um deles no Roda Viva, com transmiss\u00e3o ao vivo na TV.<\/p>\n<p>\u201cFaltou combust\u00edvel no posto Ipiranga\u201d, ironizou Persio Arida, um dos pais do Plano Real. O economista do PSDB classificou a plataforma de Guedes como \u201cilusionista\u201d e \u201cinconsistente\u201d. Na v\u00e9spera, j\u00e1 tinha dito que o bolsonarista \u00e9 \u201cmit\u00f4mano\u201d e \u201cnunca escreveu um artigo acad\u00eamico de relevo\u201d.<\/p>\n<div id=\"attachment_16210\" style=\"width: 450px\" class=\"wp-caption aligncenter\"><a href=\"http:\/\/jornalcontato.com.br\/home\/wp-content\/uploads\/2018\/09\/Arida.jpg\"><img loading=\"lazy\" decoding=\"async\" aria-describedby=\"caption-attachment-16210\" class=\"size-large wp-image-16210\" src=\"http:\/\/jornalcontato.com.br\/home\/wp-content\/uploads\/2018\/09\/Arida-450x301.jpg\" alt=\"S\u00c3O PAULO 12.07.2013 - ECONOMIA - ESPECIAL DOMINICAL - PERSIO ARIDA - economista concede entrevista ao Estad\u00e3o   -   Foto: NILTON FUKUDA\/ESTAD\u00c3O\" width=\"450\" height=\"301\" srcset=\"https:\/\/jornalcontato.com.br\/home\/wp-content\/uploads\/2018\/09\/Arida-450x301.jpg 450w, https:\/\/jornalcontato.com.br\/home\/wp-content\/uploads\/2018\/09\/Arida-300x201.jpg 300w, https:\/\/jornalcontato.com.br\/home\/wp-content\/uploads\/2018\/09\/Arida.jpg 610w\" sizes=\"auto, (max-width: 450px) 100vw, 450px\" \/><\/a><p id=\"caption-attachment-16210\" class=\"wp-caption-text\"><em><strong>\u00a0 \u00a0 \u00a0 P\u00e9rsio Arida, assessor econ\u00f4mico de Geraldo Alckmin<\/strong><\/em><\/p><\/div>\n<p>O guru do capit\u00e3o evita os rivais, mas parece \u00e0 vontade com banqueiros e investidores. Na ter\u00e7a, ele confidenciou \u00e0 turma que pretende recriar um imposto sobre transa\u00e7\u00f5es financeiras, nos moldes da extinta CPMF. A declara\u00e7\u00e3o foi revelada pela \u201cFolha de S.Paulo\u201d e abriu uma crise na campanha.<\/p>\n<p>Do hospital, Bolsonaro ligou para reclamar do plano. Depois usou as redes sociais para desautorizar seu ide\u00f3logo. \u201cChega de impostos \u00e9 o nosso lema\u201d, tuitou. Foi sua primeira diverg\u00eancia p\u00fablica com o economista, com quem ele diz ter um \u201ccasamento h\u00e9tero\u201d.<\/p>\n<p>\u00c9 uma rela\u00e7\u00e3o de interesses. Guedes, um economista ultraliberal, sonhava ditar os rumos do governo. Foi seduzido com a promessa de um superminist\u00e9rio, que uniria as pastas da Fazenda, do Planejamento e da Ind\u00fastria e Com\u00e9rcio Exterior.<\/p>\n<p><a href=\"http:\/\/jornalcontato.com.br\/home\/wp-content\/uploads\/2018\/09\/Guedes-e-Bolsonaro.png\"><img loading=\"lazy\" decoding=\"async\" class=\"aligncenter size-large wp-image-16211\" src=\"http:\/\/jornalcontato.com.br\/home\/wp-content\/uploads\/2018\/09\/Guedes-e-Bolsonaro-450x314.png\" alt=\"Guedes e Bolsonaro\" width=\"450\" height=\"314\" srcset=\"https:\/\/jornalcontato.com.br\/home\/wp-content\/uploads\/2018\/09\/Guedes-e-Bolsonaro-450x314.png 450w, https:\/\/jornalcontato.com.br\/home\/wp-content\/uploads\/2018\/09\/Guedes-e-Bolsonaro-300x209.png 300w, https:\/\/jornalcontato.com.br\/home\/wp-content\/uploads\/2018\/09\/Guedes-e-Bolsonaro.png 600w\" sizes=\"auto, (max-width: 450px) 100vw, 450px\" \/><\/a><\/p>\n<p style=\"text-align: center;\"><em><strong>Bolsonaro e Paulo Guedes, seu guru econ\u00f4mico<\/strong><\/em><\/p>\n<p>\u00a0 \u00a0 \u00a0 \u00a0 \u00a0 Bolsonaro, um militar que admite n\u00e3o saber o b\u00e1sico sobre economia, precisava de um fiador com o mercado. Ao encontr\u00e1-lo, passou a se apresentar como defensor do Estado m\u00ednimo e das privatiza\u00e7\u00f5es. Foi o suficiente para atrair uma fatia do empresariado que andava desiludida com o PSDB.<\/p>\n<p>O problema \u00e9 que o novo discurso n\u00e3o casa com o velho personagem. Em 28 anos no Congresso, o presidenci\u00e1vel sempre seguiu a linha estatizante. Votou contra o fim do monop\u00f3lio das telecomunica\u00e7\u00f5es, combateu as tentativas de reforma da Previd\u00eancia e defendeu privil\u00e9gios para os militares.<\/p>\n<p>O epis\u00f3dio de ontem mostrou que o Adam Smith do bolsonarismo pode ser abandonado no altar.<\/p>\n<p style=\"text-align: right;\"><em><strong>*Colunista do jornal OGlobo<\/strong><\/em><\/p>\n","protected":false},"excerpt":{"rendered":"<p>Paulo Guedes n\u00e3o \u00e9 chegado ao contradit\u00f3rio. O guru de Jair Bolsonaro tem fugido dos debates com economistas das outras campanhas. S\u00f3 na segunda-feira, escapuliu &#8230;<\/p>\n","protected":false},"author":1,"featured_media":16212,"comment_status":"open","ping_status":"open","sticky":false,"template":"","format":"standard","meta":{"footnotes":""},"categories":[1],"tags":[],"class_list":["post-16209","post","type-post","status-publish","format-standard","has-post-thumbnail","hentry","category-nacional"],"_links":{"self":[{"href":"https:\/\/www.jornalcontato.com.br\/home\/index.php\/wp-json\/wp\/v2\/posts\/16209","targetHints":{"allow":["GET"]}}],"collection":[{"href":"https:\/\/www.jornalcontato.com.br\/home\/index.php\/wp-json\/wp\/v2\/posts"}],"about":[{"href":"https:\/\/www.jornalcontato.com.br\/home\/index.php\/wp-json\/wp\/v2\/types\/post"}],"author":[{"embeddable":true,"href":"https:\/\/www.jornalcontato.com.br\/home\/index.php\/wp-json\/wp\/v2\/users\/1"}],"replies":[{"embeddable":true,"href":"https:\/\/www.jornalcontato.com.br\/home\/index.php\/wp-json\/wp\/v2\/comments?post=16209"}],"version-history":[{"count":1,"href":"https:\/\/www.jornalcontato.com.br\/home\/index.php\/wp-json\/wp\/v2\/posts\/16209\/revisions"}],"predecessor-version":[{"id":16213,"href":"https:\/\/www.jornalcontato.com.br\/home\/index.php\/wp-json\/wp\/v2\/posts\/16209\/revisions\/16213"}],"wp:featuredmedia":[{"embeddable":true,"href":"https:\/\/www.jornalcontato.com.br\/home\/index.php\/wp-json\/wp\/v2\/media\/16212"}],"wp:attachment":[{"href":"https:\/\/www.jornalcontato.com.br\/home\/index.php\/wp-json\/wp\/v2\/media?parent=16209"}],"wp:term":[{"taxonomy":"category","embeddable":true,"href":"https:\/\/www.jornalcontato.com.br\/home\/index.php\/wp-json\/wp\/v2\/categories?post=16209"},{"taxonomy":"post_tag","embeddable":true,"href":"https:\/\/www.jornalcontato.com.br\/home\/index.php\/wp-json\/wp\/v2\/tags?post=16209"}],"curies":[{"name":"wp","href":"https:\/\/api.w.org\/{rel}","templated":true}]}}