{"id":16107,"date":"2018-08-08T18:43:20","date_gmt":"2018-08-08T21:43:20","guid":{"rendered":"http:\/\/www.jornalcontato.com.br\/home\/?p=16107"},"modified":"2018-08-08T18:43:20","modified_gmt":"2018-08-08T21:43:20","slug":"duetos-novo-cd-de-jane-duboc-aquiles-reis-do-mpb4","status":"publish","type":"post","link":"https:\/\/www.jornalcontato.com.br\/home\/index.php\/duetos-novo-cd-de-jane-duboc-aquiles-reis-do-mpb4\/","title":{"rendered":"Duetos, novo CD de Jane Duboc (Aquiles Reis do MPB4)"},"content":{"rendered":"<p style=\"text-align: center;\"><strong>Jane Duboc agrega valores \u00e0 m\u00fasica brasileira<\/strong><\/p>\n<p><strong>\u00a0<\/strong>E eu que acreditava conhecer bem o trabalho da cantora e compositora Jane Duboc. Qual o qu\u00ea, merm\u00e3o; Jane n\u00e3o cabe num pensamento s\u00f3. Jane \u00e9 um ser feito para agregar seus sonhos e viv\u00eancias aos de quem ela ama; ela sabe como ningu\u00e9m que m\u00fasica e amizade s\u00e3o tesouros da vida.<\/p>\n<p>\u00c9 por seu esp\u00edrito greg\u00e1rio que a m\u00fasica a protege e a ela entoa loas \u2013 n\u00e3o h\u00e1 solid\u00e3o para quem a m\u00fasica indica passos e compassos. Como numa sociedade comunit\u00e1ria, onde ningu\u00e9m \u00e9 mais do que ningu\u00e9m, Jane reuniu onze craques\/parceiros\/amigos, um verdadeiro time de futebol que vestiu a camisa que traz a m\u00fasica do lado esquerdo do peito.<\/p>\n<p><strong>Duetos<\/strong> (independente) \u00e9 seu novo CD. Produzido por Daniel Figueiredo, o trabalho conta com as participa\u00e7\u00f5es especiais de Roupa Nova, Toquinho, Marina Elali, Oswaldo Montenegro, Celso Fonseca, Mafalda Minnozzi, Erika Ender e alguns outros que eu ainda citarei mais \u00e0 frente. Todos grandes amigos, que foram convidados para fazerem duetos com ela.<\/p>\n<p><a href=\"http:\/\/jornalcontato.com.br\/home\/wp-content\/uploads\/2018\/08\/jane_duboc_2.jpg\"><img loading=\"lazy\" decoding=\"async\" class=\"aligncenter size-large wp-image-16108\" src=\"http:\/\/jornalcontato.com.br\/home\/wp-content\/uploads\/2018\/08\/jane_duboc_2-450x338.jpg\" alt=\"jane_duboc_2\" width=\"450\" height=\"338\" srcset=\"https:\/\/jornalcontato.com.br\/home\/wp-content\/uploads\/2018\/08\/jane_duboc_2-450x338.jpg 450w, https:\/\/jornalcontato.com.br\/home\/wp-content\/uploads\/2018\/08\/jane_duboc_2-300x225.jpg 300w, https:\/\/jornalcontato.com.br\/home\/wp-content\/uploads\/2018\/08\/jane_duboc_2.jpg 620w\" sizes=\"auto, (max-width: 450px) 100vw, 450px\" \/><\/a><\/p>\n<p style=\"text-align: center;\"><em><strong>Jane Duboc, uma artista completa<\/strong><\/em><\/p>\n<p>E, prazerosamente, suas participa\u00e7\u00f5es n\u00e3o deixam d\u00favida: eles se ajuntaram com a \u201cmiss\u00e3o\u201d de garantir que Jane registrasse novamente suas m\u00fasicas e sua voz de cristal. Som parido da alma, que soa como um obor\u00e9* e conclama todos a ouvi-la. Assim, al\u00e9m de fruto da admira\u00e7\u00e3o que o mundo musical tem por Jane Duboc e sua m\u00fasica, <strong>Duetos<\/strong> \u00e9 um presente embalado em vozes, instrumentos e amores: ouro, incenso e mirra.<\/p>\n<p>\u201cNada Sem Voc\u00ea\u201d (Ivan Lins, Ivano Fossatti e Celso Vi\u00e1fora), antes de ser inclu\u00edda em <strong>Duetos<\/strong>, foi gravada por Vi\u00e1fora e produzida pelo filho de Jane, Jay Vaquer. O piano da grande dama inicia, no arranjo composto por ela. V\u00eam os versos (!). \u00c0 bela voz de Jane Duboc junta-se em dueto com a guitarra de Roberto Menescal. Lindo!<\/p>\n<p>Em \u201cAquela M\u00fasica\u201d (Jay Vaquer), tamb\u00e9m com arranjo de Jane, que est\u00e1 ao piano (quanta sensibilidade, meu Deus), temos um dueto com F\u00e1bio Jr., numa bela participa\u00e7\u00e3o. E ainda tem Carlos Malta \u00e0 flauta, num lindo intermezzo. Keco Brand\u00e3o aparece ao piano na segunda parte, quando o solo cabe a F\u00e1bio Jr.<\/p>\n<p>Como na maioria das m\u00fasicas do \u00e1lbum, ela comp\u00f4s o arranjo e tocou piano em \u201cRastro de Sangue\u201d (Jane Duboc e Zeca Calazans). E aqui temos ainda a participa\u00e7\u00e3o especial do baixo ac\u00fastico de Jefferson Lescowich. Jane canta com Claudio Damatta \u2013 ele que \u00e9 pura emo\u00e7\u00e3o, ampliada pelo vigor do piano e do baixo.<\/p>\n<p>\u201cThe Angel\u201d (Egberto Gismonti e Jane Duboc) vem pela voz de Bianca Gismonti, que por sua vez engrandece os versos de Jane em ingl\u00eas. Seu dueto com Jane \u00e9 t\u00e3o delicado quanto cordial \u00e9 o piano de Egberto.<\/p>\n<p>A voz e os agudos de Jane Duboc comprovam que o imposs\u00edvel \u00e9 (quase) poss\u00edvel. Ela imprime emo\u00e7\u00e3o nas s\u00edlabas de cada verso, nas levadas e nos acordes das can\u00e7\u00f5es. Em Duetos, uniu sua sensibilidade \u00e0 de seus companheiros de m\u00fasica \u2013 mas s\u00f3 a ela caber\u00e1 conservar seu canto e suas atitudes, para seguir em frente. Sempre!<\/p>\n<p><strong><em>Aquiles Rique Reis, vocalista do MPB4<\/em><\/strong><\/p>\n<p><em>* instrumento com o qual que os \u00edndios tupis conclamavam a tribo para lutar em sua defesa<\/em><\/p>\n","protected":false},"excerpt":{"rendered":"<p>Jane Duboc agrega valores \u00e0 m\u00fasica brasileira \u00a0E eu que acreditava conhecer bem o trabalho da cantora e compositora Jane Duboc. Qual o qu\u00ea, merm\u00e3o; &#8230;<\/p>\n","protected":false},"author":1,"featured_media":16109,"comment_status":"open","ping_status":"open","sticky":false,"template":"","format":"standard","meta":{"footnotes":""},"categories":[1],"tags":[],"class_list":["post-16107","post","type-post","status-publish","format-standard","has-post-thumbnail","hentry","category-nacional"],"_links":{"self":[{"href":"https:\/\/www.jornalcontato.com.br\/home\/index.php\/wp-json\/wp\/v2\/posts\/16107","targetHints":{"allow":["GET"]}}],"collection":[{"href":"https:\/\/www.jornalcontato.com.br\/home\/index.php\/wp-json\/wp\/v2\/posts"}],"about":[{"href":"https:\/\/www.jornalcontato.com.br\/home\/index.php\/wp-json\/wp\/v2\/types\/post"}],"author":[{"embeddable":true,"href":"https:\/\/www.jornalcontato.com.br\/home\/index.php\/wp-json\/wp\/v2\/users\/1"}],"replies":[{"embeddable":true,"href":"https:\/\/www.jornalcontato.com.br\/home\/index.php\/wp-json\/wp\/v2\/comments?post=16107"}],"version-history":[{"count":1,"href":"https:\/\/www.jornalcontato.com.br\/home\/index.php\/wp-json\/wp\/v2\/posts\/16107\/revisions"}],"predecessor-version":[{"id":16110,"href":"https:\/\/www.jornalcontato.com.br\/home\/index.php\/wp-json\/wp\/v2\/posts\/16107\/revisions\/16110"}],"wp:featuredmedia":[{"embeddable":true,"href":"https:\/\/www.jornalcontato.com.br\/home\/index.php\/wp-json\/wp\/v2\/media\/16109"}],"wp:attachment":[{"href":"https:\/\/www.jornalcontato.com.br\/home\/index.php\/wp-json\/wp\/v2\/media?parent=16107"}],"wp:term":[{"taxonomy":"category","embeddable":true,"href":"https:\/\/www.jornalcontato.com.br\/home\/index.php\/wp-json\/wp\/v2\/categories?post=16107"},{"taxonomy":"post_tag","embeddable":true,"href":"https:\/\/www.jornalcontato.com.br\/home\/index.php\/wp-json\/wp\/v2\/tags?post=16107"}],"curies":[{"name":"wp","href":"https:\/\/api.w.org\/{rel}","templated":true}]}}