{"id":16015,"date":"2018-07-16T09:00:43","date_gmt":"2018-07-16T12:00:43","guid":{"rendered":"http:\/\/www.jornalcontato.com.br\/home\/?p=16015"},"modified":"2018-07-16T09:05:53","modified_gmt":"2018-07-16T12:05:53","slug":"amigo-e-coisa-pra-se-guardar-debaixo-de-sete-chaves-e-nas-redes-sociais","status":"publish","type":"post","link":"https:\/\/www.jornalcontato.com.br\/home\/index.php\/amigo-e-coisa-pra-se-guardar-debaixo-de-sete-chaves-e-nas-redes-sociais\/","title":{"rendered":"AMIGO \u00c9 COISA PRA SE GUARDAR DEBAIXO DE SETE CHAVES (e nas redes sociais)&#8230;"},"content":{"rendered":"<p style=\"text-align: center;\"><strong><em>Uma bela reflex\u00e3o do Mestre Jos\u00e9 Carlos Sebe Bom Meihy formas de celebra\u00e7\u00e3o de velhas amizades introduzidas pela rapidez e instantaneidade das redes sociais\u00a0<\/em><\/strong><\/p>\n<p>Componho algumas listas nas redes sociais da internet. N\u00e3o sou fan\u00e1tico, mas de vez em quando, no m\u00e1ximo uma vez por dia, dou uma passeada por l\u00e1. Visito o <em>face book<\/em> (FB) rapidamente, mas quase nunca posto ou comento alguma coisa. O mesmo se repete com outros aplicativos, em particular com aqueles alimentados por fotos. N\u00e3o tenho nada contra, mas pessoalmente acho meio sem sentido esta hist\u00f3ria de <em>selfies<\/em>, de gente sempre sorrindo, se mostrando, dizendo \u201colhe onde estou\u201d, \u201cveja com quem estou\u201d&#8230; Como muitos, por\u00e9m, ando interessado nessas formas de comunica\u00e7\u00e3o, e n\u00e3o me furto pensar no impacto que isso exerce sobre maneiras diretas e indiretas de conhecimento interpessoal. Sob esta al\u00ednea, uma das minhas mais inquietantes quest\u00f5es remete ao fato da celebra\u00e7\u00e3o irremedi\u00e1vel das velhas amizades. Reparam como tem pessoas eternizando os \u201canos que n\u00e3o voltam mais\u201d? Sei que isso \u00e9 velho e que desde os tempos de Casimiro de Abreu repetimos \u201cai que saudade que tenho, da aurora da minha vida\u201d, mas a configura\u00e7\u00e3o contempor\u00e2nea \u00e9 outra, instant\u00e2nea.<\/p>\n<p><a href=\"http:\/\/jornalcontato.com.br\/home\/wp-content\/uploads\/2018\/07\/Casimiro-de-Abreu.jpg\"><img loading=\"lazy\" decoding=\"async\" class=\"aligncenter size-full wp-image-16016\" src=\"http:\/\/jornalcontato.com.br\/home\/wp-content\/uploads\/2018\/07\/Casimiro-de-Abreu.jpg\" alt=\"Casimiro de Abreu\" width=\"248\" height=\"203\" \/><\/a><\/p>\n<p style=\"text-align: center;\"><em><strong>&#8220;Ai que saudade que eu tenho, da aurora da minha vida&#8221;<\/strong><\/em><\/p>\n<p>Em pelo menos tr\u00eas grupos que participo, n\u00e3o passa um dia em que algu\u00e9m n\u00e3o poste algo filtrado por m\u00fasica, poema, ora\u00e7\u00e3o, mensagens com florezinhas, cora\u00e7\u00f5es, tudo em laudat\u00f3rios vivas \u00e0 amizade perene, imbat\u00edvel, solidada na saborosa ilus\u00e3o no tempo da mem\u00f3ria. \u00c9 l\u00f3gico que gosto disso, mas fico pensando nos motores que acionam tais apelos. Uma de minhas listas \u00e9 de parceiros da inf\u00e2ncia e juventude; crescemos mais ou menos juntos no interior e, muitos de n\u00f3s, depois de anos sem nos ver, reencontramo-nos no plano virtual. Outra lista \u00e9 enla\u00e7ada por colegas do gin\u00e1sio feito em col\u00e9gio interno; nos reintegramos e assim se trocam not\u00edcias de carreiras, casamentos (velhos e novos), atividades dos filhos, viagens, tudo saudando \u201caqueles bons tempos\u201d. Uma terceira ordem \u00e9 de primos coet\u00e2neos, esta, ali\u00e1s, remete mais a informa\u00e7\u00f5es sobre sa\u00fade, anivers\u00e1rios e subs\u00eddios parentais, mas sempre amalgamando alegrias de ontens. C\u00e1 e l\u00e1 \u201centro\u201d em redes atuais: associa\u00e7\u00e3o profissional, ex-alunos, vizinhos, professores aposentados, mas afora esses casos, a tal amizade sincera, aquela que se guarda debaixo de sete chaves, \u00e9 o ponto centr\u00edfugo e de refer\u00eancia.<\/p>\n<p>Confesso que tenho me dedicado a entender o papel mediador das m\u00e1quinas nas rela\u00e7\u00f5es p\u00f3s-modernas. Vivo enfeiti\u00e7ado pelos atalhos \u00e9ticos que promovem di\u00e1logos em tantos casos, e brigas insond\u00e1veis em outros. Tudo sempre sob o denominador comum das amizades que n\u00e3o se desmancham. Foi com esta preocupa\u00e7\u00e3o que busquei um livro que n\u00e3o leria fora do radar de entendimento desse que \u00e9 um dos maiores fen\u00f4menos de comportamento contempor\u00e2neo, as redes sociais.<\/p>\n<p><a href=\"http:\/\/jornalcontato.com.br\/home\/wp-content\/uploads\/2018\/07\/Marla-Paul.jpg\"><img loading=\"lazy\" decoding=\"async\" class=\"aligncenter size-full wp-image-16017\" src=\"http:\/\/jornalcontato.com.br\/home\/wp-content\/uploads\/2018\/07\/Marla-Paul.jpg\" alt=\"Marla Paul\" width=\"251\" height=\"294\" \/><\/a><\/p>\n<p style=\"text-align: center;\"><em><strong>Marla Paul da\u00a0Northwestern Univesity<\/strong><\/em><\/p>\n<p>Marla Paul \u00e9 uma estudiosa de rela\u00e7\u00f5es p\u00fablicas, vinculada a <em>Northwestern Univesity<\/em>, e para escrever \u201c<em>The friendship Crisis: finding, making and keeping friends when you are not a kid anymore<\/em>\u201d, partiu de um princ\u00edpio intrigante: n\u00e3o se faz amizades profundas depois dos 30 anos. E por mais de 250 p\u00e1ginas, plenificadas de exemplos, a autora declina raz\u00f5es que v\u00e3o deste o fato de, adultos, n\u00e3o mais nos termos disponibilidade, e nem capacidade espont\u00e2nea de doa\u00e7\u00e3o, e assim vai at\u00e9 os compromissos inerentes \u00e0s responsabilidades como: pagar contas, gerenciar neg\u00f3cios, administrar diferen\u00e7as de relacionamentos familiares, educar filhos, cuidar da pr\u00f3pria sa\u00fade, ou mesmo de se divertir de maneira compensat\u00f3ria. Nossa, \u00e9 um ros\u00e1rio convincente de alega\u00e7\u00f5es que complicam nossos modos de vida. De certa forma, ainda que a autora propale f\u00f3rmulas de supera\u00e7\u00e3o desses entraves inerentes \u00e0 idade, fica mais ou menos decretado que n\u00e3o temos mais tempo para \u201cfalar abobrinha\u201d, \u201cjogar conversa fora\u201d ou, o que \u00e9 pior, \u201cesquecer desaven\u00e7as\u201d. E por a\u00ed escorrem os papos livres de regras, as conversas em botequins, a \u201cconta\u00e7\u00e3o\u201d de piadas, as provoca\u00e7\u00f5es politicamente incorretas. Sem tempo para a cinema, tamb\u00e9m n\u00e3o exercitamos mais a cervejinha amiga, a pizza com conversa solta, andar por a\u00ed sem saber onde chegar. Pelo reverso, no m\u00e1ximo, resta a companhia de colegas de academia, parceiros de transportes p\u00fablicos, frequentadores de mesmas atividades sociais. Terr\u00edvel, n\u00e3o?!&#8230;<\/p>\n<p><a href=\"http:\/\/jornalcontato.com.br\/home\/wp-content\/uploads\/2018\/07\/Elo.jpg\"><img loading=\"lazy\" decoding=\"async\" class=\"aligncenter size-large wp-image-16018\" src=\"http:\/\/jornalcontato.com.br\/home\/wp-content\/uploads\/2018\/07\/Elo-450x247.jpg\" alt=\"Elo\" width=\"450\" height=\"247\" srcset=\"https:\/\/jornalcontato.com.br\/home\/wp-content\/uploads\/2018\/07\/Elo-450x247.jpg 450w, https:\/\/jornalcontato.com.br\/home\/wp-content\/uploads\/2018\/07\/Elo-300x165.jpg 300w, https:\/\/jornalcontato.com.br\/home\/wp-content\/uploads\/2018\/07\/Elo.jpg 674w\" sizes=\"auto, (max-width: 450px) 100vw, 450px\" \/><\/a><\/p>\n<p style=\"text-align: center;\"><em><strong>Parte dos organizadores da festa ELO 2000<\/strong><\/em><\/p>\n<p>A complicar ainda mais a trama das desilus\u00f5es et\u00e1rias, tornamo-nos saudosistas cr\u00f4nicos e n\u00e3o poupamos esfor\u00e7os para comemorar o passado, seja ele o que tenha sido. Tudo que foi virou \u201cbom\u201d e pronto&#8230; Na verdade, diz Paul, o que cultuamos \u00e9 a ressignifica\u00e7\u00e3o do que fomos esquecendo-nos de que naquele tempo t\u00ednhamos tamb\u00e9m dificuldades e muitas vezes n\u00e3o est\u00e1vamos t\u00e3o felizes como imaginamos hoje. A solda mais eficiente da celebra\u00e7\u00e3o amistosa, por\u00e9m, diz respeito aos marcadores de nossa pr\u00f3pria hist\u00f3ria. Amigos de inf\u00e2ncia, estiveram presentes em nossas passagens mais significativas, escolas, competi\u00e7\u00f5es esportivas, primeiros namoros.<\/p>\n<p>A dura realidade \u00e9 que crescemos. Tornamo-nos gente grande e agora n\u00e3o temos mais a espontaneidade das possibilidades de ajustes, de aceita\u00e7\u00e3o e de tempo. A racionalidade tornou-se b\u00fassola e nos resta obedecer a l\u00f3gicas que ancoram acertos, n\u00e3o permitem deslizes, erros. \u00c9 bom que restem as velhas amizades que, afinal, funcionam como ess\u00eancia do que fomos, ou pelo menos como prova de que \u00e9ramos felizes e hoje sabemos.<\/p>\n","protected":false},"excerpt":{"rendered":"<p>Uma bela reflex\u00e3o do Mestre Jos\u00e9 Carlos Sebe Bom Meihy formas de celebra\u00e7\u00e3o de velhas amizades introduzidas pela rapidez e instantaneidade das redes sociais\u00a0 Componho &#8230;<\/p>\n","protected":false},"author":1,"featured_media":16019,"comment_status":"open","ping_status":"open","sticky":false,"template":"","format":"standard","meta":{"footnotes":""},"categories":[1],"tags":[],"class_list":["post-16015","post","type-post","status-publish","format-standard","has-post-thumbnail","hentry","category-nacional"],"_links":{"self":[{"href":"https:\/\/www.jornalcontato.com.br\/home\/index.php\/wp-json\/wp\/v2\/posts\/16015","targetHints":{"allow":["GET"]}}],"collection":[{"href":"https:\/\/www.jornalcontato.com.br\/home\/index.php\/wp-json\/wp\/v2\/posts"}],"about":[{"href":"https:\/\/www.jornalcontato.com.br\/home\/index.php\/wp-json\/wp\/v2\/types\/post"}],"author":[{"embeddable":true,"href":"https:\/\/www.jornalcontato.com.br\/home\/index.php\/wp-json\/wp\/v2\/users\/1"}],"replies":[{"embeddable":true,"href":"https:\/\/www.jornalcontato.com.br\/home\/index.php\/wp-json\/wp\/v2\/comments?post=16015"}],"version-history":[{"count":1,"href":"https:\/\/www.jornalcontato.com.br\/home\/index.php\/wp-json\/wp\/v2\/posts\/16015\/revisions"}],"predecessor-version":[{"id":16020,"href":"https:\/\/www.jornalcontato.com.br\/home\/index.php\/wp-json\/wp\/v2\/posts\/16015\/revisions\/16020"}],"wp:featuredmedia":[{"embeddable":true,"href":"https:\/\/www.jornalcontato.com.br\/home\/index.php\/wp-json\/wp\/v2\/media\/16019"}],"wp:attachment":[{"href":"https:\/\/www.jornalcontato.com.br\/home\/index.php\/wp-json\/wp\/v2\/media?parent=16015"}],"wp:term":[{"taxonomy":"category","embeddable":true,"href":"https:\/\/www.jornalcontato.com.br\/home\/index.php\/wp-json\/wp\/v2\/categories?post=16015"},{"taxonomy":"post_tag","embeddable":true,"href":"https:\/\/www.jornalcontato.com.br\/home\/index.php\/wp-json\/wp\/v2\/tags?post=16015"}],"curies":[{"name":"wp","href":"https:\/\/api.w.org\/{rel}","templated":true}]}}