{"id":15927,"date":"2018-06-12T10:03:59","date_gmt":"2018-06-12T13:03:59","guid":{"rendered":"http:\/\/www.jornalcontato.com.br\/home\/?p=15927"},"modified":"2018-06-12T10:03:59","modified_gmt":"2018-06-12T13:03:59","slug":"suprema-platitudes-federal-jose-neumanne","status":"publish","type":"post","link":"https:\/\/www.jornalcontato.com.br\/home\/index.php\/suprema-platitudes-federal-jose-neumanne\/","title":{"rendered":"Suprema platitudes federal (*Jos\u00e9 N\u00eaumanne)"},"content":{"rendered":"<p style=\"text-align: center;\"><strong><em>Como n\u00e3o se conseguem entender entre eles mesmos, ministros do STF tecem loas acacianas \u00e0 democracia, mas um deles confessa que s\u00f3 n\u00e3o ama o povo para n\u00e3o ter de imitar Hitler<\/em><\/strong><\/p>\n<p>\u00a0 \u00a0 \u00a0 \u00a0 \u00a0 Atual\u00edssima \u00e9 a frase urdida pelo g\u00eanio pol\u00edtico do pessedista maranhense Vitorino Freire nos idos sob a \u00e9gide da Constitui\u00e7\u00e3o mais liberal que o Brasil teve, a de 1946: \u201c\u00c9 t\u00e3o grave a crise que vaca n\u00e3o reconhece bezerro\u201d. A de hoje \u00e9 pior: ficou dif\u00edcil at\u00e9 distinguir vaca de bezerro, t\u00e3o confuso se tornou o cen\u00e1rio institucional brasileiro. O presidente Michel Temer mandou as fantasias reformistas para as calendas que as prorroguem ou para os infernos que as carreguem. F\u00ea-lo porque o Congresso tamb\u00e9m assumiu o Poder Executivo para livrar o chefe deste de duas inc\u00f4modas investiga\u00e7\u00f5es pedidas pelo amaldi\u00e7oado ex-procurador-geral da Rep\u00fablica Rodrigo Janot, n\u00e3o reconduzido ao posto, para se afastar do c\u00e9u seco do Planalto a sombra de sua espada de D\u00e2mocles enferrujada.<\/p>\n<div id=\"attachment_15928\" style=\"width: 450px\" class=\"wp-caption aligncenter\"><a href=\"http:\/\/jornalcontato.com.br\/home\/wp-content\/uploads\/2018\/06\/Michel-Temer.jpg\"><img loading=\"lazy\" decoding=\"async\" aria-describedby=\"caption-attachment-15928\" class=\"size-large wp-image-15928\" src=\"http:\/\/jornalcontato.com.br\/home\/wp-content\/uploads\/2018\/06\/Michel-Temer-450x300.jpg\" alt=\"Brazil's President Michel Temer, reacts during a meeting for announcement of resources for expansion and modernisation of Brasilia subway, in Brasilia, Brazil January 22, 2018. REUTERS\/Ueslei Marcelino\" width=\"450\" height=\"300\" srcset=\"https:\/\/jornalcontato.com.br\/home\/wp-content\/uploads\/2018\/06\/Michel-Temer-450x300.jpg 450w, https:\/\/jornalcontato.com.br\/home\/wp-content\/uploads\/2018\/06\/Michel-Temer-300x200.jpg 300w, https:\/\/jornalcontato.com.br\/home\/wp-content\/uploads\/2018\/06\/Michel-Temer-768x512.jpg 768w, https:\/\/jornalcontato.com.br\/home\/wp-content\/uploads\/2018\/06\/Michel-Temer.jpg 1125w\" sizes=\"auto, (max-width: 450px) 100vw, 450px\" \/><\/a><p id=\"caption-attachment-15928\" class=\"wp-caption-text\"><em><strong>Temer mandou as fantasias reformistas para as calendas<\/strong><\/em><\/p><\/div>\n<p>Na recente revolta dos carreteiros, o Pa\u00eds parou, os pre\u00e7os de g\u00e1s de cozinha e da gasolina subiram a bel-prazer dos transportadores de cargas, que bloquearam as rodovias e provocaram pane seca e desabastecimento geral de g\u00eaneros aliment\u00edcios de primeira necessidade. As batatas sumiram at\u00e9 da mesa dos vencedores, contrariando a lei da tribo imaginada por Machado de Assis, o g\u00eanio do Cosme Velho. Ap\u00f3s ter mandado as For\u00e7as Armadas prenderem os rebelados do asfalto e n\u00e3o ter sido obedecido, decretado pris\u00f5es que a Pol\u00edcia Federal (PF) fingiu que n\u00e3o tinha de cumprir e lavrado multas que s\u00f3 ser\u00e3o cobradas quando o Pa\u00eds construir o trem bala de submetralhadoras roubadas de quartel ou contrabandeadas por traficantes, o chefe do governo instituiu a \u201cpolipartilha\u201d do poder, na qual caminhoneiros mandam, o Congresso ouve porque tem ju\u00edzo, o Executivo obedece porque n\u00e3o pode mais e o Judici\u00e1rio cala ou emite platitudes aos borbot\u00f5es por meras vaidade e insensatez. Antes, falava-se em democracia, governo do povo, e agora chegamos \u00e0 \u201cdialogocracia\u201d repetida, na qual o ex-futuro chefe e futuro ex-chefe na mesma pessoa fixa uma tabela de frete, anunciada como a mais nova \u201clei do antimercado\u201d negociada, at\u00e9 que esta seja renegada pelos mais antigos mandamentos do mercado de pulgas da reinante insensatez ruminante.<\/p>\n<p>Os pronunciamentos de brinquedo de papel mach\u00ea foram economizados ou repetidos de acordo com a conveni\u00eancia. Durante a crise na estrada, o dra. C\u00e1rmen L\u00facia, chefe suprema da Corte em que a Justi\u00e7a n\u00e3o tem dois pesos e duas medidas, mas 11 passos e 11 retrocessos, em que os maus s\u00e3o aben\u00e7oados e as pestes s\u00e3o distribu\u00eddas, fechou-se em copas, paus, ouros e espadas. No meio da refrega, fez-se ler em entrevista na qual falou sobre generalidades, mas nada disse nem lhe foi perguntado sobre a crise em que os consumidores de diesel ascenderam \u00e0 aristocracia.<\/p>\n<p><a href=\"http:\/\/jornalcontato.com.br\/home\/wp-content\/uploads\/2018\/06\/Carmem-Lucia.jpg\"><img loading=\"lazy\" decoding=\"async\" class=\"aligncenter size-full wp-image-15929\" src=\"http:\/\/jornalcontato.com.br\/home\/wp-content\/uploads\/2018\/06\/Carmem-Lucia.jpg\" alt=\"Carmem Lucia\" width=\"309\" height=\"163\" srcset=\"https:\/\/jornalcontato.com.br\/home\/wp-content\/uploads\/2018\/06\/Carmem-Lucia.jpg 309w, https:\/\/jornalcontato.com.br\/home\/wp-content\/uploads\/2018\/06\/Carmem-Lucia-300x158.jpg 300w\" sizes=\"auto, (max-width: 309px) 100vw, 309px\" \/><\/a><\/p>\n<p style=\"text-align: center;\"><em><strong>Ministra Carm\u00e9m L\u00facia fechou-se em copas, paus, ouros e espadas<\/strong><\/em><\/p>\n<p>Mas seria injusto afirmar que, findas as batalhas ap\u00f3s as quais os feridos foram meticulosamente espetados em ponta de baionetas, ela n\u00e3o se manteve silente e ausente. \u201cA constru\u00e7\u00e3o permanente do Brasil \u00e9 nossa e \u00e9 democr\u00e1tica e comprometida com a \u00e9tica. N\u00e3o h\u00e1 escolha de caminho: a democracia \u00e9 o \u00fanico caminho leg\u00edtimo. Cumprimos nosso dever com a Rep\u00fablica Federativa do Brasil. H\u00e1 de se ter serenidade, mas tamb\u00e9m rigor com o cumprimento e o respeito aos direitos, especialmente os fundamentais\u201d, afirmou C\u00e1rmen, na abertura de uma sess\u00e3o do STF, que lhe cabe presidir at\u00e9 entregar, em setembro, o bast\u00e3o ao atual vice, Dias Toffoli. No meio da balb\u00fardia generalizada de um plen\u00e1rio que n\u00e3o se entende nem sobre a dura\u00e7\u00e3o do intervalo para o cafezinho, C\u00e1rmen garantiu que essa algaravia promover\u00e1 a \u201calian\u00e7a de cidad\u00e3os\u201d, que se engalfinham nas redes sociais sobre a condu\u00e7\u00e3o dos neg\u00f3cios da Rep\u00fablica, a necessidade de a atriz mulata ser retinta para interpretar a sambista negra e as decis\u00f5es disparatadas de \u00e1rbitros sobre as regras \u201cclaras\u201d do ludop\u00e9dio.<\/p>\n<p>\u201cH\u00e1 de se ter seriedade e tamb\u00e9m manter a esperan\u00e7a. H\u00e1 de se cuidar dos direitos e tamb\u00e9m garantir os servi\u00e7os e o incans\u00e1vel combate \u00e0 corrup\u00e7\u00e3o. N\u00e3o vivemos de quimeras, embora lutemos por sonhos\u201d, disse madame presidente na qualidade de Ac\u00e1cia dos Ac\u00e1cios naquela mesma ocasi\u00e3o. Dias depois, contrataria espa\u00e7o e transporte exclusivo para ela e seus dez colegas evitarem o povo rebelde e barulhento no acesso comum aos avi\u00f5es de carreira. N\u00e3o \u00e9 sui generis o conceito de igualdade dela?<\/p>\n<p>No s\u00e1bado, 9 de junho, palestrando em Londrina, no norte do Paran\u00e1, Estado onde o juiz de primeiro grau S\u00e9rgio Moro reina porque pune, o relator da Opera\u00e7\u00e3o Lava Jato caprichou na par\u00f3dia do bom mocismo galopante dando ao \u201c\u00f3bvio ululante\u201d de que falava o g\u00eanio do teatro e da cr\u00f4nica esportiva N\u00e9lson Rodrigues a majestade do nariz de cad\u00e1ver de suas gr\u00e3-finas favoritas. Ao participar do 2.\u00ba Congresso Internacional de Ci\u00eancia Jur\u00eddica, o ministro do STF Edson Fachin obtemperou: \u201cParlamentares erram e por isso devem responder. Mas o Parlamento \u00e9 essencial \u00e0 vida democr\u00e1tica. Ju\u00edzes tamb\u00e9m erram e por isso o Estado deve responder, mas o Judici\u00e1rio \u00e9 essencial \u00e0 vida democr\u00e1tica. No Estado, administra\u00e7\u00e3o tamb\u00e9m cometem erros desde o funcion\u00e1rio mais humilde ao mais gabaritado da Na\u00e7\u00e3o. E quem erra deve responder\u201d. Fachin deu continuidade \u00e0 manifesta\u00e7\u00e3o deixando claro que considera fundamental a manuten\u00e7\u00e3o da administra\u00e7\u00e3o p\u00fablica como aparelho do Estado democr\u00e1tico. E tamb\u00e9m ponderou: \u201c\u00c9 fazendo as institui\u00e7\u00f5es funcionarem que o Brasil vai dar um futuro ao seu passado, como escreveram as professoras Heloisa Starling e Lilia Schwarcz, esta \u00faltima em uma obra importante sobre a hist\u00f3ria recente do Pa\u00eds\u201d (Brasil, uma Biografia). Talvez fosse o caso de ele empregar defini\u00e7\u00e3o mais clara e tamb\u00e9m mais escorreita a que recorreu J\u00e2nio Quadros quando questionaram sua predile\u00e7\u00e3o pela ingest\u00e3o alco\u00f3lica: \u201cBebo porque \u00e9 l\u00edquido. Se fosse s\u00f3lido, com\u00ea-lo-ia!\u201d<\/p>\n<p><a href=\"http:\/\/jornalcontato.com.br\/home\/wp-content\/uploads\/2018\/06\/Nelson-Rodrigues.jpg\"><img loading=\"lazy\" decoding=\"async\" class=\"aligncenter size-large wp-image-15930\" src=\"http:\/\/jornalcontato.com.br\/home\/wp-content\/uploads\/2018\/06\/Nelson-Rodrigues-450x252.jpg\" alt=\"Nelson Rodrigues\" width=\"450\" height=\"252\" srcset=\"https:\/\/jornalcontato.com.br\/home\/wp-content\/uploads\/2018\/06\/Nelson-Rodrigues-450x252.jpg 450w, https:\/\/jornalcontato.com.br\/home\/wp-content\/uploads\/2018\/06\/Nelson-Rodrigues-300x168.jpg 300w, https:\/\/jornalcontato.com.br\/home\/wp-content\/uploads\/2018\/06\/Nelson-Rodrigues-768x431.jpg 768w, https:\/\/jornalcontato.com.br\/home\/wp-content\/uploads\/2018\/06\/Nelson-Rodrigues-265x147.jpg 265w, https:\/\/jornalcontato.com.br\/home\/wp-content\/uploads\/2018\/06\/Nelson-Rodrigues-750x420.jpg 750w, https:\/\/jornalcontato.com.br\/home\/wp-content\/uploads\/2018\/06\/Nelson-Rodrigues.jpg 802w\" sizes=\"auto, (max-width: 450px) 100vw, 450px\" \/><\/a><\/p>\n<p style=\"text-align: center;\"><em><strong>N\u00e9lson Rodrigues, g\u00eanio do teatro e da cr\u00f4nica esportiva<\/strong><\/em><\/p>\n<p>\u00a0 \u00a0 \u00a0 \u00a0 \u00a0 Essa simplicidade c\u00f4mica do ex-presidente n\u00e3o compareceu ao texto <em>Contra not\u00edcia falsa, mais jornalismo<\/em>, da lavra do presidente do Tribunal Superior Eleitoral (TSE), tamb\u00e9m ministro do STF Luiz Fux, publicado no Estad\u00e3o (na p\u00e1gina 6 de 10 de junho), \u00e0 guisa de introduzir sua eventual participa\u00e7\u00e3o no F\u00f3rum Estad\u00e3o sobre Fake News, ao qual terminaria faltando. Segundo o doutor, \u201co jornalismo de qualidade pode incomodar, mas sua exist\u00eancia, deve ser garantida\u201d No mais l\u00eddimo estilo C\u00e1rmen L\u00facia e Fachin, Fux completou seu ros\u00e1rio de lugares comuns com um que ao menos nos consola. Assim ele concluiu o texto publicado: o TSE \u201cdefende os profissionais que lutam para promover participa\u00e7\u00e3o ativa dos cidad\u00e3os no processo democr\u00e1tico e repele qualquer tentativa de silenci\u00e1-lo\u201d. Ufa, aleluia!<\/p>\n<p>O mesmo n\u00e3o se pode dizer de seu inimigo cordial, o famigerado Gilmar Mendes, que o antecedeu na cadeira do TSE. V\u00e1rios corpos \u00e0 frente na corrida pela coroa de impopular-mor da Rep\u00fablica contra Temer, do qual \u00e9 conviva no Jaburu, Sua Excel\u00eancia capricha em atitudes antip\u00e1ticas em pronunciamentos e votos no Supremo. Recusa-se a se considerar impedido e concede habeas corpus a mancheias a parentes da mulher, Guiomar, e clientes da banca de advocacia da qual ela \u00e9 s\u00f3cia. E sempre que pode, citando ou sendo citado pelos \u201ccolegu\u00edssimos\u201d Ricardo Lewandowski e Dias Toffoli, desanca policiais, procuradores ou ju\u00edzes federais de primeira inst\u00e2ncia pelo fato de combaterem a corrup\u00e7\u00e3o com denodo, atribiuindo-lhes garras e ganas absolutistas.<\/p>\n<p><a href=\"http:\/\/jornalcontato.com.br\/home\/wp-content\/uploads\/2018\/06\/Gilmar-Mendes.jpg\"><img loading=\"lazy\" decoding=\"async\" class=\"aligncenter size-large wp-image-15931\" src=\"http:\/\/jornalcontato.com.br\/home\/wp-content\/uploads\/2018\/06\/Gilmar-Mendes-450x300.jpg\" alt=\"Gilmar Mendes\" width=\"450\" height=\"300\" srcset=\"https:\/\/jornalcontato.com.br\/home\/wp-content\/uploads\/2018\/06\/Gilmar-Mendes-450x300.jpg 450w, https:\/\/jornalcontato.com.br\/home\/wp-content\/uploads\/2018\/06\/Gilmar-Mendes-300x200.jpg 300w, https:\/\/jornalcontato.com.br\/home\/wp-content\/uploads\/2018\/06\/Gilmar-Mendes-768x512.jpg 768w, https:\/\/jornalcontato.com.br\/home\/wp-content\/uploads\/2018\/06\/Gilmar-Mendes.jpg 1500w\" sizes=\"auto, (max-width: 450px) 100vw, 450px\" \/><\/a><\/p>\n<p style=\"text-align: center;\"><em><strong>Ministro Gilmar Mendes considera-se O Supremo<\/strong><\/em><\/p>\n<p>\u00a0 \u00a0 \u00a0 \u00a0 \u00a0 Em entrevista a M\u00e1rio Vitor Rodrigues, que circula neste Portal do Estad\u00e3o de domingo, o ministro que se diz \u201cO Supremo\u201d desfiou uma s\u00e9rie de argumentos contra a simpatia do povo e a favor da impopularidade como \u00fanico instrumento vi\u00e1vel de justi\u00e7a. Por falta de espa\u00e7o, resumo todos em seis frases: \u201c\u00c9 preciso sempre advertir que se os tribunais decidem em conson\u00e2ncia com a opini\u00e3o p\u00fablica eles colocam em risco os direitos e garantias constitucionais. Hitler dizia que os tribunais nazistas traduziam o esp\u00edrito do povo\u2026 e foi o que foi. Eu cumpro esse papel com bastante tranquilidade e sei que estou honrando a minha miss\u00e3o institucional. Eu hoje disse a voc\u00ea que n\u00e3o me preocupo em fazer grandes obras, mas em evitar que se cometam cat\u00e1strofes\u201d. Quem quiser conhecer a \u00edntegra de seus argumentos sobre a g\u00eanese nazista do populismo clique no link:\u00a0<a href=\"https:\/\/brasil.estadao.com.br\/blogs\/mario-vitor-rodrigues\/entrevista-gilmar-mendes\/\">https:\/\/brasil.estadao.com.br\/blogs\/mario-vitor-rodrigues\/entrevista-gilmar-mendes\/<\/a><\/p>\n<p>Em resumo, no Brasil, se n\u00e3o \u00e9 cega, a Justi\u00e7a \u00e9 muito m\u00edope e s\u00f3 consegue enxergar o que mais apraz a quem dela se serve.<\/p>\n<p style=\"text-align: right;\"><strong><em>*Jornalista, poeta e escritor<\/em><\/strong><\/p>\n","protected":false},"excerpt":{"rendered":"<p>Como n\u00e3o se conseguem entender entre eles mesmos, ministros do STF tecem loas acacianas \u00e0 democracia, mas um deles confessa que s\u00f3 n\u00e3o ama o &#8230;<\/p>\n","protected":false},"author":1,"featured_media":15932,"comment_status":"open","ping_status":"open","sticky":false,"template":"","format":"standard","meta":{"footnotes":""},"categories":[1],"tags":[],"class_list":["post-15927","post","type-post","status-publish","format-standard","has-post-thumbnail","hentry","category-nacional"],"_links":{"self":[{"href":"https:\/\/www.jornalcontato.com.br\/home\/index.php\/wp-json\/wp\/v2\/posts\/15927","targetHints":{"allow":["GET"]}}],"collection":[{"href":"https:\/\/www.jornalcontato.com.br\/home\/index.php\/wp-json\/wp\/v2\/posts"}],"about":[{"href":"https:\/\/www.jornalcontato.com.br\/home\/index.php\/wp-json\/wp\/v2\/types\/post"}],"author":[{"embeddable":true,"href":"https:\/\/www.jornalcontato.com.br\/home\/index.php\/wp-json\/wp\/v2\/users\/1"}],"replies":[{"embeddable":true,"href":"https:\/\/www.jornalcontato.com.br\/home\/index.php\/wp-json\/wp\/v2\/comments?post=15927"}],"version-history":[{"count":1,"href":"https:\/\/www.jornalcontato.com.br\/home\/index.php\/wp-json\/wp\/v2\/posts\/15927\/revisions"}],"predecessor-version":[{"id":15933,"href":"https:\/\/www.jornalcontato.com.br\/home\/index.php\/wp-json\/wp\/v2\/posts\/15927\/revisions\/15933"}],"wp:featuredmedia":[{"embeddable":true,"href":"https:\/\/www.jornalcontato.com.br\/home\/index.php\/wp-json\/wp\/v2\/media\/15932"}],"wp:attachment":[{"href":"https:\/\/www.jornalcontato.com.br\/home\/index.php\/wp-json\/wp\/v2\/media?parent=15927"}],"wp:term":[{"taxonomy":"category","embeddable":true,"href":"https:\/\/www.jornalcontato.com.br\/home\/index.php\/wp-json\/wp\/v2\/categories?post=15927"},{"taxonomy":"post_tag","embeddable":true,"href":"https:\/\/www.jornalcontato.com.br\/home\/index.php\/wp-json\/wp\/v2\/tags?post=15927"}],"curies":[{"name":"wp","href":"https:\/\/api.w.org\/{rel}","templated":true}]}}