{"id":15923,"date":"2018-06-08T15:59:35","date_gmt":"2018-06-08T18:59:35","guid":{"rendered":"http:\/\/www.jornalcontato.com.br\/home\/?p=15923"},"modified":"2018-06-08T15:59:35","modified_gmt":"2018-06-08T18:59:35","slug":"o-fogo-incendeia-a-caretice-aquiles-do-mpb4","status":"publish","type":"post","link":"https:\/\/www.jornalcontato.com.br\/home\/index.php\/o-fogo-incendeia-a-caretice-aquiles-do-mpb4\/","title":{"rendered":"O fogo incendeia a caretice (Aquiles do MPB4*)"},"content":{"rendered":"<p>Baterista tarimbado, Alfredo Dias Gomes completa 25 anos de carreira e lan\u00e7a <em>JAM<\/em> (independente), seu nono disco. Com apenas oito faixas, todas compostas por ele \u2013 e pouco mais de 38 minutos de dura\u00e7\u00e3o \u2013, o disco de Alfredo conta com apenas dois instrumentistas al\u00e9m dele: Julio Maya (guitarra) e Marcos Bombom (contrabaixo e \u201cbaixol\u00e3o\u201d). Por ideia de Alfredo, os tr\u00eas tocam jazz rock, g\u00eanero que ele abra\u00e7ou plenamente e pelo qual se deixou influenciar e entusiasmar.<\/p>\n<p>Desde a d\u00e9cada de 1960, mas sobretudo por volta do in\u00edcio do s\u00e9culo 21, m\u00fasicos de rock passaram a incluir alguns atributos do jazz em suas composi\u00e7\u00f5es. Assim, dedicaram maior capricho a suas composi\u00e7\u00f5es, permitindo-se inclusive a improvisos. Resumindo: jazz rock \u00e9 o g\u00eanero musical que mescla, principalmente, o jazz com o roquenrrol \u2013 mas n\u00e3o exclusivamente com este: ajunta-se tamb\u00e9m ao funk e ao <em>rhythm and blues<\/em>.<\/p>\n<p>Em <em>JAM<\/em>, Alfredo consegue a proeza de traduzir com sua bateria o esp\u00edrito libert\u00e1rio do baterista panamenho Billy Cobham, m\u00fasico que ele muito admira.<\/p>\n<p><a href=\"http:\/\/jornalcontato.com.br\/home\/wp-content\/uploads\/2018\/06\/Billy-Cobham.jpg\"><img loading=\"lazy\" decoding=\"async\" class=\"aligncenter size-full wp-image-15924\" src=\"http:\/\/jornalcontato.com.br\/home\/wp-content\/uploads\/2018\/06\/Billy-Cobham.jpg\" alt=\"Billy Cobham\" width=\"300\" height=\"168\" srcset=\"https:\/\/jornalcontato.com.br\/home\/wp-content\/uploads\/2018\/06\/Billy-Cobham.jpg 300w, https:\/\/jornalcontato.com.br\/home\/wp-content\/uploads\/2018\/06\/Billy-Cobham-265x147.jpg 265w\" sizes=\"auto, (max-width: 300px) 100vw, 300px\" \/><\/a><\/p>\n<p style=\"text-align: center;\"><em><strong>Billy Cobham influenciou muito Alfredo Dias Gomes<\/strong><\/em><\/p>\n<p>Mr. Cobham come\u00e7ou tocando jazz rock com Miles Davis e participou da Mahavishnu Orchestra, outra inspira\u00e7\u00e3o de Alfredo. Tanto ele como Billy t\u00eam t\u00e9cnica apurada, valem-se igualmente de todas as pe\u00e7as do instrumento e se amarram em extensos e ricos improvisos.<\/p>\n<p>A tampa abre com o tema \u201cThe Night\u201d. Para comp\u00f4-lo, Alfredo valeu-se de um teclado (instrumento que ele usa em outras m\u00fasicas do CD). O trio toca a intro, na qual destaca-se a bateria, ora nos pratos, ora nas peles. Um <em>groove<\/em> se multiplica. A guitarra sola, enquanto a bateria a ampara. O baixo ponteia. (Na verdade, se me permitem o disparate, \u00e9 como se guitarra, bateria e baixo solassem ao mesmo tempo.) Volta o <em>groove<\/em>. Viradas variadas da bateria&#8230; e chega o final.<\/p>\n<p>Em \u201cHigh Speed\u201d, Alfredo escancara seu entusiasmo por Billy Cobham e pela Mahavishnu Orchestra. Ap\u00f3s a bateria chamar, v\u00eam o teclado e a guitarra. Como na faixa de abertura, um <em>groove<\/em> se repete. Divis\u00f5es apimentadas antecedem o solo do baixo. Os movimentos mel\u00f3dicos ressoam livres. O couro come. \u00c9 o jazz rock impondo suas min\u00facias&#8230; meu Deus!<\/p>\n<p>\u201cJam\u201d, que nomeia o CD, tem o exato sentido que o t\u00edtulo indica: uma <em>jam session<\/em> na qual o improviso de cada instrumentista foi gravado no momento mesmo de sua cria\u00e7\u00e3o. Nada mais <em>jazzy<\/em>.<\/p>\n<p>Em \u201cExperience\u201d, Alfredo optou por uma afina\u00e7\u00e3o mais aguda do que a que costuma usar nas peles de sua bateria, e, ap\u00f3s solo voluptuoso&#8230; o fim!<\/p>\n<p>\u201cThe End\u201d fecha a tampa. No est\u00fadio, com os tr\u00eas gravando ao mesmo tempo, o registro se d\u00e1 com improvisos ardentes. A for\u00e7a da pulsa\u00e7\u00e3o do tema aberto refor\u00e7a a emo\u00e7\u00e3o que irrompe ouvidos adentro desde o primeiro tema.<\/p>\n<p><em>JAM <\/em>\u00e9 um brilhante CD instrumental. Alfredo e o jazz rock s\u00e3o o fogo que incendeia a caretice. E assim, tocando com extremada compet\u00eancia, Alfredo Dias Gomes, Julio Maya e Marco Bombom d\u00e3o seus atributos para serem saboreados pelos amantes da boa m\u00fasica instrumental brasileira.<\/p>\n<p style=\"text-align: right;\"><strong><em>Aquiles Rique Reis<\/em><\/strong><em>, vocalista do MPB4<\/em><\/p>\n","protected":false},"excerpt":{"rendered":"<p>Baterista tarimbado, Alfredo Dias Gomes completa 25 anos de carreira e lan\u00e7a JAM (independente), seu nono disco. Com apenas oito faixas, todas compostas por ele &#8230;<\/p>\n","protected":false},"author":1,"featured_media":15925,"comment_status":"open","ping_status":"open","sticky":false,"template":"","format":"standard","meta":{"footnotes":""},"categories":[1],"tags":[],"class_list":["post-15923","post","type-post","status-publish","format-standard","has-post-thumbnail","hentry","category-nacional"],"_links":{"self":[{"href":"https:\/\/www.jornalcontato.com.br\/home\/index.php\/wp-json\/wp\/v2\/posts\/15923","targetHints":{"allow":["GET"]}}],"collection":[{"href":"https:\/\/www.jornalcontato.com.br\/home\/index.php\/wp-json\/wp\/v2\/posts"}],"about":[{"href":"https:\/\/www.jornalcontato.com.br\/home\/index.php\/wp-json\/wp\/v2\/types\/post"}],"author":[{"embeddable":true,"href":"https:\/\/www.jornalcontato.com.br\/home\/index.php\/wp-json\/wp\/v2\/users\/1"}],"replies":[{"embeddable":true,"href":"https:\/\/www.jornalcontato.com.br\/home\/index.php\/wp-json\/wp\/v2\/comments?post=15923"}],"version-history":[{"count":1,"href":"https:\/\/www.jornalcontato.com.br\/home\/index.php\/wp-json\/wp\/v2\/posts\/15923\/revisions"}],"predecessor-version":[{"id":15926,"href":"https:\/\/www.jornalcontato.com.br\/home\/index.php\/wp-json\/wp\/v2\/posts\/15923\/revisions\/15926"}],"wp:featuredmedia":[{"embeddable":true,"href":"https:\/\/www.jornalcontato.com.br\/home\/index.php\/wp-json\/wp\/v2\/media\/15925"}],"wp:attachment":[{"href":"https:\/\/www.jornalcontato.com.br\/home\/index.php\/wp-json\/wp\/v2\/media?parent=15923"}],"wp:term":[{"taxonomy":"category","embeddable":true,"href":"https:\/\/www.jornalcontato.com.br\/home\/index.php\/wp-json\/wp\/v2\/categories?post=15923"},{"taxonomy":"post_tag","embeddable":true,"href":"https:\/\/www.jornalcontato.com.br\/home\/index.php\/wp-json\/wp\/v2\/tags?post=15923"}],"curies":[{"name":"wp","href":"https:\/\/api.w.org\/{rel}","templated":true}]}}