{"id":15651,"date":"2018-03-15T15:54:14","date_gmt":"2018-03-15T18:54:14","guid":{"rendered":"http:\/\/www.jornalcontato.com.br\/home\/?p=15651"},"modified":"2018-03-15T15:54:14","modified_gmt":"2018-03-15T18:54:14","slug":"marielle-franco-presente-paulo-de-tarso","status":"publish","type":"post","link":"https:\/\/www.jornalcontato.com.br\/home\/index.php\/marielle-franco-presente-paulo-de-tarso\/","title":{"rendered":"Marielle Franco, PRESENTE! (Paulo de Tarso)"},"content":{"rendered":"<p style=\"text-align: center;\"><strong><em>A execu\u00e7\u00e3o da vereadora carioca eleita pelo PSOL tem semelhan\u00e7a com o assassinato de Jos\u00e9 Ismael Pedrosa, ex-diretor do Carandiru, em Sampa, e da Casa de Cust\u00f3dia de Taubat\u00e9<\/em><\/strong><\/p>\n<p>Na quarta \u00e0 noite, quando a not\u00edcia sobre a execu\u00e7\u00e3o da vereadora do PSOL, as mem\u00f3rias ressurgiram aos borbot\u00f5es. Os anos 1960\/70 voltaram \u00e0 paisagem carioca. Nos anos de chumbo, para quem lutava contra a ditadura, ficamos acostumados com a not\u00edcia sobre o desaparecimento e morte de um companheiro. E a morte em tiroteios montados ou sob a tortura tinha como origem algum aparelho da repress\u00e3o pol\u00edtica.<\/p>\n<p>As v\u00edtimas n\u00e3o tinham rosto. Por\u00e9m, os crimes cometidos pela ditadura, aos poucos, est\u00e3o sendo desvendados. Eles s\u00e3o imprescrit\u00edveis. Assim como a execu\u00e7\u00e3o de Marielle. A viol\u00eancia contra setores mais vulner\u00e1veis, em geral, \u00e9 palat\u00e1vel pela elite que representa os interesses do sistema.<\/p>\n<p><a href=\"http:\/\/jornalcontato.com.br\/home\/wp-content\/uploads\/2018\/03\/Marielle-no-ultimo-evento.jpg\"><img loading=\"lazy\" decoding=\"async\" class=\"aligncenter size-large wp-image-15656\" src=\"http:\/\/jornalcontato.com.br\/home\/wp-content\/uploads\/2018\/03\/Marielle-no-ultimo-evento-450x196.jpg\" alt=\"Marielle no ultimo evento\" width=\"450\" height=\"196\" srcset=\"https:\/\/jornalcontato.com.br\/home\/wp-content\/uploads\/2018\/03\/Marielle-no-ultimo-evento-450x196.jpg 450w, https:\/\/jornalcontato.com.br\/home\/wp-content\/uploads\/2018\/03\/Marielle-no-ultimo-evento-300x130.jpg 300w, https:\/\/jornalcontato.com.br\/home\/wp-content\/uploads\/2018\/03\/Marielle-no-ultimo-evento-768x334.jpg 768w, https:\/\/jornalcontato.com.br\/home\/wp-content\/uploads\/2018\/03\/Marielle-no-ultimo-evento.jpg 1265w\" sizes=\"auto, (max-width: 450px) 100vw, 450px\" \/><\/a><\/p>\n<p style=\"text-align: center;\"><em><strong>Marielle Franco em seu \u00faltimo evento na quarta-feita, 14<\/strong><\/em><\/p>\n<p><strong><em>Negra, moradora da Mar\u00e9, vereadora e bissexual<\/em><\/strong><\/p>\n<p>Marielle estava na fronteira. Era soci\u00f3loga, formada pela PUC-Rio, e com mestrado em Administra\u00e7\u00e3o P\u00fablica pela Universidade Federal Fluminense (UFF) com tese sobre o impacto das Unidades de Pol\u00edcia Pacificadora (UPPs) nas comunidades cariocas. Moradora do Complexo da Mar\u00e9, ela se apresentava como \u201ccria da Mar\u00e9\u201d e, em sua estreia na pol\u00edtica, durante as elei\u00e7\u00f5es 2016, elegeu-se como a quinta vereadora mais votada do Rio. Ao lado de Marcelo Freixo, seu colega de PSOL, que disputou a prefeitura carioca e foi derrotado por Marcelo Crivella no \u00faltimo pleito, Marielle coordenou a Comiss\u00e3o de Defesa dos Direitos Humanos e Cidadania da Assembleia Legislativa do Rio de Janeiro.<\/p>\n<p>Politicamente, com essas caracter\u00edsticas s\u00f3 poderia ser um partido de esquerda. Depois do desastre petista, as op\u00e7\u00f5es se estreitaram. Optou pelo PSOL, um partido criado por petistas que se desiludiram do messianismo do PT e de seu guia supremo.<\/p>\n<p>Marielle fazia parte desse novo esfor\u00e7o por um mundo mais justo. Na C\u00e2mara, dedicou seu mandato \u00e0 causa negra e aos direitos das mulheres.<\/p>\n<p><a href=\"http:\/\/jornalcontato.com.br\/home\/wp-content\/uploads\/2018\/03\/Marielle-e-Chico-Alencar.jpg\"><img loading=\"lazy\" decoding=\"async\" class=\"aligncenter size-full wp-image-15653\" src=\"http:\/\/jornalcontato.com.br\/home\/wp-content\/uploads\/2018\/03\/Marielle-e-Chico-Alencar.jpg\" alt=\"Marielle e Chico Alencar\" width=\"300\" height=\"168\" srcset=\"https:\/\/jornalcontato.com.br\/home\/wp-content\/uploads\/2018\/03\/Marielle-e-Chico-Alencar.jpg 300w, https:\/\/jornalcontato.com.br\/home\/wp-content\/uploads\/2018\/03\/Marielle-e-Chico-Alencar-265x147.jpg 265w\" sizes=\"auto, (max-width: 300px) 100vw, 300px\" \/><\/a><\/p>\n<p style=\"text-align: center;\"><em><strong>Vereadora Marielle com o deputado federal Chico Alencar<\/strong><\/em><\/p>\n<p>Na ter\u00e7a-feira, 13, publicou nas redes sociais: \u201cQuantos mais v\u00e3o precisar morrer para que essa guerra acabe?\u201d<\/p>\n<p>No dia seguinte, leu em portugu\u00eas e ingl\u00eas a famosa cita\u00e7\u00e3o da escritora americana negra, feminista e gay Audre Lorde, e encerrou sua participa\u00e7\u00e3o no debate Jovens Negras Movendo as Estruturas, organizado pelo PSOL, e que acabara de mediar na noite desta quarta. E a fez lembrar, disse, como a autoidentifica\u00e7\u00e3o \u00e9 fundamental: &#8220;O lugar de mulher, mulher negra, bissexual, agora estou casada com uma mulher, mas tenho uma filha. Dessas muitas representa\u00e7\u00f5es a gente vai aprendendo, conhecendo e estudando mais.&#8221;<\/p>\n<p>Esse crime aconteceu nas barbas da for\u00e7a respons\u00e1vel pela interven\u00e7\u00e3o militar\/federal da capital fluminense.<\/p>\n<p><a href=\"http:\/\/jornalcontato.com.br\/home\/wp-content\/uploads\/2018\/03\/Carro-de-Marielle.jpg\"><img loading=\"lazy\" decoding=\"async\" class=\"aligncenter size-large wp-image-15654\" src=\"http:\/\/jornalcontato.com.br\/home\/wp-content\/uploads\/2018\/03\/Carro-de-Marielle-450x300.jpg\" alt=\"Carro de Marielle\" width=\"450\" height=\"300\" srcset=\"https:\/\/jornalcontato.com.br\/home\/wp-content\/uploads\/2018\/03\/Carro-de-Marielle-450x300.jpg 450w, https:\/\/jornalcontato.com.br\/home\/wp-content\/uploads\/2018\/03\/Carro-de-Marielle-300x200.jpg 300w, https:\/\/jornalcontato.com.br\/home\/wp-content\/uploads\/2018\/03\/Carro-de-Marielle-768x512.jpg 768w, https:\/\/jornalcontato.com.br\/home\/wp-content\/uploads\/2018\/03\/Carro-de-Marielle.jpg 1920w\" sizes=\"auto, (max-width: 450px) 100vw, 450px\" \/><\/a><\/p>\n<p style=\"text-align: center;\"><em><strong>Sob per\u00edcia: carro onde Marielle e seu motorista Anderson Gomes foram executados<\/strong><\/em><\/p>\n<p><strong>PCC teria nascido em Taubat\u00e9<\/strong><\/p>\n<p>\u00c9 um alerta para os taubateanos que testemunham a in\u00e9rcia das autoridades locais. H\u00e1 ind\u00edcios acachapantes sobre a constru\u00e7\u00e3o de um poder paralelo nas \u201ccomunidades\u201d locais controladas por mil\u00edcias, policiais civis e militares.<\/p>\n<p>Assim como j\u00e1 existem registros liter\u00e1rios sobre a cria\u00e7\u00e3o do PCC (Primeiro Comando da Capital) no sistema penitenci\u00e1rio nas fronteiras de Taubat\u00e9, Trememb\u00e9 e Pinda.<\/p>\n<p><a href=\"http:\/\/jornalcontato.com.br\/home\/wp-content\/uploads\/2018\/03\/Jose-Ismael-Pedrosa.jpg\"><img loading=\"lazy\" decoding=\"async\" class=\"aligncenter size-full wp-image-15655\" src=\"http:\/\/jornalcontato.com.br\/home\/wp-content\/uploads\/2018\/03\/Jose-Ismael-Pedrosa.jpg\" alt=\"Jose Ismael Pedrosa\" width=\"350\" height=\"300\" srcset=\"https:\/\/jornalcontato.com.br\/home\/wp-content\/uploads\/2018\/03\/Jose-Ismael-Pedrosa.jpg 350w, https:\/\/jornalcontato.com.br\/home\/wp-content\/uploads\/2018\/03\/Jose-Ismael-Pedrosa-300x257.jpg 300w\" sizes=\"auto, (max-width: 350px) 100vw, 350px\" \/><\/a><\/p>\n<p style=\"text-align: center;\"><em><strong>Pedrosa foi diretor do Carandiru at\u00e9 o massacre de 1990<\/strong><\/em><\/p>\n<p>O ex-diretor do antigo pres\u00eddio do Carandiru, em S\u00e3o Paulo e da Casa de Cust\u00f3dia local, Jos\u00e9 Ismael Pedrosa, negava essa vers\u00e3o. Pouco dias depois de uma entrevista exclusiva ao Jornal CONTATO, no dia 23 de outubro de 2005, um domingo, ele foi assassinado na rua 15 de novembro, quase esquina com a rua Coronel Augusto Monteiro. Pedrosa dirigia seu carro quando foi atingido por diversos tiros, disparados de um carro ocupado por tr\u00eas criminosos.<\/p>\n<p>A participa\u00e7\u00e3o de agentes de Prefeitura na desocupa\u00e7\u00e3o for\u00e7ada de moradores de dois conjuntos habitacionais na regi\u00e3o do Barreiro para abrigar policiais civis e militares pode ser o embri\u00e3o do poder paralelo comandado por milicianos.<\/p>\n<p>O assassino de Pedrosa nunca foi desvendado. Tomara que n\u00e3o aconte\u00e7a o mesmo com os atores e mandantes da execu\u00e7\u00e3o de Marielle Franco.<\/p>\n","protected":false},"excerpt":{"rendered":"<p>A execu\u00e7\u00e3o da vereadora carioca eleita pelo PSOL tem semelhan\u00e7a com o assassinato de Jos\u00e9 Ismael Pedrosa, ex-diretor do Carandiru, em Sampa, e da Casa &#8230;<\/p>\n","protected":false},"author":1,"featured_media":15657,"comment_status":"open","ping_status":"open","sticky":false,"template":"","format":"standard","meta":{"footnotes":""},"categories":[1],"tags":[],"class_list":["post-15651","post","type-post","status-publish","format-standard","has-post-thumbnail","hentry","category-nacional"],"_links":{"self":[{"href":"https:\/\/www.jornalcontato.com.br\/home\/index.php\/wp-json\/wp\/v2\/posts\/15651","targetHints":{"allow":["GET"]}}],"collection":[{"href":"https:\/\/www.jornalcontato.com.br\/home\/index.php\/wp-json\/wp\/v2\/posts"}],"about":[{"href":"https:\/\/www.jornalcontato.com.br\/home\/index.php\/wp-json\/wp\/v2\/types\/post"}],"author":[{"embeddable":true,"href":"https:\/\/www.jornalcontato.com.br\/home\/index.php\/wp-json\/wp\/v2\/users\/1"}],"replies":[{"embeddable":true,"href":"https:\/\/www.jornalcontato.com.br\/home\/index.php\/wp-json\/wp\/v2\/comments?post=15651"}],"version-history":[{"count":1,"href":"https:\/\/www.jornalcontato.com.br\/home\/index.php\/wp-json\/wp\/v2\/posts\/15651\/revisions"}],"predecessor-version":[{"id":15658,"href":"https:\/\/www.jornalcontato.com.br\/home\/index.php\/wp-json\/wp\/v2\/posts\/15651\/revisions\/15658"}],"wp:featuredmedia":[{"embeddable":true,"href":"https:\/\/www.jornalcontato.com.br\/home\/index.php\/wp-json\/wp\/v2\/media\/15657"}],"wp:attachment":[{"href":"https:\/\/www.jornalcontato.com.br\/home\/index.php\/wp-json\/wp\/v2\/media?parent=15651"}],"wp:term":[{"taxonomy":"category","embeddable":true,"href":"https:\/\/www.jornalcontato.com.br\/home\/index.php\/wp-json\/wp\/v2\/categories?post=15651"},{"taxonomy":"post_tag","embeddable":true,"href":"https:\/\/www.jornalcontato.com.br\/home\/index.php\/wp-json\/wp\/v2\/tags?post=15651"}],"curies":[{"name":"wp","href":"https:\/\/api.w.org\/{rel}","templated":true}]}}