{"id":15577,"date":"2018-02-22T16:35:12","date_gmt":"2018-02-22T19:35:12","guid":{"rendered":"http:\/\/www.jornalcontato.com.br\/home\/?p=15577"},"modified":"2018-02-22T16:35:12","modified_gmt":"2018-02-22T19:35:12","slug":"a-eterna-aracy-de-almeida-aquiles-do-mpb4","status":"publish","type":"post","link":"https:\/\/www.jornalcontato.com.br\/home\/index.php\/a-eterna-aracy-de-almeida-aquiles-do-mpb4\/","title":{"rendered":"A ETERNA ARACY DE ALMEIDA (AQUILES DO MPB4)"},"content":{"rendered":"<p>Hoje conversaremos sobre o CD <em>Aracy de Almeida \u2013<\/em> <em>A Rainha dos Parangol\u00e9s<\/em> (Acari Records), uma sincera homenagem prestada pelo cantor Marcos Sacramento e pelo violonista Luiz Flavio Alcofra a Aracy de Almeida.<\/p>\n<p>O \u00e1lbum \u00e9 fruto de um projeto encomendado pelo SESC Belenzinho a Herm\u00ednio Bello de Carvalho em 2014 \u2013 um espet\u00e1culo comemorativo do centen\u00e1rio de nascimento de sua grande amiga Aracy de Almeida \u2013, evento que ele roteirizou e dirigiu.<\/p>\n<p>Lembro: o Teatro Opini\u00e3o, no final de 1965, tenta lan\u00e7ar <em>Brasil Pede Passagem<\/em>, logo proibida pela censura. Para substitu\u00ed-la, foi criado o show musical <em>Samba Pede Passagem<\/em>.<\/p>\n<p>Aqui minha mem\u00f3ria se abre: junto com Aracy de Almeida, Ismael Silva, Baden Powell, o flautista Carlos Poyares, o Conjunto Samba Aut\u00eantico (Tiana, Edgar Barbosa, Bil\u00fa, H\u00e9lio Cabral, Sidoca e Jo\u00e3o Laurindo), o Grupo Mensagem (Soninha Ferreira, Sidney Miller, Paulo Thiago, Luis Carlos S\u00e1 e Marco Ant\u00f4nio) e o Grupo Partido Alto (Padeirinho, Jorge Zagaia, Lel\u00e9u da Mangueira e Bidi), l\u00e1 estava o MPB4.<\/p>\n<p>No show, convivendo com esses monstros, o que muito me honrava e ampliava meus horizontes musicais, conheci Herm\u00ednio Bello de Carvalho \u2013 desde ent\u00e3o, admiro-o muito.<\/p>\n<p>Emocionado, convido-os, leitores, a dividir comigo a magia de um CD espl\u00eandido que joga luz sobre Aracy de Almeida, a \u201cArquiduquesa do Encantado\u201d (como Herm\u00ednio carinhosamente tamb\u00e9m a chama), uma das maiores cantoras brasileiras.<\/p>\n<p>Admiro Marcos Sacramento por ter incorporado a alma de Aracy. Grande cantor que \u00e9, suas divis\u00f5es r\u00edtmicas atestam o carinho pela cantora que sempre primou pelo jeito esperto de \u201cdividir\u201d os sambas. Encarnar o espirito libert\u00e1rio do cantar de Aracy de Almeida faz dele um ainda melhor e maior cantor.<\/p>\n<p>Admiro Luiz Flavio Alcofra e seu viol\u00e3o, de som l\u00edmpido e virtuoso, com o qual brilha nas dezoito m\u00fasicas escolhidas a dedo do repert\u00f3rio de Aracy. Aprecio, e muito, seus bord\u00f5es, seus fraseados, suas harmonias. Todo sentimento, todo rever\u00eancia, tudo vem de seus dedos no viol\u00e3o.<\/p>\n<p>Dentre outras m\u00fasicas, admiro os dois pela interpreta\u00e7\u00e3o emocionada de \u201cTriste Cu\u00edca\u201d (Noel Rosa e Herv\u00e9 Cordovil), \u201cO Orvalho Vem Caindo\u201d (Noel e Kid Pepe), \u201cEngomadinho\u201d (Pedro Caetano e Claudionor Cruz) e \u201cAdeus, Adeus\u201d (Noel, Ismael Silva e Francisco Alves). Tamb\u00e9m por \u201cFilosofia\u201d (Noel e Andr\u00e9 Filho), \u201cCamisa Amarela\u201d (Ari Barroso) e \u201cLouco \u2013 Ela \u00e9 seu mundo\u201d (Wilson Batista e Henrique de Almeida), cujas divis\u00f5es de Sacramento incorporam as que Aracy, provavelmente, n\u00e3o s\u00f3 aplaudiria como dividiria de maneira parecida, e, por fim, pelos comoventes \u201c\u00daltimo Desejo\u201d (Vadico e Noel) e \u201cTem Pena de Mim (Herv\u00e9 Cordovil). Em todas ouve-se o desejo de demonstrar o qu\u00ea Herm\u00ednio lhes pediu: tocar a grandeza de Aracy de Almeida.<\/p>\n<p>Ouvindo a linda homenagem prestada a ela por Herm\u00ednio, Marcos e Luiz, sinto um imenso carinho por eles.<\/p>\n<p>E a todos os que aqui citei, desde os que j\u00e1 se foram at\u00e9 os que ainda hoje fazem da m\u00fasica seu of\u00edcio, o meu respeito.<\/p>\n<p style=\"text-align: right;\"><strong><em>Aquiles Rique Reis<\/em><\/strong><em>, vocalista do MPB4<\/em><\/p>\n","protected":false},"excerpt":{"rendered":"<p>Hoje conversaremos sobre o CD Aracy de Almeida \u2013 A Rainha dos Parangol\u00e9s (Acari Records), uma sincera homenagem prestada pelo cantor Marcos Sacramento e pelo &#8230;<\/p>\n","protected":false},"author":1,"featured_media":15578,"comment_status":"open","ping_status":"open","sticky":false,"template":"","format":"standard","meta":{"footnotes":""},"categories":[1],"tags":[],"class_list":["post-15577","post","type-post","status-publish","format-standard","has-post-thumbnail","hentry","category-nacional"],"_links":{"self":[{"href":"https:\/\/www.jornalcontato.com.br\/home\/index.php\/wp-json\/wp\/v2\/posts\/15577","targetHints":{"allow":["GET"]}}],"collection":[{"href":"https:\/\/www.jornalcontato.com.br\/home\/index.php\/wp-json\/wp\/v2\/posts"}],"about":[{"href":"https:\/\/www.jornalcontato.com.br\/home\/index.php\/wp-json\/wp\/v2\/types\/post"}],"author":[{"embeddable":true,"href":"https:\/\/www.jornalcontato.com.br\/home\/index.php\/wp-json\/wp\/v2\/users\/1"}],"replies":[{"embeddable":true,"href":"https:\/\/www.jornalcontato.com.br\/home\/index.php\/wp-json\/wp\/v2\/comments?post=15577"}],"version-history":[{"count":1,"href":"https:\/\/www.jornalcontato.com.br\/home\/index.php\/wp-json\/wp\/v2\/posts\/15577\/revisions"}],"predecessor-version":[{"id":15579,"href":"https:\/\/www.jornalcontato.com.br\/home\/index.php\/wp-json\/wp\/v2\/posts\/15577\/revisions\/15579"}],"wp:featuredmedia":[{"embeddable":true,"href":"https:\/\/www.jornalcontato.com.br\/home\/index.php\/wp-json\/wp\/v2\/media\/15578"}],"wp:attachment":[{"href":"https:\/\/www.jornalcontato.com.br\/home\/index.php\/wp-json\/wp\/v2\/media?parent=15577"}],"wp:term":[{"taxonomy":"category","embeddable":true,"href":"https:\/\/www.jornalcontato.com.br\/home\/index.php\/wp-json\/wp\/v2\/categories?post=15577"},{"taxonomy":"post_tag","embeddable":true,"href":"https:\/\/www.jornalcontato.com.br\/home\/index.php\/wp-json\/wp\/v2\/tags?post=15577"}],"curies":[{"name":"wp","href":"https:\/\/api.w.org\/{rel}","templated":true}]}}