{"id":15535,"date":"2018-02-19T08:55:12","date_gmt":"2018-02-19T11:55:12","guid":{"rendered":"http:\/\/www.jornalcontato.com.br\/home\/?p=15535"},"modified":"2018-02-19T19:09:54","modified_gmt":"2018-02-19T22:09:54","slug":"enquanto-agonizo-paulo-delgado","status":"publish","type":"post","link":"https:\/\/www.jornalcontato.com.br\/home\/index.php\/enquanto-agonizo-paulo-delgado\/","title":{"rendered":"Enquanto agonizo (Paulo Delgado*)"},"content":{"rendered":"<p>Sem citar o nome do ex-presidente Lu\u00eds In\u00e1cio Lua da Silva,\u00a0Paulo Delgado escreveu um artigo para o Estad\u00e3o em 14 de fevereiro com cr\u00edticas a Lula e ao PT. <!--more-->Delgado \u00e9 um dos fundadores do Partido dos Trabalhadores, ex-deputado federal constituinte, com seis mandatos pelo PT de Minas Gerais, al\u00e9m de soci\u00f3logo e cientista pol\u00edtico.<\/p>\n<p>Longe dos lugares comuns de uma direita raivosa, toma emprestado o t\u00edtulo do livro de Willian Faulkner, <strong><em>Enquanto Agonizo<\/em><\/strong>, para analisar o que se passa no PT, na cabe\u00e7a do ex-presidente e no Pa\u00eds. Compara com contund\u00eancia o comportamento de Lula ao de \u201cum pai brutal\u201d, personagem de Faulkner, que \u201cimp\u00f5e a todos um enterro sem fim, n\u00e3o deixando a vida de ningu\u00e9m fluir sem ter de pensar no seu ego\u00edsmo doentio\u201d.<\/p>\n<p>E lamenta que o ex-presidente n\u00e3o tenha sido capaz de suportar o sucesso com mais honestidade e a adversidade com mais autocontrole. Confira!<\/p>\n<p style=\"text-align: center;\"><strong>Enquanto agonizo<\/strong><\/p>\n<p style=\"text-align: center;\"><strong><em>O que \u2018o l\u00edder\u2019 quer \u00e9 fugir da responsabilidade confinado na condi\u00e7\u00e3o de perseguido<\/em><\/strong><\/p>\n<p>Ele se amontoa sobre o pa\u00eds. Hiperrealiza seus desejos, usa aliados como esc\u00f3ria. Sem \u00e1libi, mandou o genro do compadre desqualificar a acusa\u00e7\u00e3o, e deu errado. Segue trabalhando mal o luto. Um voo t\u00e3o alto, uma queda t\u00e3o grande. Revelou-se pol\u00edtico de comodidade, tirou vantagem da desonestidade e alega princ\u00edpios para abafar inconveni\u00eancias. Chegou ao limite de querer aproveitar da pr\u00f3pria decad\u00eancia.<\/p>\n<p>Um grupo e ele saem do F\u00f3rum seguindo na dire\u00e7\u00e3o do passeio. Embora v\u00e1rios do cortejo sejam mais altos e estejam \u00e0 frente dele, qualquer pessoa que os observe do outro lado da rua pode ver a cabe\u00e7a dele ultrapassando por uma cabe\u00e7a a dos seus apoiadores. N\u00e3o \u00e9 perspectiva, \u00e9 subalternidade. Lembra livro de Willian Faulkner, Enquanto Agonizo, onde um pai brutal imp\u00f5e a todos um enterro sem fim, n\u00e3o deixando a vida de ningu\u00e9m fluir sem ter de pensar no seu ego\u00edsmo doentio.<\/p>\n<p>A cal\u00e7ada, esturricada pelos pis\u00f5es do povo e pedras soltas, segue reta como um fio de prumo at\u00e9 o p\u00e9 do avi\u00e3o emprestado onde ele os deixar\u00e1, indiferente aos terrenos resvalantes que o levaram a escorregar. Antes de embarcar, mirando o dil\u00favio, determina: meu reino por minha vitimiza\u00e7\u00e3o, fa\u00e7am ferver o cora\u00e7\u00e3o, vai ser longa a condol\u00eancia. Preparem o caix\u00e3o e, se der certo, enterrem, com a toga preta do Supremo, o princ\u00edpio da igualdade de todos perante a lei.<\/p>\n<p><a href=\"http:\/\/jornalcontato.com.br\/home\/wp-content\/uploads\/2018\/02\/Doutor-Honoris-Causa-cortada.jpg\"><img loading=\"lazy\" decoding=\"async\" class=\"aligncenter size-full wp-image-15537\" src=\"http:\/\/jornalcontato.com.br\/home\/wp-content\/uploads\/2018\/02\/Doutor-Honoris-Causa-cortada.jpg\" alt=\"Doutor Honoris Causa cortada\" width=\"399\" height=\"306\" srcset=\"https:\/\/jornalcontato.com.br\/home\/wp-content\/uploads\/2018\/02\/Doutor-Honoris-Causa-cortada.jpg 399w, https:\/\/jornalcontato.com.br\/home\/wp-content\/uploads\/2018\/02\/Doutor-Honoris-Causa-cortada-300x230.jpg 300w\" sizes=\"auto, (max-width: 399px) 100vw, 399px\" \/><\/a><\/p>\n<p style=\"text-align: center;\"><em><strong>A abund\u00e2ncia de diploma acaba com o diploma<\/strong><\/em><\/p>\n<p>Alguns aliados n\u00e3o aduladores sentiram que havia alguma coisa ruim. Nem em sil\u00eancio era razo\u00e1vel aquela insensatez de celebrar como triunfo uma calamidade. Nem apropriado apiedar-se de um pol\u00edtico mais que do povo. Uns diziam que era anomalia necrol\u00f3gio de homem vivo; outros, que n\u00e3o se chama crime de persegui\u00e7\u00e3o; todos julgavam sinistro candidato cuja gl\u00f3ria \u00e9 ser condenado por mentir.<\/p>\n<p>Ele estava se esvaziando rapidamente. Um tique nervoso, fruto de soberba banal, o levava a referir-se a si mesmo na terceira pessoa. \u201cN\u00e3o h\u00e1 qualquer rival de \u2018o l\u00edder\u2019 em todo o firmamento.\u201d Era assim mesmo que se chamava, \u201co l\u00edder\u201d, apelido privado que incorporou ao nome, marca da sua ambiguidade p\u00fablica.<\/p>\n<p>Como numa piada, arrumou advogado na ONU. Sentia-se um pa\u00eds. N\u00e3o queria mais suar. Botaram na cabe\u00e7a dele que se \u00e9 vontade de Deus que as pessoas tenham opini\u00e3o diferente sobre honestidade n\u00e3o cabe a ele discutir des\u00edgnios divinos. Suas proezas entardeceram e come\u00e7aram a alimentar uma ordem pol\u00edtica incapaz de produzir valores sociais. Vazio, deixou-se preencher pelo maior valor do mundo moderno, o ouro de tolo, que lambuza no presente a consequ\u00eancia do futuro.<\/p>\n<p><a href=\"http:\/\/jornalcontato.com.br\/home\/wp-content\/uploads\/2018\/02\/Lula-e-Petrobras.jpg\"><img loading=\"lazy\" decoding=\"async\" class=\"aligncenter size-full wp-image-15538\" src=\"http:\/\/jornalcontato.com.br\/home\/wp-content\/uploads\/2018\/02\/Lula-e-Petrobras.jpg\" alt=\"Lula e Petrobras\" width=\"290\" height=\"174\" \/><\/a><\/p>\n<p style=\"text-align: center;\"><em><strong>Pensou que a Petrobras era sua<\/strong><\/em><\/p>\n<p>Quando mais se encheu de medalhas, mas se esvaziou de ideias. \u201cA abund\u00e2ncia de diploma acaba com o diploma\u201d, algu\u00e9m alertou, e foi expulso da sala. E uma pessoa vazia na pol\u00edtica n\u00e3o \u00e9 mais um pol\u00edtico. Enchendo-se de autoelogios e f\u00faria, logo ele n\u00e3o sabe se \u00e9 ou n\u00e3o \u00e9, ou que \u00e9 que de fato \u00e9. Saiu do trilho, aumentou necessidades, at\u00e9 que as d\u00e1divas deram por conhecidos seus favores.<\/p>\n<p>Enfraqueceu a autoridade por seu abuso e o h\u00e1bito de confundir poder com rela\u00e7\u00e3o e intimidade. No mundo das decis\u00f5es apressadas, dissimula\u00e7\u00f5es, das interdi\u00e7\u00f5es sobre as quais ningu\u00e9m tem dom\u00ednio, da liberdade irrespons\u00e1vel de ser o que voc\u00ea quiser ser, a transgress\u00e3o percebeu a melhor das converg\u00eancias. Com a autoridade participando, o erro ganha mais velocidade.<\/p>\n<p>Seu talento para a evas\u00e3o o tornou conhecido como aquele pol\u00edtico \u201cveloz estruturador de neg\u00f3cios e solu\u00e7\u00f5es\u201d. Logo que recebeu a resposta da carta enviada aos brasileiros donos de banco, escrita em ingl\u00eas, percebeu que pecado-salva\u00e7\u00e3o \u00e9 mera quest\u00e3o de palavra. Harmonizou-se com a parceria de talentosos ocultadores de inten\u00e7\u00f5es para montar as ladainhas, a lenga-lenga a que deu o nome de pol\u00edtica de governo.<\/p>\n<p>Quando a Justi\u00e7a abriu a porta dos seus transtornos desesperadores, ele j\u00e1 havia ca\u00eddo na mais sedutora armadilha da pol\u00edtica atual, o dinheiro f\u00e1cil, e n\u00e3o quis reconhecer o que fez. Saiu em desespero para pagar a promessa de 40 anos atr\u00e1s. Mas sem dizer o que deveria ter dito ao juiz \u2013 o que o deteria na certeza de que alcan\u00e7ar seu objetivo primordial de ser respeitado, ser alguma coisa nova, \u00e9 que compunha seu \u00e9lan vital \u2013 pressup\u00f4s que a condi\u00e7\u00e3o de v\u00edtima evitaria o caminho da desmoraliza\u00e7\u00e3o. Ele voltou a suar, como se estivesse espumando, feito um cavalo desembestado, convocou adoradores, dependentes, para a velha modalidade de a\u00e7\u00e3o heroica \u2013 camisa de partido, candidatura, com\u00edcio, farisa\u00edsmo \u2013 na tentativa desesperada de incinerar a senten\u00e7a e botar fogo na pavorosa jornada da Justi\u00e7a de ousar apontar o dedo para quem sempre fez o que quis e nunca foi t\u00e3o adequadamente contrariado.<\/p>\n<p><a href=\"http:\/\/jornalcontato.com.br\/home\/wp-content\/uploads\/2018\/02\/Lula-e-Cabral.jpg\"><img loading=\"lazy\" decoding=\"async\" class=\"aligncenter size-large wp-image-15539\" src=\"http:\/\/jornalcontato.com.br\/home\/wp-content\/uploads\/2018\/02\/Lula-e-Cabral-450x287.jpg\" alt=\"Lula e Cabral\" width=\"450\" height=\"287\" srcset=\"https:\/\/jornalcontato.com.br\/home\/wp-content\/uploads\/2018\/02\/Lula-e-Cabral-450x287.jpg 450w, https:\/\/jornalcontato.com.br\/home\/wp-content\/uploads\/2018\/02\/Lula-e-Cabral-300x191.jpg 300w, https:\/\/jornalcontato.com.br\/home\/wp-content\/uploads\/2018\/02\/Lula-e-Cabral.jpg 680w\" sizes=\"auto, (max-width: 450px) 100vw, 450px\" \/><\/a><\/p>\n<p style=\"text-align: center;\"><em><strong>Prevaleceu o novo amigo<\/strong><\/em><\/p>\n<p>Quando ouviu \u201cestamos aqui e voc\u00ea tem de lidar conosco\u201d, percebeu que escondera dos amigos o que os inimigos j\u00e1 sabiam. Falhou em grandeza, foi-se a profecia. Quem dera fosse capaz de suportar o sucesso com mais honestidade e a adversidade com mais autocontrole.<\/p>\n<p>Um partido de esquerda moderno e com capacidade de di\u00e1logo deve parar de tratar de forma errada o erro. E reconhecer que um per\u00edodo de governo com um presidente deposto, tr\u00eas ex-presidentes da C\u00e2mara, senadores e in\u00fameros ministros de Estado presos ou processados, dirigentes partid\u00e1rios e governadores confinados ou envolvidos, a maior empresa do Pa\u00eds dilapidada, a autoridade ol\u00edmpica nacional presa, o bilion\u00e1rio do per\u00edodo encarcerado, a Copa investigada, fundos de pens\u00e3o arruinados, o BNDES um clube de amigos, grandes empres\u00e1rios condenados, frugal intimidade com ditadores, etc., n\u00e3o foi um per\u00edodo virtuoso.<\/p>\n<p>O que \u201co l\u00edder\u201d quer \u00e9 o refluxo da identidade perdida, fugir da responsabilidade confinado na condi\u00e7\u00e3o de perseguido. Pelo alto, espalha simulacros de habeas corpus, certo de que a Justi\u00e7a dos privilegiados prevalece e o ressuscita, como L\u00e1zaro. Por baixo, mant\u00e9m agitada a agonia, seguro de que a manipula\u00e7\u00e3o do povo reabsorve a desordem que ele criou e a dissolve na sociedade at\u00e9 sumir sua autoria.<\/p>\n<p style=\"text-align: right;\"><em><strong>* Soci\u00f3logo, \u00e9 copresidente do Conselho de Economia, Sociologia e Pol\u00edtica da Fecomercio-SP. <\/strong><\/em><\/p>\n<p style=\"text-align: right;\"><em><strong>E-mail: contato@paulodelgado.com.br<\/strong><\/em><\/p>\n<p style=\"text-align: center;\"><a href=\"http:\/\/jornalcontato.com.br\/home\/wp-content\/uploads\/2018\/02\/Lei-Paulo-Delgado-recortada.jpg\"><img loading=\"lazy\" decoding=\"async\" class=\"aligncenter size-large wp-image-15541\" src=\"http:\/\/jornalcontato.com.br\/home\/wp-content\/uploads\/2018\/02\/Lei-Paulo-Delgado-recortada-450x197.jpg\" alt=\"Lei Paulo Delgado recortada\" width=\"450\" height=\"197\" srcset=\"https:\/\/jornalcontato.com.br\/home\/wp-content\/uploads\/2018\/02\/Lei-Paulo-Delgado-recortada-450x197.jpg 450w, https:\/\/jornalcontato.com.br\/home\/wp-content\/uploads\/2018\/02\/Lei-Paulo-Delgado-recortada-300x131.jpg 300w, https:\/\/jornalcontato.com.br\/home\/wp-content\/uploads\/2018\/02\/Lei-Paulo-Delgado-recortada.jpg 634w\" sizes=\"auto, (max-width: 450px) 100vw, 450px\" \/><\/a><\/p>\n","protected":false},"excerpt":{"rendered":"<p>Sem citar o nome do ex-presidente Lu\u00eds In\u00e1cio Lua da Silva,\u00a0Paulo Delgado escreveu um artigo para o Estad\u00e3o em 14 de fevereiro com cr\u00edticas a &#8230;<\/p>\n","protected":false},"author":1,"featured_media":15536,"comment_status":"open","ping_status":"open","sticky":false,"template":"","format":"standard","meta":{"footnotes":""},"categories":[1],"tags":[],"class_list":["post-15535","post","type-post","status-publish","format-standard","has-post-thumbnail","hentry","category-nacional"],"_links":{"self":[{"href":"https:\/\/www.jornalcontato.com.br\/home\/index.php\/wp-json\/wp\/v2\/posts\/15535","targetHints":{"allow":["GET"]}}],"collection":[{"href":"https:\/\/www.jornalcontato.com.br\/home\/index.php\/wp-json\/wp\/v2\/posts"}],"about":[{"href":"https:\/\/www.jornalcontato.com.br\/home\/index.php\/wp-json\/wp\/v2\/types\/post"}],"author":[{"embeddable":true,"href":"https:\/\/www.jornalcontato.com.br\/home\/index.php\/wp-json\/wp\/v2\/users\/1"}],"replies":[{"embeddable":true,"href":"https:\/\/www.jornalcontato.com.br\/home\/index.php\/wp-json\/wp\/v2\/comments?post=15535"}],"version-history":[{"count":3,"href":"https:\/\/www.jornalcontato.com.br\/home\/index.php\/wp-json\/wp\/v2\/posts\/15535\/revisions"}],"predecessor-version":[{"id":15555,"href":"https:\/\/www.jornalcontato.com.br\/home\/index.php\/wp-json\/wp\/v2\/posts\/15535\/revisions\/15555"}],"wp:featuredmedia":[{"embeddable":true,"href":"https:\/\/www.jornalcontato.com.br\/home\/index.php\/wp-json\/wp\/v2\/media\/15536"}],"wp:attachment":[{"href":"https:\/\/www.jornalcontato.com.br\/home\/index.php\/wp-json\/wp\/v2\/media?parent=15535"}],"wp:term":[{"taxonomy":"category","embeddable":true,"href":"https:\/\/www.jornalcontato.com.br\/home\/index.php\/wp-json\/wp\/v2\/categories?post=15535"},{"taxonomy":"post_tag","embeddable":true,"href":"https:\/\/www.jornalcontato.com.br\/home\/index.php\/wp-json\/wp\/v2\/tags?post=15535"}],"curies":[{"name":"wp","href":"https:\/\/api.w.org\/{rel}","templated":true}]}}