{"id":15455,"date":"2017-12-15T12:50:00","date_gmt":"2017-12-15T15:50:00","guid":{"rendered":"http:\/\/www.jornalcontato.com.br\/home\/?p=15455"},"modified":"2017-12-15T12:50:00","modified_gmt":"2017-12-15T15:50:00","slug":"antecipando-o-balanco-semanal-da-redacao","status":"publish","type":"post","link":"https:\/\/www.jornalcontato.com.br\/home\/index.php\/antecipando-o-balanco-semanal-da-redacao\/","title":{"rendered":"Antecipando o balan\u00e7o semanal (da reda\u00e7\u00e3o)"},"content":{"rendered":"<p style=\"text-align: center;\"><em><strong>Confira alguns temperos que sair\u00e3o na revista VEJA dessa semana e selecionados pelo O Antagonista sobre a parceria de Gilmar Mendes com Joesley Batista e encerra com o potencial eleitoral do mago Henrique Meirelles para presidente<\/strong><\/em><\/p>\n<p><strong>Gilmar Mendes: \u201cN\u00e3o me lembro. Nunca.\u201d<\/strong><\/p>\n<p>Entre 2008 e 2016, Gilmar Mendes recebeu 7,5 milh\u00f5es de reais do IDP, diz a Veja. S\u00f3 no ano passado, foram 900 mil reais. \u201cN\u00e3o vejo nenhum problema\u201d, disse Gilmar Mendes. \u201cEu era professor antes de ser ministro\u201d.<\/p>\n<p>A Veja perguntou-lhe: \u201cO diretor jur\u00eddico da JBS lhe pediu ajuda para resolver o problema de caixa 2 eleitoral?\u201d<\/p>\n<p>Ele respondeu: \u201cN\u00e3o me lembro. Nunca\u201d.<\/p>\n<p>A revista perguntou: \u201cO senhor se recorda de a JBS ter sido acionada por sua assessoria para resolver um problema fundi\u00e1rio de seu irm\u00e3o?\u201d<\/p>\n<p>Ele respondeu: \u201cN\u00e3o tenho conhecimento\u201d.<\/p>\n<p><a href=\"http:\/\/jornalcontato.com.br\/home\/wp-content\/uploads\/2017\/12\/Gilmar-Mendes.png\"><img loading=\"lazy\" decoding=\"async\" class=\"aligncenter size-large wp-image-15457\" src=\"http:\/\/jornalcontato.com.br\/home\/wp-content\/uploads\/2017\/12\/Gilmar-Mendes-450x253.png\" alt=\"Gilmar Mendes\" width=\"450\" height=\"253\" srcset=\"https:\/\/jornalcontato.com.br\/home\/wp-content\/uploads\/2017\/12\/Gilmar-Mendes-450x253.png 450w, https:\/\/jornalcontato.com.br\/home\/wp-content\/uploads\/2017\/12\/Gilmar-Mendes-300x169.png 300w, https:\/\/jornalcontato.com.br\/home\/wp-content\/uploads\/2017\/12\/Gilmar-Mendes-768x432.png 768w, https:\/\/jornalcontato.com.br\/home\/wp-content\/uploads\/2017\/12\/Gilmar-Mendes-750x420.png 750w, https:\/\/jornalcontato.com.br\/home\/wp-content\/uploads\/2017\/12\/Gilmar-Mendes-1140x641.png 1140w, https:\/\/jornalcontato.com.br\/home\/wp-content\/uploads\/2017\/12\/Gilmar-Mendes.png 1280w\" sizes=\"auto, (max-width: 450px) 100vw, 450px\" \/><\/a><\/p>\n<p style=\"text-align: center;\"><em><strong>Pobre Ministro, n\u00e3o sabe de nada, tal qual Lula<\/strong><\/em><\/p>\n<p><strong>O irm\u00e3o de Gilmar Mendes na terra de Joesley<\/strong><\/p>\n<p>Al\u00e9m de seus jantares com Joesley Batista, Gilmar Mendes convidou tamb\u00e9m Ricardo Saud para um churrasco em sua casa. Segundo a Veja, o relacionamento entre a empresa e o ministro do STF estendeu-se a quest\u00f5es familiares.<\/p>\n<p>A JBS, diz a reportagem, \u201ccomprou em Mato Grosso uma propriedade de 300 hectares que vinha sendo arrendada por Francisco Mendes, irm\u00e3o do ministro. Francisco queria manter as terras, nas quais criava gado e plantava soja\u201d.<\/p>\n<p>A diretora do IDP pediu ent\u00e3o ao advogado da JBS que estendesse o arrendamento. O advogado respondeu em mensagem de \u00e1udio:<\/p>\n<p>\u201cPode deixar que eu j\u00e1 mandei um e-mail para o diretor administrativo para ele me esperar amanh\u00e3 para eu tentar resolver isso l\u00e1.\u201d<\/p>\n<p>E em seguida: \u201cMiss\u00e3o \u00e9 arrendar para o Chico Mendes, correto? Resolvido aqui\u201d<\/p>\n<p><strong>\u00a0<\/strong><strong>\u201cNa conta pessoal de Gilmar Mendes\u201d <\/strong><\/p>\n<p>A Veja teve acesso a e-mails e documentos que tratam do patroc\u00ednio da JBS, de Joesley Batista, ao IDP, de Gilmar Mendes.<\/p>\n<p>Segundo a reportagem, \u201cos valores dos patroc\u00ednios das empresas iam parar, por vezes, na conta pessoal de Gilmar Mendes\u201d.<\/p>\n<p>Um desses casos ocorreu em 12 de junho de 2016.<\/p>\n<p>O ministro do STF escreveu por WhatsApp para a diretora do IDP: \u201cVeja se consegue come\u00e7ar a me pagar o resultado do patroc\u00ednio\u201d.<\/p>\n<p>Ela respondeu: \u201cQuer de uma vez ou dividido?\u201d.<\/p>\n<p>Ele agradece e diz que tinha \u201ccontas altas\u201d a pagar.<\/p>\n<p>Indagado pela Veja, Gilmar Mendes garantiu que \u201cn\u00e3o recebe nenhuma verba de patroc\u00ednio\u201d do IDP.<\/p>\n<p><strong>A parceria comercial entre Gilmar Mendes e Joesley Batista<\/strong><\/p>\n<p>Gilmar Mendes e Joesley Batista, diz a Veja, \u201cmantiveram uma parceria comercial e uma conviv\u00eancia amig\u00e1vel, a ponto de se visitarem em Bras\u00edlia e S\u00e3o Paulo, trocarem favores, compartilharem certezas e incertezas jur\u00eddicas e tocarem projetos comuns\u201d.<\/p>\n<p>Em 15 de junho de 2015, eles jantaram juntos na casa de Joesley Batista. Em seguida, a JBS passou a patrocinar o IDP, de Gilmar Mendes.<\/p>\n<p>\u201cSabe-se l\u00e1 por qual raz\u00e3o\u201d, continua a reportagem, \u201co assunto era considerado \u2018confidencial&#8217;\u201d.<\/p>\n<p><a href=\"http:\/\/jornalcontato.com.br\/home\/wp-content\/uploads\/2017\/12\/Meirelles.jpg\"><img loading=\"lazy\" decoding=\"async\" class=\"aligncenter size-large wp-image-15458\" src=\"http:\/\/jornalcontato.com.br\/home\/wp-content\/uploads\/2017\/12\/Meirelles-450x316.jpg\" alt=\"Meirelles\" width=\"450\" height=\"316\" srcset=\"https:\/\/jornalcontato.com.br\/home\/wp-content\/uploads\/2017\/12\/Meirelles-450x316.jpg 450w, https:\/\/jornalcontato.com.br\/home\/wp-content\/uploads\/2017\/12\/Meirelles-300x211.jpg 300w, https:\/\/jornalcontato.com.br\/home\/wp-content\/uploads\/2017\/12\/Meirelles.jpg 768w\" sizes=\"auto, (max-width: 450px) 100vw, 450px\" \/><\/a><\/p>\n<p style=\"text-align: center;\"><em><strong>Mordido pela mosca azul, s\u00f3 Meirelles acredita no seu cacife<\/strong><\/em><\/p>\n<p><strong>Henrique Meirelles \u00e9 uma unanimidade<\/strong><\/p>\n<p>Ele tem 1% de votos em todas as pesquisas eleitorais. Segundo a Ideia Big Data, foi esse o resultado obtido na consulta que fez com 3 mil pessoas se elas estariam dispostas a votar no ministro da Fazenda, diz a \u00c9poca.<\/p>\n<p>Resultado: \u201c1% dos entrevistados disse que votaria nele com certeza, 8% afirmaram que talvez votassem; 14% disseram que dificilmente votariam; 32% declararam que n\u00e3o votariam de modo algum\u201d.<\/p>\n","protected":false},"excerpt":{"rendered":"<p>Confira alguns temperos que sair\u00e3o na revista VEJA dessa semana e selecionados pelo O Antagonista sobre a parceria de Gilmar Mendes com Joesley Batista e &#8230;<\/p>\n","protected":false},"author":1,"featured_media":15456,"comment_status":"open","ping_status":"open","sticky":false,"template":"","format":"standard","meta":{"footnotes":""},"categories":[1],"tags":[],"class_list":["post-15455","post","type-post","status-publish","format-standard","has-post-thumbnail","hentry","category-nacional"],"_links":{"self":[{"href":"https:\/\/www.jornalcontato.com.br\/home\/index.php\/wp-json\/wp\/v2\/posts\/15455","targetHints":{"allow":["GET"]}}],"collection":[{"href":"https:\/\/www.jornalcontato.com.br\/home\/index.php\/wp-json\/wp\/v2\/posts"}],"about":[{"href":"https:\/\/www.jornalcontato.com.br\/home\/index.php\/wp-json\/wp\/v2\/types\/post"}],"author":[{"embeddable":true,"href":"https:\/\/www.jornalcontato.com.br\/home\/index.php\/wp-json\/wp\/v2\/users\/1"}],"replies":[{"embeddable":true,"href":"https:\/\/www.jornalcontato.com.br\/home\/index.php\/wp-json\/wp\/v2\/comments?post=15455"}],"version-history":[{"count":1,"href":"https:\/\/www.jornalcontato.com.br\/home\/index.php\/wp-json\/wp\/v2\/posts\/15455\/revisions"}],"predecessor-version":[{"id":15459,"href":"https:\/\/www.jornalcontato.com.br\/home\/index.php\/wp-json\/wp\/v2\/posts\/15455\/revisions\/15459"}],"wp:featuredmedia":[{"embeddable":true,"href":"https:\/\/www.jornalcontato.com.br\/home\/index.php\/wp-json\/wp\/v2\/media\/15456"}],"wp:attachment":[{"href":"https:\/\/www.jornalcontato.com.br\/home\/index.php\/wp-json\/wp\/v2\/media?parent=15455"}],"wp:term":[{"taxonomy":"category","embeddable":true,"href":"https:\/\/www.jornalcontato.com.br\/home\/index.php\/wp-json\/wp\/v2\/categories?post=15455"},{"taxonomy":"post_tag","embeddable":true,"href":"https:\/\/www.jornalcontato.com.br\/home\/index.php\/wp-json\/wp\/v2\/tags?post=15455"}],"curies":[{"name":"wp","href":"https:\/\/api.w.org\/{rel}","templated":true}]}}