{"id":15249,"date":"2017-10-20T08:27:16","date_gmt":"2017-10-20T11:27:16","guid":{"rendered":"http:\/\/www.jornalcontato.com.br\/home\/?p=15249"},"modified":"2017-10-20T08:27:16","modified_gmt":"2017-10-20T11:27:16","slug":"ambulantes-e-prefeitura-entram-em-atrito-novamente","status":"publish","type":"post","link":"https:\/\/www.jornalcontato.com.br\/home\/index.php\/ambulantes-e-prefeitura-entram-em-atrito-novamente\/","title":{"rendered":"Ambulantes e prefeitura entram em atrito novamente"},"content":{"rendered":"<p><i><span style=\"font-weight: 400;\">Mesmo com a constru\u00e7\u00e3o do novo camel\u00f3dromo, os atritos entre os ambulantes e a prefeitura perduram. Os comerciantes alegam que as vendas ca\u00edram significativamente e culpam o prefeito pelo mau momento dos neg\u00f3cios.<\/span><\/i><\/p>\n<p>&nbsp;<\/p>\n<p><span style=\"font-weight: 400;\">O atrito entre a prefeitura e os ambulantes parece n\u00e3o ter fim. O novo cap\u00edtulo dessa novela envolve agora o novo camel\u00f3dromo da cidade, que n\u00e3o caiu no gosto da popula\u00e7\u00e3o.<\/span><\/p>\n<p><span style=\"font-weight: 400;\">Segundo os ambulantes, o n\u00famero de vendas caiu drasticamente devido a nova localiza\u00e7\u00e3o das lojas. Em outrora, os comerciantes atuavam em cal\u00e7adas do centro da cidade, no meio da circula\u00e7\u00e3o dos consumidores, que reclamavam da falta de espa\u00e7o para se movimentarem.<\/span><\/p>\n<p><span style=\"font-weight: 400;\">Outra reclama\u00e7\u00e3o dos ambulantes \u00e9 a falta de propaganda da prefeitura para o local. A administra\u00e7\u00e3o municipal, de fato, prometeu realizar campanhas de publicidade para promover o novo camel\u00f3dromo, mas isso \u00e9 algo que ainda n\u00e3o aconteceu.<\/span><\/p>\n<p><span style=\"font-weight: 400;\">A prefeitura afirma que est\u00e1 desenvolvendo spots publicit\u00e1rios que ser\u00e3o difundidos nas principais r\u00e1dios da cidade, al\u00e9m de comerciais em uma TV comunit\u00e1ria e faixas de divulga\u00e7\u00e3o nos principais pontos da cidade.<\/span><\/p>\n<p><span style=\"font-weight: 400;\">Todavia, esses atritos podem amea\u00e7ar um acordo entre Ortiz Junior e os ambulantes. O prefeito assinou um documento em que autoriza a atua\u00e7\u00e3o dos comerciantes nas ruas da regi\u00e3o central. Esse acordo aconteceu um pouco antes da entrega do espa\u00e7o, por\u00e9m, ap\u00f3s esse epis\u00f3dio de atrito, o acordo pode n\u00e3o acontecer.<\/span><\/p>\n<p><span style=\"font-weight: 400;\">Apesar de a prefeitura desconhecer a amea\u00e7a dos ambulantes, o posicionamento n\u00e3o deve mudar. Foi investida uma quantia de R$ 3,35 milh\u00f5es para a constru\u00e7\u00e3o do espa\u00e7o, mesmo com 32 meses de atraso.<\/span><\/p>\n<p><span style=\"font-weight: 400;\">O novo camel\u00f3dromo conta com 136 boxes e est\u00e1 localizada um pouco abaixo do Mercado Municipal, uma dist\u00e2ncia consider\u00e1vel das ruas onde os ambulantes costumavam atuar.<\/span><\/p>\n<p><span style=\"font-weight: 400;\">A constru\u00e7\u00e3o do local foi determinada pela Justi\u00e7a em 2013, ap\u00f3s tentativa da retirada dos comerciantes das ruas da regi\u00e3o central pelo governo tucano.<\/span><\/p>\n<p><span style=\"font-weight: 400;\">Com a ajuda dos vereadores aliados, o prefeito conseguiu baixar um projeto na C\u00e2mara que pro\u00edbe a atua\u00e7\u00e3o dos comerciantes que possuem boxes nos camel\u00f3dromos de atuarem nas ruas.<\/span><\/p>\n<p>&nbsp;<\/p>\n","protected":false},"excerpt":{"rendered":"<p>Mesmo com a constru\u00e7\u00e3o do novo camel\u00f3dromo, os atritos entre os ambulantes e a prefeitura perduram. Os comerciantes alegam que as vendas ca\u00edram significativamente e &#8230;<\/p>\n","protected":false},"author":1,"featured_media":14955,"comment_status":"open","ping_status":"open","sticky":false,"template":"","format":"standard","meta":{"footnotes":""},"categories":[29,7],"tags":[],"class_list":["post-15249","post","type-post","status-publish","format-standard","has-post-thumbnail","hentry","category-regional","category-reportagem"],"_links":{"self":[{"href":"https:\/\/www.jornalcontato.com.br\/home\/index.php\/wp-json\/wp\/v2\/posts\/15249","targetHints":{"allow":["GET"]}}],"collection":[{"href":"https:\/\/www.jornalcontato.com.br\/home\/index.php\/wp-json\/wp\/v2\/posts"}],"about":[{"href":"https:\/\/www.jornalcontato.com.br\/home\/index.php\/wp-json\/wp\/v2\/types\/post"}],"author":[{"embeddable":true,"href":"https:\/\/www.jornalcontato.com.br\/home\/index.php\/wp-json\/wp\/v2\/users\/1"}],"replies":[{"embeddable":true,"href":"https:\/\/www.jornalcontato.com.br\/home\/index.php\/wp-json\/wp\/v2\/comments?post=15249"}],"version-history":[{"count":1,"href":"https:\/\/www.jornalcontato.com.br\/home\/index.php\/wp-json\/wp\/v2\/posts\/15249\/revisions"}],"predecessor-version":[{"id":15250,"href":"https:\/\/www.jornalcontato.com.br\/home\/index.php\/wp-json\/wp\/v2\/posts\/15249\/revisions\/15250"}],"wp:featuredmedia":[{"embeddable":true,"href":"https:\/\/www.jornalcontato.com.br\/home\/index.php\/wp-json\/wp\/v2\/media\/14955"}],"wp:attachment":[{"href":"https:\/\/www.jornalcontato.com.br\/home\/index.php\/wp-json\/wp\/v2\/media?parent=15249"}],"wp:term":[{"taxonomy":"category","embeddable":true,"href":"https:\/\/www.jornalcontato.com.br\/home\/index.php\/wp-json\/wp\/v2\/categories?post=15249"},{"taxonomy":"post_tag","embeddable":true,"href":"https:\/\/www.jornalcontato.com.br\/home\/index.php\/wp-json\/wp\/v2\/tags?post=15249"}],"curies":[{"name":"wp","href":"https:\/\/api.w.org\/{rel}","templated":true}]}}