{"id":15233,"date":"2017-10-17T17:34:08","date_gmt":"2017-10-17T20:34:08","guid":{"rendered":"http:\/\/www.jornalcontato.com.br\/home\/?p=15233"},"modified":"2017-10-17T17:35:54","modified_gmt":"2017-10-17T20:35:54","slug":"allons-enfants-de-la-patrie-jc-sebe-bom-meihy","status":"publish","type":"post","link":"https:\/\/www.jornalcontato.com.br\/home\/index.php\/allons-enfants-de-la-patrie-jc-sebe-bom-meihy\/","title":{"rendered":"ALLONS ENFANTS DE LA PATRIE&#8230; (JC Sebe Bom Meihy)"},"content":{"rendered":"<p>Atravessamos dias dif\u00edceis, n\u00e3o resta d\u00favida alguma. E ningu\u00e9m est\u00e1 isento. Em momentos inst\u00e1veis, por certo, \u00e9 complicado manter o equil\u00edbrio, n\u00e3o perder o ju\u00edzo. Tenho aprendido com mais pacientes que nas instabilidades, em \u00faltimo caso, \u00e9 melhor ficar quieto, observar e filtrar palavras que apenas devem ser pronunciadas em caso de oportunidade. Confesso que, como dizem os mais jovens \u201cando cabreiro\u201d. De tal maneira tenho me calado que temo somatizar situa\u00e7\u00f5es culturais que fazem mal \u00e0 sa\u00fade. Na contram\u00e3o de tantos interditos, troco ideias com pessoas afinadas, pares de ideias e percep\u00e7\u00f5es, seres abertos \u00e0 criatividade, gente sem \u00f3dio. Escrever me \u00e9 outro elixir, e perturbo a brancura das p\u00e1ginas com protestos surdos, tristes, desiludidos, de uma intimidade sofrida.<\/p>\n<p>Sim, d\u00f3i-me muito ver amigos queridos, pessoas que historicamente fazem parte de meu universo afetivo, valendo-se de redes sociais, exarando laivos autorit\u00e1rias, repetindo jarg\u00f5es cansados e at\u00e9 aplaudindo tend\u00eancias pol\u00edticas ultraconservadoras. Nesses labirintos sem sa\u00edda, contudo, uma alternativa me consolou: hierarquizar em registros minhas m\u00e1goas, mas n\u00e3o para guarda-las em p\u00e1ginas pessoais mas, pelo reverso, publicar meus desabafos, provocando assim di\u00e1logos menos verborr\u00e1gicos. Por quest\u00e3o de espa\u00e7o, vou poupar leitores da fartura de queixumes. Enumero apenas dois pontos que, no momento, me s\u00e3o os mais intrigantes. O curioso \u00e9 que ambos se emendam, completando-se por explicativos que s\u00e3o.<\/p>\n<p><a href=\"http:\/\/jornalcontato.com.br\/home\/wp-content\/uploads\/2017\/10\/Obra-de-Michelangelo-1.jpg\"><img loading=\"lazy\" decoding=\"async\" class=\"aligncenter size-large wp-image-15234\" src=\"http:\/\/jornalcontato.com.br\/home\/wp-content\/uploads\/2017\/10\/Obra-de-Michelangelo-1-450x208.jpg\" alt=\"Obra de Michelangelo\" width=\"450\" height=\"208\" srcset=\"https:\/\/jornalcontato.com.br\/home\/wp-content\/uploads\/2017\/10\/Obra-de-Michelangelo-1-450x208.jpg 450w, https:\/\/jornalcontato.com.br\/home\/wp-content\/uploads\/2017\/10\/Obra-de-Michelangelo-1-300x138.jpg 300w, https:\/\/jornalcontato.com.br\/home\/wp-content\/uploads\/2017\/10\/Obra-de-Michelangelo-1-768x354.jpg 768w, https:\/\/jornalcontato.com.br\/home\/wp-content\/uploads\/2017\/10\/Obra-de-Michelangelo-1-165x75.jpg 165w, https:\/\/jornalcontato.com.br\/home\/wp-content\/uploads\/2017\/10\/Obra-de-Michelangelo-1.jpg 1119w\" sizes=\"auto, (max-width: 450px) 100vw, 450px\" \/><\/a><\/p>\n<p style=\"text-align: center;\"><em><strong>Obra de Michelangelo no teto da Capela Sistina, no Vaticano, que ilustra o editorial do CONTATO em 03 de outubro contra a mo\u00e7\u00e3o de censura apresentada pelos vereadores Vivi da Radio (PSP) e Noilton Ramos (PPS) que censura a arte e aprovada pelos pol\u00edticos, exceto a vereadora Loreny, do mesmo partido de Noilton<\/strong><\/em><\/p>\n<p>\u00a0 \u00a0 \u00a0 \u00a0 O primeiro fere minha sensibilidade de professor, historiador, pai\/av\u00f4, cidad\u00e3o que aprecia arte, busca museus e exposi\u00e7\u00f5es. Sim, vou falar mal do veto grassado por \u201cautoridades\u201d que, inclusive fora do c\u00edrculo da pr\u00f3pria compet\u00eancia, sem educa\u00e7\u00e3o cultural m\u00ednima, censuraram a exposi\u00e7\u00e3o \u201cQueermuseu\u201d, e alimentaram, com suas atitudes grotescas, um dos mais vexat\u00f3rios atos de censura. Gostaria de ir mais a fundo nos argumentos que se emendam ao de tantos outros defensores da arte como forma de express\u00e3o livre e democr\u00e1tica. Neste sentido, mais do que adjetivar ignorantes, gostaria de dizer que arte \u00e9 um c\u00f3digo expressivo que ganhou linguagem universal por ser cumulativo, cultivado por cr\u00edtica especializada, transmitido em favor da beleza. Basta pensar nas primeiras inscri\u00e7\u00f5es das cavernas, nos desenhos e afrescos gregos, na estatu\u00e1ria romana, nas referencias crist\u00e3s que divinizaram o corpo de Cristo nu, na beleza das madonas com seios fartos, no vislumbre er\u00f3tico das refer\u00eancias mitol\u00f3gicas, nas dimens\u00f5es dadas pelo romantismo que colocou nuas ninfas, pessoas comuns, deuses e deusas, no impressionismo libert\u00e1rio das cores, no atrevimento modernista, em tudo enfim, para ver que a arte encanta e educa. E mesmo contra a a\u00e7\u00e3o inquisitorial, hitleriana ou stalinista, a arte fez circular o bom ar do prazer visual e da comunica\u00e7\u00e3o social. Os maquin\u00e1rios modernos, a fotografia e o cinema, por sua vez integraram o \u00e2mbito difusor do gosto, afinando sentidos.<\/p>\n<p><a href=\"http:\/\/jornalcontato.com.br\/home\/wp-content\/uploads\/2017\/10\/Colombia-1.jpg\"><img loading=\"lazy\" decoding=\"async\" class=\"aligncenter size-large wp-image-15235\" src=\"http:\/\/jornalcontato.com.br\/home\/wp-content\/uploads\/2017\/10\/Colombia-1-338x450.jpg\" alt=\"Colombia 1\" width=\"338\" height=\"450\" srcset=\"https:\/\/jornalcontato.com.br\/home\/wp-content\/uploads\/2017\/10\/Colombia-1-338x450.jpg 338w, https:\/\/jornalcontato.com.br\/home\/wp-content\/uploads\/2017\/10\/Colombia-1-225x300.jpg 225w, https:\/\/jornalcontato.com.br\/home\/wp-content\/uploads\/2017\/10\/Colombia-1.jpg 768w\" sizes=\"auto, (max-width: 338px) 100vw, 338px\" \/><\/a><\/p>\n<p><a href=\"http:\/\/jornalcontato.com.br\/home\/wp-content\/uploads\/2017\/10\/Colombia-2.jpg\"><img loading=\"lazy\" decoding=\"async\" class=\"aligncenter size-large wp-image-15236\" src=\"http:\/\/jornalcontato.com.br\/home\/wp-content\/uploads\/2017\/10\/Colombia-2-338x450.jpg\" alt=\"Colombia 2\" width=\"338\" height=\"450\" srcset=\"https:\/\/jornalcontato.com.br\/home\/wp-content\/uploads\/2017\/10\/Colombia-2-338x450.jpg 338w, https:\/\/jornalcontato.com.br\/home\/wp-content\/uploads\/2017\/10\/Colombia-2-225x300.jpg 225w, https:\/\/jornalcontato.com.br\/home\/wp-content\/uploads\/2017\/10\/Colombia-2.jpg 768w\" sizes=\"auto, (max-width: 338px) 100vw, 338px\" \/><\/a><\/p>\n<p style=\"text-align: center;\"><em><strong>Mestre Sebe, autor dessa cr\u00f4nica, registrou na semana passada as imagens acima que mostram que uma escola elementar, publica, de Bogot\u00e1 leva alunos a museu e professora ensina arte frente \u00e0s esculturas de Ad\u00e3o e Eva, de Botero, com as partes \u00edntimas<\/strong><\/em><\/p>\n<p>\u00a0 \u00a0 \u00a0 \u00a0Como n\u00e3o poderia deixar de ser, o mundo avesso tamb\u00e9m se eternizou e assim, principalmente pela nega\u00e7\u00e3o de todos aos aparatos da arte, a pornografia tomou o lugar da beleza er\u00f3tica e os mais incultos, aqueles de cora\u00e7\u00f5es sujos, os de mente imunda, fariseus vestidos de pastores, exercitaram a ignor\u00e2ncia dando vaz\u00e3o ao que escondem em suas almas danadas.\u00a0 Confundir erotismo com pornografia \u00e9 distor\u00e7\u00e3o imperdo\u00e1vel, ainda que se torne pr\u00e1tica censora poderosa. O pior \u00e9 que fazem isto em nome da fam\u00edlia, sem explicar, contudo, de que fam\u00edlia falam (certamente das deles). E n\u00e3o bastasse, investem na educa\u00e7\u00e3o como guardi\u00f5es do conhecimento, como se o saber pudesse ser crivado e pecaminoso. \u00c9 importante repetir que estamos habituados, culturalmente, \u00e0 exposi\u00e7\u00f5es nas praias, na televis\u00e3o, nas ruas, e, pelo inverso, ir a museu \u00e9 ato de escolha. Que n\u00e3o venham, portanto, fundamentalistas dizer que quem quer n\u00e3o pode optar para onde levar seus filhos. E os filhos, por que n\u00e3o deix\u00e1-los admirar a beleza visual refinada? Ser\u00e1 que devemos esperar que eles aprendam como os pais que veem o mal em tudo?<\/p>\n<p>Complemento do primeiro item, o outro afeta a escola. Devemos condenar o fundamentalismo religioso com for\u00e7a e nos indignar com a permiss\u00e3o do ensino religioso. Sem temor, precisamos ver que um bando de legisladores, obscurecidos pelo vi\u00e9s autorit\u00e1rio se converteu em \u201cbancada pol\u00edtica\u201d, e tem ganhado for\u00e7a desmedida. \u00c0s vezes \u00e0s claras, outras travestidos de normalidade, sa\u00eddos das igrejas adentram setores do poder legislativo e como rapinas, ferem direitos e se esfor\u00e7am por limitar olhares que, afinal, por inteligentes e livres, podem virar contra eles. \u00c9 preciso recobrar a Constitui\u00e7\u00e3o e advogar o direito a livre express\u00e3o, \u00e0 cr\u00edtica, \u00e0 criatividade. Demorou para que consegu\u00edssemos ser um estado laico. Ainda que nossa depauperada educa\u00e7\u00e3o p\u00fablica esteja mal, n\u00e3o cabe gastar mais dinheiro colocando o ensino religioso como mat\u00e9ria de forma\u00e7\u00e3o. Por neutros que sejam os professores, n\u00e3o \u00e9 correto (nem honesto) substituir conte\u00fados que cuidem de maneira objetiva de direito ambiental, das diferen\u00e7as sociais, dos segmentos deprimidos pelo sistema injusto.<\/p>\n<p>Cabe, finalmente, reclamar contra os valores pol\u00edticos coloridos pelos devotos da censura. Esta mat\u00e9ria n\u00e3o se polariza em esquerda ou direita. Em ser simp\u00e1tico a este ou \u00e0quele sistema. Nada disto. Trata-se, isto sim, de respeito a princ\u00edpios discut\u00edveis, debatidos em arenas livres, acima de vetos, san\u00e7\u00f5es, censura. Trata-se sobretudo em substituir dogmas pela intelig\u00eancia. Vamos&#8230; Vamos fazer como alguns museus parisienses que convidam os filhos para levar os pais para ver exposi\u00e7\u00f5es de arte. Entendo melhor agora a primeira frase da Marselhesa: <em>allons enfant de la patrie<\/em>&#8230; Vamos crian\u00e7as da p\u00e1tria&#8230; Vamos levar os pais fundamentalistas para os museus&#8230; Quem sabe eles se convertem \u00e0 beleza e deixem libre o c\u00e9u da intelig\u00eancia. Quem sabe?!&#8230;<\/p>\n","protected":false},"excerpt":{"rendered":"<p>Atravessamos dias dif\u00edceis, n\u00e3o resta d\u00favida alguma. E ningu\u00e9m est\u00e1 isento. Em momentos inst\u00e1veis, por certo, \u00e9 complicado manter o equil\u00edbrio, n\u00e3o perder o ju\u00edzo. &#8230;<\/p>\n","protected":false},"author":1,"featured_media":15236,"comment_status":"open","ping_status":"open","sticky":false,"template":"","format":"standard","meta":{"footnotes":""},"categories":[1],"tags":[],"class_list":["post-15233","post","type-post","status-publish","format-standard","has-post-thumbnail","hentry","category-nacional"],"_links":{"self":[{"href":"https:\/\/www.jornalcontato.com.br\/home\/index.php\/wp-json\/wp\/v2\/posts\/15233","targetHints":{"allow":["GET"]}}],"collection":[{"href":"https:\/\/www.jornalcontato.com.br\/home\/index.php\/wp-json\/wp\/v2\/posts"}],"about":[{"href":"https:\/\/www.jornalcontato.com.br\/home\/index.php\/wp-json\/wp\/v2\/types\/post"}],"author":[{"embeddable":true,"href":"https:\/\/www.jornalcontato.com.br\/home\/index.php\/wp-json\/wp\/v2\/users\/1"}],"replies":[{"embeddable":true,"href":"https:\/\/www.jornalcontato.com.br\/home\/index.php\/wp-json\/wp\/v2\/comments?post=15233"}],"version-history":[{"count":2,"href":"https:\/\/www.jornalcontato.com.br\/home\/index.php\/wp-json\/wp\/v2\/posts\/15233\/revisions"}],"predecessor-version":[{"id":15238,"href":"https:\/\/www.jornalcontato.com.br\/home\/index.php\/wp-json\/wp\/v2\/posts\/15233\/revisions\/15238"}],"wp:featuredmedia":[{"embeddable":true,"href":"https:\/\/www.jornalcontato.com.br\/home\/index.php\/wp-json\/wp\/v2\/media\/15236"}],"wp:attachment":[{"href":"https:\/\/www.jornalcontato.com.br\/home\/index.php\/wp-json\/wp\/v2\/media?parent=15233"}],"wp:term":[{"taxonomy":"category","embeddable":true,"href":"https:\/\/www.jornalcontato.com.br\/home\/index.php\/wp-json\/wp\/v2\/categories?post=15233"},{"taxonomy":"post_tag","embeddable":true,"href":"https:\/\/www.jornalcontato.com.br\/home\/index.php\/wp-json\/wp\/v2\/tags?post=15233"}],"curies":[{"name":"wp","href":"https:\/\/api.w.org\/{rel}","templated":true}]}}