{"id":15222,"date":"2017-10-17T16:19:05","date_gmt":"2017-10-17T19:19:05","guid":{"rendered":"http:\/\/www.jornalcontato.com.br\/home\/?p=15222"},"modified":"2017-10-17T16:36:55","modified_gmt":"2017-10-17T19:36:55","slug":"instituicoes-de-muletas-jose-neumanne","status":"publish","type":"post","link":"https:\/\/www.jornalcontato.com.br\/home\/index.php\/instituicoes-de-muletas-jose-neumanne\/","title":{"rendered":"Institui\u00e7\u00f5es de muletas (*Jos\u00e9 N\u00eaumanne)"},"content":{"rendered":"<p style=\"text-align: center;\"><strong><em>Dela\u00e7\u00e3o de Funaro exp\u00f5e as v\u00edsceras do poder republicano em seu p\u00e9ssimo estado<\/em><\/strong><\/p>\n<p>\u00a0 \u00a0 \u00a0 \u00a0 \u00a0 A divulga\u00e7\u00e3o dos v\u00eddeos da dela\u00e7\u00e3o premiada do contador L\u00facio Funaro, ao longo do feriado de Nossa Senhora Aparecida, caiu como uma bomba norte-coreana no colo do cidad\u00e3o brasileiro em seu pleno gozo de lazer. O depoimento do encarregado de entesourar e lavar as propinas cobradas pela c\u00fapula do PMDB, associada \u00e0 cleptocracia petista sob Lula e Dilma entre 2002 e 2016, \u00e9 longo e l\u00f3gico. Narra com a mesma frieza dos carrascos nazistas desfiando fatos sobre o Holocausto e \u00e9 de uma verossimilhan\u00e7a que s\u00f3 pode ser definida como assustadora, embora n\u00e3o necessariamente surpreendente. Os agentes e procuradores federais n\u00e3o exigir\u00e3o do delator para lhes conceder o pr\u00eamio apenas os R$ 40 milh\u00f5es que ter\u00e1 de pagar como penit\u00eancia, mas provas documentais, muito s\u00f3lidas e muito fartas, para negociar a redu\u00e7\u00e3o de suas penas. Depois da mancada sesquipedal de Rodrigo Janot e seus \u201chomens de confian\u00e7a\u201d, em particular Marcelo Miller, n\u00e3o \u00e9 mais poss\u00edvel dar tudo o que os delatores pedem e em troca pouco deles exigir.<\/p>\n<p><a href=\"http:\/\/jornalcontato.com.br\/home\/wp-content\/uploads\/2017\/10\/Janot-e-as-flechas.jpg\"><img loading=\"lazy\" decoding=\"async\" class=\"aligncenter size-large wp-image-15223\" src=\"http:\/\/jornalcontato.com.br\/home\/wp-content\/uploads\/2017\/10\/Janot-e-as-flechas-450x326.jpg\" alt=\"Janot e as flechas\" width=\"450\" height=\"326\" srcset=\"https:\/\/jornalcontato.com.br\/home\/wp-content\/uploads\/2017\/10\/Janot-e-as-flechas-450x326.jpg 450w, https:\/\/jornalcontato.com.br\/home\/wp-content\/uploads\/2017\/10\/Janot-e-as-flechas-300x218.jpg 300w, https:\/\/jornalcontato.com.br\/home\/wp-content\/uploads\/2017\/10\/Janot-e-as-flechas.jpg 640w\" sizes=\"auto, (max-width: 450px) 100vw, 450px\" \/><\/a><\/p>\n<p style=\"text-align: center;\"><em><strong>Rodrigo Janot teria abusado de suas flechas<\/strong><\/em><\/p>\n<p>\u00a0 \u00a0 \u00a0 \u00a0 \u00a0 No entanto, a burocr\u00e1tica, quase mon\u00f3tona, narrativa do garoto de classe m\u00e9dia alta paulistana deixa no ar, al\u00e9m da sensa\u00e7\u00e3o de <em>d\u00e9j\u00e0 vu<\/em>, ou seja, de confirma\u00e7\u00e3o de outros depoimentos com entregas assemelhadas, brasas espalhadas sob os p\u00e9s nus dos hierarcas do PMDB que, com Temer, se associaram \u00e0 gatunagem expl\u00edcita que esvaziou todos os cofres da Rep\u00fablica. Sua lista implac\u00e1vel, relacionada, denuncia os cachorros mortos de antanho, sendo o caso mais not\u00f3rio protagonizado por Eduardo Cunha, o ex-presidente todo-poderoso da C\u00e2mara que virou suco de carne mo\u00edda, e donos de porcos, caso do trio que responde \u00e0 segunda den\u00fancia do citado Janot contra Temer, Moreira e Padilha.<\/p>\n<p>O caso de Cunha \u00e9 perdido. Os de Moreira e Padilha dependem de Temer. E o deste, propriamente dito, est\u00e1 pendurado na indulg\u00eancia plena que a C\u00e2mara certamente conferir\u00e1 na segunda den\u00fancia o que j\u00e1 foi entregue na primeira: o perd\u00e3o por mais de um ter\u00e7o dos votos dos deputados e a longa espera sob tempestade do que as urnas decidirem em outubro\/novembro de 2018. Nesta situa\u00e7\u00e3o de institui\u00e7\u00f5es de muletas, como as nossas, a jabuticaba constitucional que s\u00f3 permite punir o chefe do governo por delitos cometidos durante a gest\u00e3o presidencial, assim como s\u00f3 se prende parlamentar que tenha cometido crime inafian\u00e7\u00e1vel, h\u00e1 pouco mais a esperar que n\u00e3o seja o perd\u00e3o garantido sem seu dinheiro de volta.<\/p>\n<p><a href=\"http:\/\/jornalcontato.com.br\/home\/wp-content\/uploads\/2017\/10\/Padilha-Temer-e-Moreira.jpg\"><img loading=\"lazy\" decoding=\"async\" class=\"aligncenter size-full wp-image-15224\" src=\"http:\/\/jornalcontato.com.br\/home\/wp-content\/uploads\/2017\/10\/Padilha-Temer-e-Moreira.jpg\" alt=\"Padilha, Temer e Moreira\" width=\"286\" height=\"176\" \/><\/a><\/p>\n<p style=\"text-align: center;\"><em><strong>Padilha, Temer e Moreira sob fogo cerrado da sociedade cansada de tanta corrup\u00e7\u00e3o<\/strong><\/em><\/p>\n<p>\u00a0 \u00a0 \u00a0 \u00a0 \u00a0 De qualquer maneira, j\u00e1 d\u00e1 para perceber que a impopularidade de Temer \u00e9 um caso perdido. Ainda que os dados da economia favore\u00e7am sua perman\u00eancia. Sobretudo agora que j\u00e1 ficamos sabendo que a queda da infla\u00e7\u00e3o est\u00e1 cumprindo o que dela foi prometido: os pobres voltaram a consumir. Essa not\u00edcia, dada no Estad\u00e3o do feriado, \u00e9, ao mesmo tempo, auspiciosa e reveladora sobre o governo. O prest\u00edgio pol\u00edtico de seu chefe \u00e9 t\u00e3o baixo e t\u00e3o cadente que nem boas novas inesperadas conseguem revert\u00ea-lo. Mas o que \u00e9 pior ainda: a situa\u00e7\u00e3o institucional \u00e9 t\u00e3o prec\u00e1ria que os respons\u00e1veis por algo inexplicavelmente chamado de comunica\u00e7\u00e3o no entorno do chefe do governo n\u00e3o lembram sequer de botar a banda para tocar antes do an\u00fancio do emiss\u00e1rio de agora \u00e9 tarde, el-rei \u00e9 morto.<\/p>\n<p>A manchete do Estad\u00e3o desta segunda-feira n\u00e3o deixa d\u00favidas quanto a um dos efeitos da divulga\u00e7\u00e3o dos v\u00eddeos sobre o cen\u00e1rio de ru\u00ednas que captura a imagem do governo Temer. Antes de qualquer coisa, o v\u00eddeo da dela\u00e7\u00e3o de Funaro provoca crise inevit\u00e1vel entre a C\u00e2mara, presidida por Rodrigo Maia (DEM-RJ), e o Pal\u00e1cio do Planalto.<\/p>\n<p><a href=\"http:\/\/jornalcontato.com.br\/home\/wp-content\/uploads\/2017\/10\/Funaro-e-Maia.jpg\"><img loading=\"lazy\" decoding=\"async\" class=\"aligncenter size-full wp-image-15225\" src=\"http:\/\/jornalcontato.com.br\/home\/wp-content\/uploads\/2017\/10\/Funaro-e-Maia.jpg\" alt=\"Funaro e Maia\" width=\"267\" height=\"189\" \/><\/a><\/p>\n<p style=\"text-align: center;\"><em><strong>O doleiro e operador Funaro com Rodrigo Maia, presidente da C\u00e2mara Federal<\/strong><\/em><\/p>\n<p>\u00a0 \u00a0 \u00a0 \u00a0 \u00a0 A primeira dessas consequ\u00eancias \u00e9 a exposi\u00e7\u00e3o da fragilidade da defesa do presidente para se contrapor \u00e0 \u00f3bvia in\u00e9pcia, j\u00e1 constatada por quase todos, da den\u00fancia de Janot por forma\u00e7\u00e3o de quadrilha e obstru\u00e7\u00e3o de Justi\u00e7a. Para interlocutores dos rep\u00f3rteres do Estad\u00e3o no Planalto, a medida \u00e9 mais uma a\u00e7\u00e3o de Maia para tentar constranger o governo e mostrar seu descolamento do presidente. O governo avalia que o deputado n\u00e3o tinha a obriga\u00e7\u00e3o de colocar os v\u00eddeos no site da C\u00e2mara. E n\u00e3o tinha!<\/p>\n<p>O grave \u00e9 que o epis\u00f3dio levou a um bate-boca p\u00fablico entre Maia e a defesa de Temer, justamente na semana em que a Comiss\u00e3o de Constitui\u00e7\u00e3o e Justi\u00e7a (CCJ) da C\u00e2mara est\u00e1 para analisar o relat\u00f3rio da segunda den\u00fancia contra o presidente, por obstru\u00e7\u00e3o da Justi\u00e7a e organiza\u00e7\u00e3o criminosa. Neste s\u00e1bado, 14, o advogado Eduardo Carnel\u00f3s publicou nota criticando \u201cvazamentos criminosos\u201d. Maia contra-atacou. Carnel\u00f3s recuou e, tamb\u00e9m em nota, disse que \u201cjamais\u201d imputou \u201ca pr\u00e1tica de ilegalidade\u201d ao deputado.<\/p>\n<p>Tudo parece ser verdadeiro. Os v\u00eddeos da dela\u00e7\u00e3o de Funaro foram divulgados no site da C\u00e2mara com documentos relacionados \u00e0 segunda den\u00fancia contra Temer e os ministros Eliseu Padilha (Casa Civil) e Moreira Franco (Secretaria-Geral). O material foi enviado pela presidente do Supremo Tribunal Federal (STF), ministra C\u00e1rmen L\u00facia, com of\u00edcio expedido em 21 de setembro, uma semana ap\u00f3s a Procuradoria-Geral da Rep\u00fablica (PGR) apresentar essa den\u00fancia.<\/p>\n<p style=\"text-align: left;\">De acordo com a presid\u00eancia da C\u00e2mara, no of\u00edcio n\u00e3o h\u00e1 men\u00e7\u00e3o ao sigilo do material. No domingo 15, por meio de assessoria, C\u00e1rmen L\u00facia afirmou que apenas oficiou a Maia e o relator do inqu\u00e9rito, Edson Fachin, \u00e9 a autoridade m\u00e1xima e \u00fanica no processo. Segundo o gabinete de Fachin, a dela\u00e7\u00e3o de Funaro n\u00e3o teve o sigilo retirado em nenhum momento.<\/p>\n<p>O secret\u00e1rio-geral da Mesa Diretora, Wagner Soares, subordinado a Maia, determinou que os v\u00eddeos fossem divulgados no site da C\u00e2mara. O material subiu na \u00edntegra no dia 29 de setembro, uma semana depois de o presidente da C\u00e2mara disparar duras cr\u00edticas a Temer e ao PMDB em raz\u00e3o do ass\u00e9dio dos peemedebistas a parlamentares do PSB com os quais o DEM negociava filia\u00e7\u00e3o. Como se v\u00ea, nenhuma causa nobre no imbr\u00f3glio.<\/p>\n<p><a href=\"http:\/\/jornalcontato.com.br\/home\/wp-content\/uploads\/2017\/10\/Eduardo-Carnelos.jpg\"><img loading=\"lazy\" decoding=\"async\" class=\"aligncenter size-full wp-image-15228\" src=\"http:\/\/jornalcontato.com.br\/home\/wp-content\/uploads\/2017\/10\/Eduardo-Carnelos.jpg\" alt=\"Eduardo Carnelos\" width=\"275\" height=\"183\" \/><\/a><\/p>\n<p style=\"text-align: center;\"><em><strong>Eduardo Carnel\u00f3s, o atrapalhado advogado de Temer<\/strong><\/em><\/p>\n<p>A primeira nota de Carnel\u00f3s com acusa\u00e7\u00e3o de \u201cvazamento criminoso\u201d irritou Maia, que fez chegar a Temer sua insatisfa\u00e7\u00e3o. \u201cN\u00e3o teve vazamento. O advogado \u00e9 incompetente\u201d, disse o presidente da C\u00e2mara \u00e0 Coluna do Estad\u00e3o. Em nota, Maia disse ainda ver com \u201cperplexidade muito grande\u201d ter sido tratado de \u201cforma absurda\u201d pelo advogado, acrescentando: \u201cDepois de tudo o que fiz pelo presidente, da agenda que constru\u00ed com ele, de toda defesa que fiz na primeira den\u00fancia\u201d.\u00a0 S\u00f3 faltou choramingar e esfregar os olhos com a m\u00e3o fechada.<\/p>\n<p>Embora as imagens de Funaro impressionem o Planalto e tenham impacto no governo, a avalia\u00e7\u00e3o \u00e9 de que essa nova pol\u00eamica com Maia pode trazer mais problemas para o presidente do que o conte\u00fado dos v\u00eddeos. No entorno de Temer, o teor da primeira nota de Carnel\u00f3s foi considerado um \u201ctiro no p\u00e9\u201d. De fato, foi uma facada nas costas, que n\u00e3o atinge \u00f3rg\u00e3os vitais como o cora\u00e7\u00e3o e os pulm\u00f5es. Maia n\u00e3o tem poder suficiente para atrapalhar a tramita\u00e7\u00e3o que caminha para a aprova\u00e7\u00e3o do relat\u00f3rio de Bonif\u00e1cio de Andrade na CCCJ nem no plen\u00e1rio da C\u00e2mara. O problema \u00e9 que quem j\u00e1 tem os problemas que Temer tem n\u00e3o precisa de um advogado que lhe crie mais, j\u00e1 que, ao que consta, ele est\u00e1 sendo pago para ajudar e defender, n\u00e3o para acusar quem n\u00e3o tem nada com o peixe e ainda pode atrapalhar, caso de Maia.<\/p>\n<p><a href=\"http:\/\/jornalcontato.com.br\/home\/wp-content\/uploads\/2017\/10\/Cunha-e-esposa-recortada.jpg\"><img loading=\"lazy\" decoding=\"async\" class=\"size-large wp-image-15229 aligncenter\" src=\"http:\/\/jornalcontato.com.br\/home\/wp-content\/uploads\/2017\/10\/Cunha-e-esposa-recortada-450x354.jpg\" alt=\"Cunha e esposa recortada\" width=\"450\" height=\"354\" srcset=\"https:\/\/jornalcontato.com.br\/home\/wp-content\/uploads\/2017\/10\/Cunha-e-esposa-recortada-450x354.jpg 450w, https:\/\/jornalcontato.com.br\/home\/wp-content\/uploads\/2017\/10\/Cunha-e-esposa-recortada-300x236.jpg 300w, https:\/\/jornalcontato.com.br\/home\/wp-content\/uploads\/2017\/10\/Cunha-e-esposa-recortada.jpg 689w\" sizes=\"auto, (max-width: 450px) 100vw, 450px\" \/><\/a><\/p>\n<p style=\"text-align: center;\"><em><strong>Eduardo Cunha e esposa, at\u00e9 ent\u00e3o um casal bem sucedido<\/strong><\/em><\/p>\n<p>Por isso Temer mandou o advogado distribuir a segunda nota, na qual ele negou ter imputado \u201ccrime\u201d a Maia, para amenizar a tens\u00e3o com o deputado. O governo teme que parlamentares que se dizem indecisos possam aproveitar o impacto dos v\u00eddeos para fazer novas cobran\u00e7as ao Planalto. A avalia\u00e7\u00e3o \u00e9 de que isso poderia aumentar o impacto dos apoios, mas n\u00e3o tornar invi\u00e1vel o arquivamento da den\u00fancia.<\/p>\n<p>Esta \u00e9, infelizmente, nossa trag\u00e9dia: revela\u00e7\u00f5es relevantes s\u00f3 servem para aumentar o custo da compra dos votos e n\u00e3o alterar\u00e3o a natureza deles. \u00c9 o caso de dizer que estamos no mato encarapitados na \u00e1rvore e acuados pela cachorrada. N\u00e3o nos basta o constrangimento de sermos governados por um acusado de forma consistente da participa\u00e7\u00e3o no mesmo processo de corrup\u00e7\u00e3o que levou \u00e0 deposi\u00e7\u00e3o da titular da chapa pela qual ele foi eleito e a uma mir\u00edade de processos penais contra o chefe partid\u00e1rio e de governo que comandou o assalto generalizado aos cofres da Rep\u00fablica. Este come\u00e7ou a ser condenado por esses crimes. Ainda somos obrigados a conviver com a luta pelo poder entre o presidente e seus aliados de \u00faltima hora pescados do do mais profundo pr\u00e9-sal moral e c\u00edvico.<\/p>\n<p style=\"text-align: right;\"><strong><em>*Jornalista, poeta e escritor<\/em><\/strong><\/p>\n","protected":false},"excerpt":{"rendered":"<p>Dela\u00e7\u00e3o de Funaro exp\u00f5e as v\u00edsceras do poder republicano em seu p\u00e9ssimo estado \u00a0 \u00a0 \u00a0 \u00a0 \u00a0 A divulga\u00e7\u00e3o dos v\u00eddeos da dela\u00e7\u00e3o premiada &#8230;<\/p>\n","protected":false},"author":1,"featured_media":15226,"comment_status":"open","ping_status":"open","sticky":false,"template":"","format":"standard","meta":{"footnotes":""},"categories":[1],"tags":[],"class_list":["post-15222","post","type-post","status-publish","format-standard","has-post-thumbnail","hentry","category-nacional"],"_links":{"self":[{"href":"https:\/\/www.jornalcontato.com.br\/home\/index.php\/wp-json\/wp\/v2\/posts\/15222","targetHints":{"allow":["GET"]}}],"collection":[{"href":"https:\/\/www.jornalcontato.com.br\/home\/index.php\/wp-json\/wp\/v2\/posts"}],"about":[{"href":"https:\/\/www.jornalcontato.com.br\/home\/index.php\/wp-json\/wp\/v2\/types\/post"}],"author":[{"embeddable":true,"href":"https:\/\/www.jornalcontato.com.br\/home\/index.php\/wp-json\/wp\/v2\/users\/1"}],"replies":[{"embeddable":true,"href":"https:\/\/www.jornalcontato.com.br\/home\/index.php\/wp-json\/wp\/v2\/comments?post=15222"}],"version-history":[{"count":3,"href":"https:\/\/www.jornalcontato.com.br\/home\/index.php\/wp-json\/wp\/v2\/posts\/15222\/revisions"}],"predecessor-version":[{"id":15232,"href":"https:\/\/www.jornalcontato.com.br\/home\/index.php\/wp-json\/wp\/v2\/posts\/15222\/revisions\/15232"}],"wp:featuredmedia":[{"embeddable":true,"href":"https:\/\/www.jornalcontato.com.br\/home\/index.php\/wp-json\/wp\/v2\/media\/15226"}],"wp:attachment":[{"href":"https:\/\/www.jornalcontato.com.br\/home\/index.php\/wp-json\/wp\/v2\/media?parent=15222"}],"wp:term":[{"taxonomy":"category","embeddable":true,"href":"https:\/\/www.jornalcontato.com.br\/home\/index.php\/wp-json\/wp\/v2\/categories?post=15222"},{"taxonomy":"post_tag","embeddable":true,"href":"https:\/\/www.jornalcontato.com.br\/home\/index.php\/wp-json\/wp\/v2\/tags?post=15222"}],"curies":[{"name":"wp","href":"https:\/\/api.w.org\/{rel}","templated":true}]}}