{"id":15214,"date":"2017-10-15T13:39:36","date_gmt":"2017-10-15T16:39:36","guid":{"rendered":"http:\/\/www.jornalcontato.com.br\/home\/?p=15214"},"modified":"2017-10-15T13:39:36","modified_gmt":"2017-10-15T16:39:36","slug":"genio-detalhista-aquiles-do-mpb4","status":"publish","type":"post","link":"https:\/\/www.jornalcontato.com.br\/home\/index.php\/genio-detalhista-aquiles-do-mpb4\/","title":{"rendered":"G\u00eanio detalhista ( Aquiles, do MPB4 )"},"content":{"rendered":"<p style=\"text-align: center;\"><em><strong>Se \u00e9 para o bem de todos e felicidade geral da na\u00e7\u00e3o, comunico: tem disco novo na pra\u00e7a, Avenida Atl\u00e2ntica \u2013 Guinga + Quarteto Carlos Gomes (selo SESC SP)<\/strong><\/em><!--more--><\/p>\n<p>\u00a0 \u00a0 \u00a0 \u00a0 \u00a0 Cada vez que eu ou\u00e7o Guinga descubro detalhes que antes n\u00e3o sacara. Desde as introdu\u00e7\u00f5es, passando pelas harmonias e melodias, sempre h\u00e1 finas minud\u00eancias a notar em sua obra \u2013 a essa altura grandiosa. Guinga \u00e9 um g\u00eanio detalhista. Seu dom se assemelha ao do ourives: ambos criam preciosidades e as entregam \u00e0 eternidade.<\/p>\n<p>Com o Quarteto Carlos Gomes, integrado pelos virtuosos Cl\u00e1udio Cruz, (regente e 1\u00ba violino), Adonhhiran Reis (2\u00ba violino), Gabriel Marin (viola) e Alceu Reis (violoncelo), Guinga gravou treze de suas composi\u00e7\u00f5es.<\/p>\n<p>Respons\u00e1vel pelos arranjos, valendo-se dos recursos das cordas do quarteto e do viol\u00e3o de Guinga, Paulo Arag\u00e3o concebeu sonoridades admir\u00e1veis.<\/p>\n<p>\u201cMeu Pai\u201d (Guinga) tem o quarteto na intro e no <em>intermezzo<\/em>, ambos remetendo-se \u00e0 melodia. Guinga \u00e9 emo\u00e7\u00e3o.<\/p>\n<p>Seu viol\u00e3o toca a intro de \u201cTom e Vin\u00edcius\u201d. O quarteto logo vem e todos v\u00e3o at\u00e9 restar viol\u00e3o e violino: clima prop\u00edcio \u00e0 reflex\u00e3o sobre o belo.<\/p>\n<p>\u201cOdalisca\u201d (Guinga e Aldir Blanc) tem o viol\u00e3o logo seguido pelas cordas. Juntos, seguem.<\/p>\n<p>\u201cChapliniana\u201d (Guinga) faz lembrar que Chaplin e Guinga t\u00eam tudo a ver. Viol\u00e3o e as cordas do quarteto, estas em<em> pizzicato<\/em>, conversam entre si.<\/p>\n<p><a href=\"http:\/\/jornalcontato.com.br\/home\/wp-content\/uploads\/2017\/10\/Guinga.jpg\"><img loading=\"lazy\" decoding=\"async\" class=\"aligncenter size-large wp-image-15215\" src=\"http:\/\/jornalcontato.com.br\/home\/wp-content\/uploads\/2017\/10\/Guinga-450x240.jpg\" alt=\"Guinga\" width=\"450\" height=\"240\" srcset=\"https:\/\/jornalcontato.com.br\/home\/wp-content\/uploads\/2017\/10\/Guinga-450x240.jpg 450w, https:\/\/jornalcontato.com.br\/home\/wp-content\/uploads\/2017\/10\/Guinga-300x160.jpg 300w, https:\/\/jornalcontato.com.br\/home\/wp-content\/uploads\/2017\/10\/Guinga.jpg 750w\" sizes=\"auto, (max-width: 450px) 100vw, 450px\" \/><\/a><\/p>\n<p style=\"text-align: center;\"><em><strong>Guinga<\/strong><\/em><\/p>\n<p>\u00a0 \u00a0 \u00a0 \u00a0 \u00a0 \u201cAvenida Atl\u00e2ntica\u201d (Guinga e Thiago Amud), al\u00e9m de ser linda e de titular o \u00e1lbum, tem intro com o quarteto remetendo a \u201cCopacabana\u201d (Braguinha e Alberto Ribeiro). A seguir chega Guinga, dedilhando o viol\u00e3o at\u00e9 que um acorde das cordas fecha a tampa. Meu Deus!<\/p>\n<p>Paulo Arag\u00e3o teve a ideia de ajuntar \u201cCapital\u201d (Guinga e Simone Guimar\u00e3es), \u201cCasa de Villa\u201d (Guinga e Mauro Aguiar) e \u201cHenriquieto\u201d (Guinga e Aldir Blanc), com elas concebendo a \u201cSu\u00edte Casa de Villa\u201d: o 1\u00ba movimento tem arranjo brejeiro para a m\u00fasica festiva; j\u00e1 o 2\u00ba \u00e9 mais denso e tem o cello em destaque; por fim, o 3\u00ba tem arranjo irrequieto&#8230; afinal, o t\u00edtulo do frevo \u00e9 \u201cHenriquieto\u201d.<\/p>\n<p>\u201cDomingo de Nazareth\u201d (Guinga) tem os violinos como destaque na intro. Entoando vocalises, v\u00eam Guinga e seu viol\u00e3o. Logo as dez m\u00e3os contraponteiam, brindando-nos com seus encantos.<\/p>\n<p>Para \u201cSaci\u201d (Guinga e Paulinho Pinheiro), Guinga comp\u00f4s nova intro (ah!, suas intros sempre inspiradas). A for\u00e7a da m\u00fasica cresce com um desenho do cello. No <em>intermezzo<\/em> os violinos, em <em>pizzicato<\/em>, dialogam&#8230; Deus do c\u00e9u!<\/p>\n<p>Em \u201cPar Constante\u201d (Guinga e Aldir Blanc), Guinga inicia com vocalises, enquanto o quarteto brilha no arranjo.<\/p>\n<p>\u201cPucciniana\u201d (Guinga) tem intro das cordas. Guinga entoa vocalises que exigem seus graves. As cordas tocam delicadamente, como se desejassem ouvir a voz do g\u00eanio desassossegado.<\/p>\n<p>\u201cCan\u00e7\u00e3o da Imperman\u00eancia\u201d (Guinga) fecha a tampa de forma incontestavelmente sublime. As cordas v\u00eam, e v\u00eam com a eleg\u00e2ncia virtuosa de sempre. Com elas, a m\u00fasica de Guinga sobe mais alguns degraus da pir\u00e2mide art\u00edstica que representa o of\u00edcio de fazer da m\u00fasica algo de m\u00edstica espiritualidade.<\/p>\n<p style=\"text-align: right;\"><strong><em>Aquiles Rique Reis<\/em><\/strong><em>, vocalista do MPB4<\/em><\/p>\n","protected":false},"excerpt":{"rendered":"<p>Se \u00e9 para o bem de todos e felicidade geral da na\u00e7\u00e3o, comunico: tem disco novo na pra\u00e7a, Avenida Atl\u00e2ntica \u2013 Guinga + Quarteto Carlos &#8230;<\/p>\n","protected":false},"author":1,"featured_media":15216,"comment_status":"open","ping_status":"open","sticky":false,"template":"","format":"standard","meta":{"footnotes":""},"categories":[1],"tags":[],"class_list":["post-15214","post","type-post","status-publish","format-standard","has-post-thumbnail","hentry","category-nacional"],"_links":{"self":[{"href":"https:\/\/www.jornalcontato.com.br\/home\/index.php\/wp-json\/wp\/v2\/posts\/15214","targetHints":{"allow":["GET"]}}],"collection":[{"href":"https:\/\/www.jornalcontato.com.br\/home\/index.php\/wp-json\/wp\/v2\/posts"}],"about":[{"href":"https:\/\/www.jornalcontato.com.br\/home\/index.php\/wp-json\/wp\/v2\/types\/post"}],"author":[{"embeddable":true,"href":"https:\/\/www.jornalcontato.com.br\/home\/index.php\/wp-json\/wp\/v2\/users\/1"}],"replies":[{"embeddable":true,"href":"https:\/\/www.jornalcontato.com.br\/home\/index.php\/wp-json\/wp\/v2\/comments?post=15214"}],"version-history":[{"count":1,"href":"https:\/\/www.jornalcontato.com.br\/home\/index.php\/wp-json\/wp\/v2\/posts\/15214\/revisions"}],"predecessor-version":[{"id":15217,"href":"https:\/\/www.jornalcontato.com.br\/home\/index.php\/wp-json\/wp\/v2\/posts\/15214\/revisions\/15217"}],"wp:featuredmedia":[{"embeddable":true,"href":"https:\/\/www.jornalcontato.com.br\/home\/index.php\/wp-json\/wp\/v2\/media\/15216"}],"wp:attachment":[{"href":"https:\/\/www.jornalcontato.com.br\/home\/index.php\/wp-json\/wp\/v2\/media?parent=15214"}],"wp:term":[{"taxonomy":"category","embeddable":true,"href":"https:\/\/www.jornalcontato.com.br\/home\/index.php\/wp-json\/wp\/v2\/categories?post=15214"},{"taxonomy":"post_tag","embeddable":true,"href":"https:\/\/www.jornalcontato.com.br\/home\/index.php\/wp-json\/wp\/v2\/tags?post=15214"}],"curies":[{"name":"wp","href":"https:\/\/api.w.org\/{rel}","templated":true}]}}